{"id":2415,"date":"2016-08-26T15:45:50","date_gmt":"2016-08-26T13:45:50","guid":{"rendered":"https:\/\/ajedreztabiyaalcoy.es\/club\/?p=2415"},"modified":"2016-08-26T16:44:10","modified_gmt":"2016-08-26T14:44:10","slug":"torneo-de-ajedrez-en-la-semana-cultural-de-beniarres-2016-hugo-reig-vuelve-a-ganar","status":"publish","type":"post","link":"http:\/\/ajedreztabiyaalcoy.es\/club\/torneo-de-ajedrez-en-la-semana-cultural-de-beniarres-2016-hugo-reig-vuelve-a-ganar\/","title":{"rendered":"TORNEO  DE  AJEDREZ  EN  LA  SEMANA  CULTURAL  DE  BENIARR\u00c9S  2016  \u00a1\u00a1 HUGO  REIG  VUELVE A GANAR !!"},"content":{"rendered":"<div id=\"attachment_1644\" style=\"width: 787px\" class=\"wp-caption aligncenter\"><a href=\"https:\/\/ajedreztabiyaalcoy.es\/club\/wp-content\/uploads\/2015\/08\/CIMG6268.jpg\" target=\"_blank\"><img loading=\"lazy\" decoding=\"async\" aria-describedby=\"caption-attachment-1644\" class=\"wp-image-1644\" src=\"https:\/\/ajedreztabiyaalcoy.es\/club\/wp-content\/uploads\/2015\/08\/CIMG6268.jpg\" width=\"777\" height=\"583\" srcset=\"http:\/\/ajedreztabiyaalcoy.es\/club\/wp-content\/uploads\/2015\/08\/CIMG6268.jpg 1024w, http:\/\/ajedreztabiyaalcoy.es\/club\/wp-content\/uploads\/2015\/08\/CIMG6268-300x225.jpg 300w, http:\/\/ajedreztabiyaalcoy.es\/club\/wp-content\/uploads\/2015\/08\/CIMG6268-768x576.jpg 768w, http:\/\/ajedreztabiyaalcoy.es\/club\/wp-content\/uploads\/2015\/08\/CIMG6268-50x38.jpg 50w\" sizes=\"auto, (max-width: 777px) 100vw, 777px\" \/><\/a><p id=\"caption-attachment-1644\" class=\"wp-caption-text\">Beniarr\u00e9s, con el pantano que lleva su nombre, y la impresionante monta\u00f1a del Benicadell al fondo<\/p><\/div>\n<p style=\"text-align: justify;\">Para los amantes de la naturaleza, Beniarr\u00e9s situada en el valle de Perpuchente \u00f3 vall de Perputxent en valenciano, ofrece diversas rutas y excursiones de monta\u00f1a muy bonitas, una de las m\u00e1s interesantes es la subida a la cumbre de la monta\u00f1a del Benicadell de 1.104 metros, con\u00a0maravillosas vistas desde su impresionante cresta, que separa las provincias de Valencia y Alicante.<\/p>\n<p style=\"text-align: justify;\">Una buena p\u00e1gina Web que habla de ello, con excursiones, fotograf\u00edas, y datos, es\u00a0<span style=\"color: #800080;\"><a style=\"color: #800080;\" href=\"http:\/\/vaigapeu.blogspot.com.es\/2015\/05\/desde-beniarres-el-benicadell-per-el.html\">http:\/\/vaigapeu.blogspot.com.es\/2015\/05\/desde-beniarres-el-benicadell-per-el.html<\/a>\u00a0<\/span>. Os la recomendamos.<\/p>\n<p style=\"text-align: justify;\">Se ha celebrado en Agosto en Beniarr\u00e9s unas actividades deportivas y culturales, con motivo de su <strong>Semana Cultural<\/strong>. Dichas actividades han estado organizadas por el Ayuntamiento de Beniarr\u00e9s. En la actividad de Ajedrez se realiz\u00f3 un torneo por eliminatorias, en partidas de 10 minutos por jugador, llevando la Direcci\u00f3n T\u00e9cnica el Club de Ajedrez Cocentaina.<\/p>\n<p style=\"text-align: justify;\"><a href=\"https:\/\/ajedreztabiyaalcoy.es\/club\/wp-content\/uploads\/2016\/08\/1-Vista-general-del-torneo.jpg\" target=\"_blank\"><img loading=\"lazy\" decoding=\"async\" class=\"aligncenter wp-image-2420\" src=\"https:\/\/ajedreztabiyaalcoy.es\/club\/wp-content\/uploads\/2016\/08\/1-Vista-general-del-torneo.jpg\" alt=\"1-Vista general del torneo\" width=\"777\" height=\"541\" srcset=\"http:\/\/ajedreztabiyaalcoy.es\/club\/wp-content\/uploads\/2016\/08\/1-Vista-general-del-torneo.jpg 1055w, http:\/\/ajedreztabiyaalcoy.es\/club\/wp-content\/uploads\/2016\/08\/1-Vista-general-del-torneo-300x209.jpg 300w, http:\/\/ajedreztabiyaalcoy.es\/club\/wp-content\/uploads\/2016\/08\/1-Vista-general-del-torneo-768x535.jpg 768w, http:\/\/ajedreztabiyaalcoy.es\/club\/wp-content\/uploads\/2016\/08\/1-Vista-general-del-torneo-1024x713.jpg 1024w, http:\/\/ajedreztabiyaalcoy.es\/club\/wp-content\/uploads\/2016\/08\/1-Vista-general-del-torneo-50x35.jpg 50w\" sizes=\"auto, (max-width: 777px) 100vw, 777px\" \/><\/a><\/p>\n<p style=\"text-align: justify;\"><a href=\"https:\/\/ajedreztabiyaalcoy.es\/club\/wp-content\/uploads\/2016\/08\/2-Vista-general-del-torneo.jpg\" target=\"_blank\"><img loading=\"lazy\" decoding=\"async\" class=\"aligncenter wp-image-2421\" src=\"https:\/\/ajedreztabiyaalcoy.es\/club\/wp-content\/uploads\/2016\/08\/2-Vista-general-del-torneo.jpg\" alt=\"2-Vista general del torneo\" width=\"777\" height=\"523\" srcset=\"http:\/\/ajedreztabiyaalcoy.es\/club\/wp-content\/uploads\/2016\/08\/2-Vista-general-del-torneo.jpg 1093w, http:\/\/ajedreztabiyaalcoy.es\/club\/wp-content\/uploads\/2016\/08\/2-Vista-general-del-torneo-300x202.jpg 300w, http:\/\/ajedreztabiyaalcoy.es\/club\/wp-content\/uploads\/2016\/08\/2-Vista-general-del-torneo-768x516.jpg 768w, http:\/\/ajedreztabiyaalcoy.es\/club\/wp-content\/uploads\/2016\/08\/2-Vista-general-del-torneo-1024x689.jpg 1024w, http:\/\/ajedreztabiyaalcoy.es\/club\/wp-content\/uploads\/2016\/08\/2-Vista-general-del-torneo-50x34.jpg 50w\" sizes=\"auto, (max-width: 777px) 100vw, 777px\" \/><\/a><\/p>\n<p style=\"text-align: justify;\">Participaron 27 ni\u00f1os y j\u00f3venes de categor\u00edas benjam\u00edn, alev\u00edn, e infantil, procedentes de Beniarr\u00e9s, Alcoy, Muro, Cocentaina, y de la provincia de Valencia. Todos ellos demostraron un buen nivel y una excelente deportividad. Tambi\u00e9n hubo partidas amistosas que pudieron jugar m\u00e1s aficionados.<\/p>\n<p><div id=\"attachment_2422\" style=\"width: 787px\" class=\"wp-caption aligncenter\"><a href=\"https:\/\/ajedreztabiyaalcoy.es\/club\/wp-content\/uploads\/2016\/08\/5-Eliminatorias.jpg\" target=\"_blank\"><img loading=\"lazy\" decoding=\"async\" aria-describedby=\"caption-attachment-2422\" class=\"wp-image-2422\" src=\"https:\/\/ajedreztabiyaalcoy.es\/club\/wp-content\/uploads\/2016\/08\/5-Eliminatorias.jpg\" width=\"777\" height=\"621\" srcset=\"http:\/\/ajedreztabiyaalcoy.es\/club\/wp-content\/uploads\/2016\/08\/5-Eliminatorias.jpg 1135w, http:\/\/ajedreztabiyaalcoy.es\/club\/wp-content\/uploads\/2016\/08\/5-Eliminatorias-300x240.jpg 300w, http:\/\/ajedreztabiyaalcoy.es\/club\/wp-content\/uploads\/2016\/08\/5-Eliminatorias-768x614.jpg 768w, http:\/\/ajedreztabiyaalcoy.es\/club\/wp-content\/uploads\/2016\/08\/5-Eliminatorias-1024x818.jpg 1024w, http:\/\/ajedreztabiyaalcoy.es\/club\/wp-content\/uploads\/2016\/08\/5-Eliminatorias-50x40.jpg 50w\" sizes=\"auto, (max-width: 777px) 100vw, 777px\" \/><\/a><p id=\"caption-attachment-2422\" class=\"wp-caption-text\">Eliminatorias<\/p><\/div> <div id=\"attachment_2423\" style=\"width: 787px\" class=\"wp-caption aligncenter\"><a href=\"https:\/\/ajedreztabiyaalcoy.es\/club\/wp-content\/uploads\/2016\/08\/6-Eliminatorias.jpg\" target=\"_blank\"><img loading=\"lazy\" decoding=\"async\" aria-describedby=\"caption-attachment-2423\" class=\"wp-image-2423\" src=\"https:\/\/ajedreztabiyaalcoy.es\/club\/wp-content\/uploads\/2016\/08\/6-Eliminatorias.jpg\" width=\"777\" height=\"532\" srcset=\"http:\/\/ajedreztabiyaalcoy.es\/club\/wp-content\/uploads\/2016\/08\/6-Eliminatorias.jpg 1324w, http:\/\/ajedreztabiyaalcoy.es\/club\/wp-content\/uploads\/2016\/08\/6-Eliminatorias-300x206.jpg 300w, http:\/\/ajedreztabiyaalcoy.es\/club\/wp-content\/uploads\/2016\/08\/6-Eliminatorias-768x526.jpg 768w, http:\/\/ajedreztabiyaalcoy.es\/club\/wp-content\/uploads\/2016\/08\/6-Eliminatorias-1024x701.jpg 1024w, http:\/\/ajedreztabiyaalcoy.es\/club\/wp-content\/uploads\/2016\/08\/6-Eliminatorias-50x34.jpg 50w\" sizes=\"auto, (max-width: 777px) 100vw, 777px\" \/><\/a><p id=\"caption-attachment-2423\" class=\"wp-caption-text\">Eliminatorias<\/p><\/div> <div id=\"attachment_2424\" style=\"width: 787px\" class=\"wp-caption aligncenter\"><a href=\"https:\/\/ajedreztabiyaalcoy.es\/club\/wp-content\/uploads\/2016\/08\/7-Eliminatorias.jpg\" target=\"_blank\"><img loading=\"lazy\" decoding=\"async\" aria-describedby=\"caption-attachment-2424\" class=\"wp-image-2424\" src=\"https:\/\/ajedreztabiyaalcoy.es\/club\/wp-content\/uploads\/2016\/08\/7-Eliminatorias.jpg\" width=\"777\" height=\"529\" srcset=\"http:\/\/ajedreztabiyaalcoy.es\/club\/wp-content\/uploads\/2016\/08\/7-Eliminatorias.jpg 1142w, http:\/\/ajedreztabiyaalcoy.es\/club\/wp-content\/uploads\/2016\/08\/7-Eliminatorias-300x204.jpg 300w, http:\/\/ajedreztabiyaalcoy.es\/club\/wp-content\/uploads\/2016\/08\/7-Eliminatorias-768x523.jpg 768w, http:\/\/ajedreztabiyaalcoy.es\/club\/wp-content\/uploads\/2016\/08\/7-Eliminatorias-1024x698.jpg 1024w, http:\/\/ajedreztabiyaalcoy.es\/club\/wp-content\/uploads\/2016\/08\/7-Eliminatorias-50x34.jpg 50w\" sizes=\"auto, (max-width: 777px) 100vw, 777px\" \/><\/a><p id=\"caption-attachment-2424\" class=\"wp-caption-text\">Eliminatorias<\/p><\/div> <div id=\"attachment_2425\" style=\"width: 787px\" class=\"wp-caption aligncenter\"><a href=\"https:\/\/ajedreztabiyaalcoy.es\/club\/wp-content\/uploads\/2016\/08\/8-Eliminatorias.jpg\" target=\"_blank\"><img loading=\"lazy\" decoding=\"async\" aria-describedby=\"caption-attachment-2425\" class=\"wp-image-2425\" src=\"https:\/\/ajedreztabiyaalcoy.es\/club\/wp-content\/uploads\/2016\/08\/8-Eliminatorias.jpg\" width=\"777\" height=\"529\" srcset=\"http:\/\/ajedreztabiyaalcoy.es\/club\/wp-content\/uploads\/2016\/08\/8-Eliminatorias.jpg 1143w, http:\/\/ajedreztabiyaalcoy.es\/club\/wp-content\/uploads\/2016\/08\/8-Eliminatorias-300x204.jpg 300w, http:\/\/ajedreztabiyaalcoy.es\/club\/wp-content\/uploads\/2016\/08\/8-Eliminatorias-768x523.jpg 768w, http:\/\/ajedreztabiyaalcoy.es\/club\/wp-content\/uploads\/2016\/08\/8-Eliminatorias-1024x697.jpg 1024w, http:\/\/ajedreztabiyaalcoy.es\/club\/wp-content\/uploads\/2016\/08\/8-Eliminatorias-50x34.jpg 50w\" sizes=\"auto, (max-width: 777px) 100vw, 777px\" \/><\/a><p id=\"caption-attachment-2425\" class=\"wp-caption-text\">Eliminatorias<\/p><\/div><\/p>\n<p><a href=\"https:\/\/ajedreztabiyaalcoy.es\/club\/wp-content\/uploads\/2016\/08\/3-Vista-general-del-torneo.jpg\" target=\"_blank\"><img loading=\"lazy\" decoding=\"async\" class=\"aligncenter wp-image-2426\" src=\"https:\/\/ajedreztabiyaalcoy.es\/club\/wp-content\/uploads\/2016\/08\/3-Vista-general-del-torneo.jpg\" alt=\"3-Vista general del torneo\" width=\"777\" height=\"522\" srcset=\"http:\/\/ajedreztabiyaalcoy.es\/club\/wp-content\/uploads\/2016\/08\/3-Vista-general-del-torneo.jpg 1159w, http:\/\/ajedreztabiyaalcoy.es\/club\/wp-content\/uploads\/2016\/08\/3-Vista-general-del-torneo-300x201.jpg 300w, http:\/\/ajedreztabiyaalcoy.es\/club\/wp-content\/uploads\/2016\/08\/3-Vista-general-del-torneo-768x516.jpg 768w, http:\/\/ajedreztabiyaalcoy.es\/club\/wp-content\/uploads\/2016\/08\/3-Vista-general-del-torneo-1024x687.jpg 1024w, http:\/\/ajedreztabiyaalcoy.es\/club\/wp-content\/uploads\/2016\/08\/3-Vista-general-del-torneo-50x34.jpg 50w\" sizes=\"auto, (max-width: 777px) 100vw, 777px\" \/><\/a><\/p>\n<p><a href=\"https:\/\/ajedreztabiyaalcoy.es\/club\/wp-content\/uploads\/2016\/08\/4-Vista-general-del-torneo.jpg\" target=\"_blank\"><img loading=\"lazy\" decoding=\"async\" class=\"aligncenter wp-image-2427\" src=\"https:\/\/ajedreztabiyaalcoy.es\/club\/wp-content\/uploads\/2016\/08\/4-Vista-general-del-torneo.jpg\" alt=\"4-Vista general del torneo\" width=\"777\" height=\"518\" srcset=\"http:\/\/ajedreztabiyaalcoy.es\/club\/wp-content\/uploads\/2016\/08\/4-Vista-general-del-torneo.jpg 1166w, http:\/\/ajedreztabiyaalcoy.es\/club\/wp-content\/uploads\/2016\/08\/4-Vista-general-del-torneo-300x200.jpg 300w, http:\/\/ajedreztabiyaalcoy.es\/club\/wp-content\/uploads\/2016\/08\/4-Vista-general-del-torneo-768x512.jpg 768w, http:\/\/ajedreztabiyaalcoy.es\/club\/wp-content\/uploads\/2016\/08\/4-Vista-general-del-torneo-1024x683.jpg 1024w, http:\/\/ajedreztabiyaalcoy.es\/club\/wp-content\/uploads\/2016\/08\/4-Vista-general-del-torneo-50x33.jpg 50w\" sizes=\"auto, (max-width: 777px) 100vw, 777px\" \/><\/a><\/p>\n<p><div id=\"attachment_2428\" style=\"width: 787px\" class=\"wp-caption aligncenter\"><a href=\"https:\/\/ajedreztabiyaalcoy.es\/club\/wp-content\/uploads\/2016\/08\/9-Eliminatorias.jpg\" target=\"_blank\"><img loading=\"lazy\" decoding=\"async\" aria-describedby=\"caption-attachment-2428\" class=\"wp-image-2428\" src=\"https:\/\/ajedreztabiyaalcoy.es\/club\/wp-content\/uploads\/2016\/08\/9-Eliminatorias.jpg\" width=\"777\" height=\"651\" srcset=\"http:\/\/ajedreztabiyaalcoy.es\/club\/wp-content\/uploads\/2016\/08\/9-Eliminatorias.jpg 928w, http:\/\/ajedreztabiyaalcoy.es\/club\/wp-content\/uploads\/2016\/08\/9-Eliminatorias-300x252.jpg 300w, http:\/\/ajedreztabiyaalcoy.es\/club\/wp-content\/uploads\/2016\/08\/9-Eliminatorias-768x644.jpg 768w, http:\/\/ajedreztabiyaalcoy.es\/club\/wp-content\/uploads\/2016\/08\/9-Eliminatorias-50x42.jpg 50w\" sizes=\"auto, (max-width: 777px) 100vw, 777px\" \/><\/a><p id=\"caption-attachment-2428\" class=\"wp-caption-text\">Eliminatorias<\/p><\/div> <div id=\"attachment_2429\" style=\"width: 787px\" class=\"wp-caption aligncenter\"><a href=\"https:\/\/ajedreztabiyaalcoy.es\/club\/wp-content\/uploads\/2016\/08\/10-Eliminatorias.jpg\" target=\"_blank\"><img loading=\"lazy\" decoding=\"async\" aria-describedby=\"caption-attachment-2429\" class=\"wp-image-2429\" src=\"https:\/\/ajedreztabiyaalcoy.es\/club\/wp-content\/uploads\/2016\/08\/10-Eliminatorias.jpg\" width=\"777\" height=\"547\" srcset=\"http:\/\/ajedreztabiyaalcoy.es\/club\/wp-content\/uploads\/2016\/08\/10-Eliminatorias.jpg 1100w, http:\/\/ajedreztabiyaalcoy.es\/club\/wp-content\/uploads\/2016\/08\/10-Eliminatorias-300x211.jpg 300w, http:\/\/ajedreztabiyaalcoy.es\/club\/wp-content\/uploads\/2016\/08\/10-Eliminatorias-768x540.jpg 768w, http:\/\/ajedreztabiyaalcoy.es\/club\/wp-content\/uploads\/2016\/08\/10-Eliminatorias-1024x721.jpg 1024w, http:\/\/ajedreztabiyaalcoy.es\/club\/wp-content\/uploads\/2016\/08\/10-Eliminatorias-50x35.jpg 50w\" sizes=\"auto, (max-width: 777px) 100vw, 777px\" \/><\/a><p id=\"caption-attachment-2429\" class=\"wp-caption-text\">Eliminatorias<\/p><\/div> <div id=\"attachment_2430\" style=\"width: 787px\" class=\"wp-caption aligncenter\"><a href=\"https:\/\/ajedreztabiyaalcoy.es\/club\/wp-content\/uploads\/2016\/08\/11-Eliminatorias.jpg\" target=\"_blank\"><img loading=\"lazy\" decoding=\"async\" aria-describedby=\"caption-attachment-2430\" class=\"wp-image-2430\" src=\"https:\/\/ajedreztabiyaalcoy.es\/club\/wp-content\/uploads\/2016\/08\/11-Eliminatorias.jpg\" width=\"777\" height=\"518\" srcset=\"http:\/\/ajedreztabiyaalcoy.es\/club\/wp-content\/uploads\/2016\/08\/11-Eliminatorias.jpg 1166w, http:\/\/ajedreztabiyaalcoy.es\/club\/wp-content\/uploads\/2016\/08\/11-Eliminatorias-300x200.jpg 300w, http:\/\/ajedreztabiyaalcoy.es\/club\/wp-content\/uploads\/2016\/08\/11-Eliminatorias-768x512.jpg 768w, http:\/\/ajedreztabiyaalcoy.es\/club\/wp-content\/uploads\/2016\/08\/11-Eliminatorias-1024x683.jpg 1024w, http:\/\/ajedreztabiyaalcoy.es\/club\/wp-content\/uploads\/2016\/08\/11-Eliminatorias-50x33.jpg 50w\" sizes=\"auto, (max-width: 777px) 100vw, 777px\" \/><\/a><p id=\"caption-attachment-2430\" class=\"wp-caption-text\">Eliminatorias<\/p><\/div> <div id=\"attachment_2431\" style=\"width: 787px\" class=\"wp-caption aligncenter\"><a href=\"https:\/\/ajedreztabiyaalcoy.es\/club\/wp-content\/uploads\/2016\/08\/12-Dura-lucha-para-entrar-dentro-de-los-4-mejores-entre-Victor-Navarro-izq-y-Mar-Tom\u00e1s-dcha.jpg\" target=\"_blank\"><img loading=\"lazy\" decoding=\"async\" aria-describedby=\"caption-attachment-2431\" class=\"wp-image-2431\" src=\"https:\/\/ajedreztabiyaalcoy.es\/club\/wp-content\/uploads\/2016\/08\/12-Dura-lucha-para-entrar-dentro-de-los-4-mejores-entre-Victor-Navarro-izq-y-Mar-Tom\u00e1s-dcha.jpg\" width=\"777\" height=\"681\" srcset=\"http:\/\/ajedreztabiyaalcoy.es\/club\/wp-content\/uploads\/2016\/08\/12-Dura-lucha-para-entrar-dentro-de-los-4-mejores-entre-Victor-Navarro-izq-y-Mar-Tom\u00e1s-dcha.jpg 1035w, http:\/\/ajedreztabiyaalcoy.es\/club\/wp-content\/uploads\/2016\/08\/12-Dura-lucha-para-entrar-dentro-de-los-4-mejores-entre-Victor-Navarro-izq-y-Mar-Tom\u00e1s-dcha-300x263.jpg 300w, http:\/\/ajedreztabiyaalcoy.es\/club\/wp-content\/uploads\/2016\/08\/12-Dura-lucha-para-entrar-dentro-de-los-4-mejores-entre-Victor-Navarro-izq-y-Mar-Tom\u00e1s-dcha-768x673.jpg 768w, http:\/\/ajedreztabiyaalcoy.es\/club\/wp-content\/uploads\/2016\/08\/12-Dura-lucha-para-entrar-dentro-de-los-4-mejores-entre-Victor-Navarro-izq-y-Mar-Tom\u00e1s-dcha-1024x897.jpg 1024w, http:\/\/ajedreztabiyaalcoy.es\/club\/wp-content\/uploads\/2016\/08\/12-Dura-lucha-para-entrar-dentro-de-los-4-mejores-entre-Victor-Navarro-izq-y-Mar-Tom\u00e1s-dcha-50x44.jpg 50w\" sizes=\"auto, (max-width: 777px) 100vw, 777px\" \/><\/a><p id=\"caption-attachment-2431\" class=\"wp-caption-text\">Dura lucha para entrar dentro de los 4 mejores entre Victor Navarro (izq) y Mar Tom\u00e1s (dcha)<\/p><\/div> <div id=\"attachment_2432\" style=\"width: 787px\" class=\"wp-caption aligncenter\"><a href=\"https:\/\/ajedreztabiyaalcoy.es\/club\/wp-content\/uploads\/2016\/08\/13-Diego-Vall\u00e9s-izq-venci\u00f3-a-Marc-Segu\u00ed-dcha.jpg\" target=\"_blank\"><img loading=\"lazy\" decoding=\"async\" aria-describedby=\"caption-attachment-2432\" class=\"wp-image-2432\" src=\"https:\/\/ajedreztabiyaalcoy.es\/club\/wp-content\/uploads\/2016\/08\/13-Diego-Vall\u00e9s-izq-venci\u00f3-a-Marc-Segu\u00ed-dcha.jpg\" width=\"777\" height=\"518\" srcset=\"http:\/\/ajedreztabiyaalcoy.es\/club\/wp-content\/uploads\/2016\/08\/13-Diego-Vall\u00e9s-izq-venci\u00f3-a-Marc-Segu\u00ed-dcha.jpg 1166w, http:\/\/ajedreztabiyaalcoy.es\/club\/wp-content\/uploads\/2016\/08\/13-Diego-Vall\u00e9s-izq-venci\u00f3-a-Marc-Segu\u00ed-dcha-300x200.jpg 300w, http:\/\/ajedreztabiyaalcoy.es\/club\/wp-content\/uploads\/2016\/08\/13-Diego-Vall\u00e9s-izq-venci\u00f3-a-Marc-Segu\u00ed-dcha-768x512.jpg 768w, http:\/\/ajedreztabiyaalcoy.es\/club\/wp-content\/uploads\/2016\/08\/13-Diego-Vall\u00e9s-izq-venci\u00f3-a-Marc-Segu\u00ed-dcha-1024x683.jpg 1024w, http:\/\/ajedreztabiyaalcoy.es\/club\/wp-content\/uploads\/2016\/08\/13-Diego-Vall\u00e9s-izq-venci\u00f3-a-Marc-Segu\u00ed-dcha-50x33.jpg 50w\" sizes=\"auto, (max-width: 777px) 100vw, 777px\" \/><\/a><p id=\"caption-attachment-2432\" class=\"wp-caption-text\">Diego Vall\u00e9s (izq) venci\u00f3 a Marc Segu\u00ed (dcha)<\/p><\/div><\/p>\n<p style=\"text-align: justify;\">Llegaron a la semifinal 4 buenos jugadores. 1 de Beniarr\u00e9s, <strong>Guillem Prats<\/strong>; 1 de Muro, <strong>Victor Navarro<\/strong>; 1 de La Canyada (Valencia), <strong>Hugo Reig<\/strong> de 9 a\u00f1os de edad, Campe\u00f3n del a\u00f1o pasado; y 1 de Alcoy, <strong>Diego Vall\u00e9s<\/strong> de 8 a\u00f1os de edad. Tanto <strong>Hugo Reig<\/strong> como <strong>Diego Vall\u00e9s<\/strong> fueron la sensaci\u00f3n del torneo al ganar a jugadores mucho m\u00e1s mayores y experimentados. La final que fue muy emocionante la jugaron igual que el a\u00f1o pasado <strong>Hugo Reig<\/strong> y <strong>Guillem Prats<\/strong>, ganando de nuevo <strong>Hugo Reig<\/strong> de La Canyada (Valencia) que se proclam\u00f3 Campe\u00f3n recibiendo un bonito trofeo y una magn\u00edfica enciclopedia de ajedrez. Subcampe\u00f3n qued\u00f3 <strong>Guillem Prats<\/strong> de Beniarr\u00e9s que tambi\u00e9n recibi\u00f3 trofeo y enciclopedia de ajedrez, 3\u00ba <strong>Diego Vall\u00e9s<\/strong> de Alcoy, y 4\u00ba <strong>Victor Navarro<\/strong> de Muro.<\/p>\n<p><div id=\"attachment_2433\" style=\"width: 787px\" class=\"wp-caption aligncenter\"><a href=\"https:\/\/ajedreztabiyaalcoy.es\/club\/wp-content\/uploads\/2016\/08\/14-Los-4-finalistas-del-torneo.-Los-ganadores-de-los-encuentros-luchar\u00e1n-por-el-t\u00edtulo-de-Campe\u00f3n.jpg\" target=\"_blank\"><img loading=\"lazy\" decoding=\"async\" aria-describedby=\"caption-attachment-2433\" class=\"wp-image-2433\" src=\"https:\/\/ajedreztabiyaalcoy.es\/club\/wp-content\/uploads\/2016\/08\/14-Los-4-finalistas-del-torneo.-Los-ganadores-de-los-encuentros-luchar\u00e1n-por-el-t\u00edtulo-de-Campe\u00f3n.jpg\" width=\"777\" height=\"518\" srcset=\"http:\/\/ajedreztabiyaalcoy.es\/club\/wp-content\/uploads\/2016\/08\/14-Los-4-finalistas-del-torneo.-Los-ganadores-de-los-encuentros-luchar\u00e1n-por-el-t\u00edtulo-de-Campe\u00f3n.jpg 1166w, http:\/\/ajedreztabiyaalcoy.es\/club\/wp-content\/uploads\/2016\/08\/14-Los-4-finalistas-del-torneo.-Los-ganadores-de-los-encuentros-luchar\u00e1n-por-el-t\u00edtulo-de-Campe\u00f3n-300x200.jpg 300w, http:\/\/ajedreztabiyaalcoy.es\/club\/wp-content\/uploads\/2016\/08\/14-Los-4-finalistas-del-torneo.-Los-ganadores-de-los-encuentros-luchar\u00e1n-por-el-t\u00edtulo-de-Campe\u00f3n-768x512.jpg 768w, http:\/\/ajedreztabiyaalcoy.es\/club\/wp-content\/uploads\/2016\/08\/14-Los-4-finalistas-del-torneo.-Los-ganadores-de-los-encuentros-luchar\u00e1n-por-el-t\u00edtulo-de-Campe\u00f3n-1024x683.jpg 1024w, http:\/\/ajedreztabiyaalcoy.es\/club\/wp-content\/uploads\/2016\/08\/14-Los-4-finalistas-del-torneo.-Los-ganadores-de-los-encuentros-luchar\u00e1n-por-el-t\u00edtulo-de-Campe\u00f3n-50x33.jpg 50w\" sizes=\"auto, (max-width: 777px) 100vw, 777px\" \/><\/a><p id=\"caption-attachment-2433\" class=\"wp-caption-text\">Los 4 finalistas del torneo. Los ganadores de los encuentros luchar\u00e1n por el t\u00edtulo de Campe\u00f3n<\/p><\/div> <div id=\"attachment_2434\" style=\"width: 787px\" class=\"wp-caption aligncenter\"><a href=\"https:\/\/ajedreztabiyaalcoy.es\/club\/wp-content\/uploads\/2016\/08\/15-Los-4-finalistas-del-torneo-en-plena-Semifinal.jpg\" target=\"_blank\"><img loading=\"lazy\" decoding=\"async\" aria-describedby=\"caption-attachment-2434\" class=\"wp-image-2434\" src=\"https:\/\/ajedreztabiyaalcoy.es\/club\/wp-content\/uploads\/2016\/08\/15-Los-4-finalistas-del-torneo-en-plena-Semifinal.jpg\" width=\"777\" height=\"621\" srcset=\"http:\/\/ajedreztabiyaalcoy.es\/club\/wp-content\/uploads\/2016\/08\/15-Los-4-finalistas-del-torneo-en-plena-Semifinal.jpg 1135w, http:\/\/ajedreztabiyaalcoy.es\/club\/wp-content\/uploads\/2016\/08\/15-Los-4-finalistas-del-torneo-en-plena-Semifinal-300x240.jpg 300w, http:\/\/ajedreztabiyaalcoy.es\/club\/wp-content\/uploads\/2016\/08\/15-Los-4-finalistas-del-torneo-en-plena-Semifinal-768x614.jpg 768w, http:\/\/ajedreztabiyaalcoy.es\/club\/wp-content\/uploads\/2016\/08\/15-Los-4-finalistas-del-torneo-en-plena-Semifinal-1024x818.jpg 1024w, http:\/\/ajedreztabiyaalcoy.es\/club\/wp-content\/uploads\/2016\/08\/15-Los-4-finalistas-del-torneo-en-plena-Semifinal-50x40.jpg 50w\" sizes=\"auto, (max-width: 777px) 100vw, 777px\" \/><\/a><p id=\"caption-attachment-2434\" class=\"wp-caption-text\">Los 4 finalistas del torneo en plena Semifinal<\/p><\/div> <div id=\"attachment_2435\" style=\"width: 787px\" class=\"wp-caption aligncenter\"><a href=\"https:\/\/ajedreztabiyaalcoy.es\/club\/wp-content\/uploads\/2016\/08\/16-Final-del-torneo-con-mate.-En-primer-plano-Campe\u00f3n-Hugo-Reig-izq-y-2\u00ba-Guillem-Prats-dcha.jpg\" target=\"_blank\"><img loading=\"lazy\" decoding=\"async\" aria-describedby=\"caption-attachment-2435\" class=\"wp-image-2435\" src=\"https:\/\/ajedreztabiyaalcoy.es\/club\/wp-content\/uploads\/2016\/08\/16-Final-del-torneo-con-mate.-En-primer-plano-Campe\u00f3n-Hugo-Reig-izq-y-2\u00ba-Guillem-Prats-dcha.jpg\" width=\"777\" height=\"531\" srcset=\"http:\/\/ajedreztabiyaalcoy.es\/club\/wp-content\/uploads\/2016\/08\/16-Final-del-torneo-con-mate.-En-primer-plano-Campe\u00f3n-Hugo-Reig-izq-y-2\u00ba-Guillem-Prats-dcha.jpg 1138w, http:\/\/ajedreztabiyaalcoy.es\/club\/wp-content\/uploads\/2016\/08\/16-Final-del-torneo-con-mate.-En-primer-plano-Campe\u00f3n-Hugo-Reig-izq-y-2\u00ba-Guillem-Prats-dcha-300x205.jpg 300w, http:\/\/ajedreztabiyaalcoy.es\/club\/wp-content\/uploads\/2016\/08\/16-Final-del-torneo-con-mate.-En-primer-plano-Campe\u00f3n-Hugo-Reig-izq-y-2\u00ba-Guillem-Prats-dcha-768x525.jpg 768w, http:\/\/ajedreztabiyaalcoy.es\/club\/wp-content\/uploads\/2016\/08\/16-Final-del-torneo-con-mate.-En-primer-plano-Campe\u00f3n-Hugo-Reig-izq-y-2\u00ba-Guillem-Prats-dcha-1024x700.jpg 1024w, http:\/\/ajedreztabiyaalcoy.es\/club\/wp-content\/uploads\/2016\/08\/16-Final-del-torneo-con-mate.-En-primer-plano-Campe\u00f3n-Hugo-Reig-izq-y-2\u00ba-Guillem-Prats-dcha-50x34.jpg 50w\" sizes=\"auto, (max-width: 777px) 100vw, 777px\" \/><\/a><p id=\"caption-attachment-2435\" class=\"wp-caption-text\">Final del torneo con mate. En primer plano &#8211; Campe\u00f3n Hugo Reig (izq) y 2\u00ba Guillem Prats (dcha)<\/p><\/div><\/p>\n<p style=\"text-align: justify;\">Estuvo presente en las diversas actividades y en el torneo de ajedrez el Alcalde de Beniarr\u00e9s <strong>D. Luis Tom\u00e1s<\/strong>, entregando los Premios el Concejal de Deportes <strong>D. Francisco Sell\u00e9s<\/strong>. Resaltar la excelente labor de promoci\u00f3n del ajedrez que ha realizado el Ayuntamiento de Beniarr\u00e9s con este torneo, donde todos los participantes disfrutaron de sus partidas en un buen ambiente.<\/p>\n<p><div id=\"attachment_2436\" style=\"width: 410px\" class=\"wp-caption aligncenter\"><a href=\"https:\/\/ajedreztabiyaalcoy.es\/club\/wp-content\/uploads\/2016\/08\/21-El-Campe\u00f3n-Hugo-Reig.jpg\" target=\"_blank\"><img loading=\"lazy\" decoding=\"async\" aria-describedby=\"caption-attachment-2436\" class=\"wp-image-2436\" src=\"https:\/\/ajedreztabiyaalcoy.es\/club\/wp-content\/uploads\/2016\/08\/21-El-Campe\u00f3n-Hugo-Reig-501x1024.jpg\" width=\"400\" height=\"817\" srcset=\"http:\/\/ajedreztabiyaalcoy.es\/club\/wp-content\/uploads\/2016\/08\/21-El-Campe\u00f3n-Hugo-Reig-501x1024.jpg 501w, http:\/\/ajedreztabiyaalcoy.es\/club\/wp-content\/uploads\/2016\/08\/21-El-Campe\u00f3n-Hugo-Reig-147x300.jpg 147w, http:\/\/ajedreztabiyaalcoy.es\/club\/wp-content\/uploads\/2016\/08\/21-El-Campe\u00f3n-Hugo-Reig-24x50.jpg 24w, http:\/\/ajedreztabiyaalcoy.es\/club\/wp-content\/uploads\/2016\/08\/21-El-Campe\u00f3n-Hugo-Reig.jpg 698w\" sizes=\"auto, (max-width: 400px) 100vw, 400px\" \/><\/a><p id=\"caption-attachment-2436\" class=\"wp-caption-text\">El Campe\u00f3n Hugo Reig<\/p><\/div> <div id=\"attachment_2437\" style=\"width: 410px\" class=\"wp-caption aligncenter\"><a href=\"https:\/\/ajedreztabiyaalcoy.es\/club\/wp-content\/uploads\/2016\/08\/20-El-Subcampe\u00f3n-Guillem-Prats.jpg\" target=\"_blank\"><img loading=\"lazy\" decoding=\"async\" aria-describedby=\"caption-attachment-2437\" class=\"wp-image-2437\" src=\"https:\/\/ajedreztabiyaalcoy.es\/club\/wp-content\/uploads\/2016\/08\/20-El-Subcampe\u00f3n-Guillem-Prats.jpg\" width=\"400\" height=\"592\" srcset=\"http:\/\/ajedreztabiyaalcoy.es\/club\/wp-content\/uploads\/2016\/08\/20-El-Subcampe\u00f3n-Guillem-Prats.jpg 788w, http:\/\/ajedreztabiyaalcoy.es\/club\/wp-content\/uploads\/2016\/08\/20-El-Subcampe\u00f3n-Guillem-Prats-203x300.jpg 203w, http:\/\/ajedreztabiyaalcoy.es\/club\/wp-content\/uploads\/2016\/08\/20-El-Subcampe\u00f3n-Guillem-Prats-768x1136.jpg 768w, http:\/\/ajedreztabiyaalcoy.es\/club\/wp-content\/uploads\/2016\/08\/20-El-Subcampe\u00f3n-Guillem-Prats-692x1024.jpg 692w, http:\/\/ajedreztabiyaalcoy.es\/club\/wp-content\/uploads\/2016\/08\/20-El-Subcampe\u00f3n-Guillem-Prats-34x50.jpg 34w\" sizes=\"auto, (max-width: 400px) 100vw, 400px\" \/><\/a><p id=\"caption-attachment-2437\" class=\"wp-caption-text\">El Subcampe\u00f3n Guillem Prats<\/p><\/div> <div id=\"attachment_2438\" style=\"width: 410px\" class=\"wp-caption aligncenter\"><a href=\"https:\/\/ajedreztabiyaalcoy.es\/club\/wp-content\/uploads\/2016\/08\/19-El-Campe\u00f3n-Hugo-Reig-izq-y-el-2\u00ba-Guillem-Prats-dcha.jpg\" target=\"_blank\"><img loading=\"lazy\" decoding=\"async\" aria-describedby=\"caption-attachment-2438\" class=\"wp-image-2438\" src=\"https:\/\/ajedreztabiyaalcoy.es\/club\/wp-content\/uploads\/2016\/08\/19-El-Campe\u00f3n-Hugo-Reig-izq-y-el-2\u00ba-Guillem-Prats-dcha.jpg\" width=\"400\" height=\"683\" srcset=\"http:\/\/ajedreztabiyaalcoy.es\/club\/wp-content\/uploads\/2016\/08\/19-El-Campe\u00f3n-Hugo-Reig-izq-y-el-2\u00ba-Guillem-Prats-dcha.jpg 683w, http:\/\/ajedreztabiyaalcoy.es\/club\/wp-content\/uploads\/2016\/08\/19-El-Campe\u00f3n-Hugo-Reig-izq-y-el-2\u00ba-Guillem-Prats-dcha-176x300.jpg 176w, http:\/\/ajedreztabiyaalcoy.es\/club\/wp-content\/uploads\/2016\/08\/19-El-Campe\u00f3n-Hugo-Reig-izq-y-el-2\u00ba-Guillem-Prats-dcha-600x1024.jpg 600w, http:\/\/ajedreztabiyaalcoy.es\/club\/wp-content\/uploads\/2016\/08\/19-El-Campe\u00f3n-Hugo-Reig-izq-y-el-2\u00ba-Guillem-Prats-dcha-29x50.jpg 29w\" sizes=\"auto, (max-width: 400px) 100vw, 400px\" \/><\/a><p id=\"caption-attachment-2438\" class=\"wp-caption-text\">El Campe\u00f3n Hugo Reig (izq) y el 2\u00ba Guillem Prats (dcha)<\/p><\/div> <div id=\"attachment_2440\" style=\"width: 410px\" class=\"wp-caption aligncenter\"><a href=\"https:\/\/ajedreztabiyaalcoy.es\/club\/wp-content\/uploads\/2016\/08\/18-3\u00ba-Diego-Vall\u00e9s-dcha-y-4\u00ba-Victor-Navarro-izq.jpg\" target=\"_blank\"><img loading=\"lazy\" decoding=\"async\" aria-describedby=\"caption-attachment-2440\" class=\"wp-image-2440\" src=\"https:\/\/ajedreztabiyaalcoy.es\/club\/wp-content\/uploads\/2016\/08\/18-3\u00ba-Diego-Vall\u00e9s-dcha-y-4\u00ba-Victor-Navarro-izq.jpg\" width=\"400\" height=\"787\" srcset=\"http:\/\/ajedreztabiyaalcoy.es\/club\/wp-content\/uploads\/2016\/08\/18-3\u00ba-Diego-Vall\u00e9s-dcha-y-4\u00ba-Victor-Navarro-izq.jpg 725w, http:\/\/ajedreztabiyaalcoy.es\/club\/wp-content\/uploads\/2016\/08\/18-3\u00ba-Diego-Vall\u00e9s-dcha-y-4\u00ba-Victor-Navarro-izq-153x300.jpg 153w, http:\/\/ajedreztabiyaalcoy.es\/club\/wp-content\/uploads\/2016\/08\/18-3\u00ba-Diego-Vall\u00e9s-dcha-y-4\u00ba-Victor-Navarro-izq-521x1024.jpg 521w, http:\/\/ajedreztabiyaalcoy.es\/club\/wp-content\/uploads\/2016\/08\/18-3\u00ba-Diego-Vall\u00e9s-dcha-y-4\u00ba-Victor-Navarro-izq-25x50.jpg 25w\" sizes=\"auto, (max-width: 400px) 100vw, 400px\" \/><\/a><p id=\"caption-attachment-2440\" class=\"wp-caption-text\">3\u00ba Diego Vall\u00e9s (dcha) y 4\u00ba Victor Navarro (izq)<\/p><\/div> <div id=\"attachment_2441\" style=\"width: 410px\" class=\"wp-caption aligncenter\"><a href=\"https:\/\/ajedreztabiyaalcoy.es\/club\/wp-content\/uploads\/2016\/08\/17-Los-4-primeros-clasificados.jpg\" target=\"_blank\"><img loading=\"lazy\" decoding=\"async\" aria-describedby=\"caption-attachment-2441\" class=\"wp-image-2441\" src=\"https:\/\/ajedreztabiyaalcoy.es\/club\/wp-content\/uploads\/2016\/08\/17-Los-4-primeros-clasificados.jpg\" width=\"400\" height=\"562\" srcset=\"http:\/\/ajedreztabiyaalcoy.es\/club\/wp-content\/uploads\/2016\/08\/17-Los-4-primeros-clasificados.jpg 830w, http:\/\/ajedreztabiyaalcoy.es\/club\/wp-content\/uploads\/2016\/08\/17-Los-4-primeros-clasificados-214x300.jpg 214w, http:\/\/ajedreztabiyaalcoy.es\/club\/wp-content\/uploads\/2016\/08\/17-Los-4-primeros-clasificados-768x1079.jpg 768w, http:\/\/ajedreztabiyaalcoy.es\/club\/wp-content\/uploads\/2016\/08\/17-Los-4-primeros-clasificados-729x1024.jpg 729w, http:\/\/ajedreztabiyaalcoy.es\/club\/wp-content\/uploads\/2016\/08\/17-Los-4-primeros-clasificados-36x50.jpg 36w\" sizes=\"auto, (max-width: 400px) 100vw, 400px\" \/><\/a><p id=\"caption-attachment-2441\" class=\"wp-caption-text\">Los 4 primeros clasificados<\/p><\/div> <div id=\"attachment_2442\" style=\"width: 787px\" class=\"wp-caption aligncenter\"><a href=\"https:\/\/ajedreztabiyaalcoy.es\/club\/wp-content\/uploads\/2016\/08\/Clasificaci\u00f3n-Final-Torneo-de-Ajedrez-Beniarr\u00e9s-2016-con.jpg\" target=\"_blank\"><img loading=\"lazy\" decoding=\"async\" aria-describedby=\"caption-attachment-2442\" class=\"wp-image-2442\" src=\"https:\/\/ajedreztabiyaalcoy.es\/club\/wp-content\/uploads\/2016\/08\/Clasificaci\u00f3n-Final-Torneo-de-Ajedrez-Beniarr\u00e9s-2016-con.jpg\" width=\"777\" height=\"549\" srcset=\"http:\/\/ajedreztabiyaalcoy.es\/club\/wp-content\/uploads\/2016\/08\/Clasificaci\u00f3n-Final-Torneo-de-Ajedrez-Beniarr\u00e9s-2016-con.jpg 3507w, http:\/\/ajedreztabiyaalcoy.es\/club\/wp-content\/uploads\/2016\/08\/Clasificaci\u00f3n-Final-Torneo-de-Ajedrez-Beniarr\u00e9s-2016-con-300x212.jpg 300w, http:\/\/ajedreztabiyaalcoy.es\/club\/wp-content\/uploads\/2016\/08\/Clasificaci\u00f3n-Final-Torneo-de-Ajedrez-Beniarr\u00e9s-2016-con-768x543.jpg 768w, http:\/\/ajedreztabiyaalcoy.es\/club\/wp-content\/uploads\/2016\/08\/Clasificaci\u00f3n-Final-Torneo-de-Ajedrez-Beniarr\u00e9s-2016-con-1024x724.jpg 1024w, http:\/\/ajedreztabiyaalcoy.es\/club\/wp-content\/uploads\/2016\/08\/Clasificaci\u00f3n-Final-Torneo-de-Ajedrez-Beniarr\u00e9s-2016-con-50x35.jpg 50w\" sizes=\"auto, (max-width: 777px) 100vw, 777px\" \/><\/a><p id=\"caption-attachment-2442\" class=\"wp-caption-text\">Clasificaci\u00f3n Final del Torneo de Ajedrez Semana Cultural de Beniarr\u00e9s 2016<\/p><\/div><\/p>\n","protected":false},"excerpt":{"rendered":"<p>Para los amantes de la naturaleza, Beniarr\u00e9s situada en el valle de Perpuchente \u00f3 vall de Perputxent en valenciano, ofrece diversas rutas y excursiones de monta\u00f1a muy bonitas, una de las m\u00e1s interesantes es la&#8230;<\/p>\n","protected":false},"author":2,"featured_media":2418,"comment_status":"open","ping_status":"open","sticky":false,"template":"","format":"standard","meta":{"rop_custom_images_group":[],"rop_custom_messages_group":[],"rop_publish_now":"initial","rop_publish_now_accounts":[],"rop_publish_now_history":[],"rop_publish_now_status":"pending","footnotes":""},"categories":[4],"tags":[],"class_list":["post-2415","post","type-post","status-publish","format-standard","has-post-thumbnail","hentry","category-torneos"],"wppr_data":{"cwp_meta_box_check":"No"},"_links":{"self":[{"href":"http:\/\/ajedreztabiyaalcoy.es\/club\/wp-json\/wp\/v2\/posts\/2415","targetHints":{"allow":["GET"]}}],"collection":[{"href":"http:\/\/ajedreztabiyaalcoy.es\/club\/wp-json\/wp\/v2\/posts"}],"about":[{"href":"http:\/\/ajedreztabiyaalcoy.es\/club\/wp-json\/wp\/v2\/types\/post"}],"author":[{"embeddable":true,"href":"http:\/\/ajedreztabiyaalcoy.es\/club\/wp-json\/wp\/v2\/users\/2"}],"replies":[{"embeddable":true,"href":"http:\/\/ajedreztabiyaalcoy.es\/club\/wp-json\/wp\/v2\/comments?post=2415"}],"version-history":[{"count":5,"href":"http:\/\/ajedreztabiyaalcoy.es\/club\/wp-json\/wp\/v2\/posts\/2415\/revisions"}],"predecessor-version":[{"id":2444,"href":"http:\/\/ajedreztabiyaalcoy.es\/club\/wp-json\/wp\/v2\/posts\/2415\/revisions\/2444"}],"wp:featuredmedia":[{"embeddable":true,"href":"http:\/\/ajedreztabiyaalcoy.es\/club\/wp-json\/wp\/v2\/media\/2418"}],"wp:attachment":[{"href":"http:\/\/ajedreztabiyaalcoy.es\/club\/wp-json\/wp\/v2\/media?parent=2415"}],"wp:term":[{"taxonomy":"category","embeddable":true,"href":"http:\/\/ajedreztabiyaalcoy.es\/club\/wp-json\/wp\/v2\/categories?post=2415"},{"taxonomy":"post_tag","embeddable":true,"href":"http:\/\/ajedreztabiyaalcoy.es\/club\/wp-json\/wp\/v2\/tags?post=2415"}],"curies":[{"name":"wp","href":"https:\/\/api.w.org\/{rel}","templated":true}]}}