{"id":1345,"date":"2015-01-18T20:28:07","date_gmt":"2015-01-18T19:28:07","guid":{"rendered":"https:\/\/ajedreztabiyaalcoy.es\/club\/?p=1345"},"modified":"2015-01-18T20:28:07","modified_gmt":"2015-01-18T19:28:07","slug":"tecnificacion-de-la-federacion-en-cocentaina","status":"publish","type":"post","link":"https:\/\/ajedreztabiyaalcoy.es\/club\/tecnificacion-de-la-federacion-en-cocentaina\/","title":{"rendered":"TECNIFICACI\u00d3N DE LA FEDERACI\u00d3N EN COCENTAINA"},"content":{"rendered":"<p style=\"text-align: justify;\">Organizado por el Club de Ajedrez Cocentaina y la Federaci\u00f3n de Ajedrez de la Comunidad Valenciana, se ha celebrado en la localidad de Cocentaina, una Concentraci\u00f3n del Programa de Tecnificaci\u00f3n de la Federaci\u00f3n de Ajedrez, con el objeto de mejorar el rendimiento de los jugadores m\u00e1s destacados de nuestra Comunidad, ni\u00f1os y j\u00f3venes de 10 a los 14 a\u00f1os.<\/p>\n<p style=\"text-align: justify;\">Dicha Concentraci\u00f3n se ha realizado en sesi\u00f3n de ma\u00f1ana y tarde del Domingo 18 de Enero, y han participado 30 jugadores de toda la Comunidad Valenciana en 4 Grupos. Cocentaina cont\u00f3 con sus jugadores m\u00e1s destacados Pau Serra y Diego L\u00f3pez, que son componentes del equipo Tabiya Alcoy-Cocentaina, as\u00ed como Jordi Linares del Tabiya Alcoy que tambi\u00e9n forma parte del Programa.<\/p>\n<p style=\"text-align: justify;\">Dieron las sesiones magistrales, el Director del Programa de Tecnificaci\u00f3n el Gran Maestro Julen Arizmendi, Campe\u00f3n de Espa\u00f1a Absoluto 2012, los Maestros Internacionales Rufino Camarena, Mauricio Vassallo, y el Psic\u00f3logo Carlos Mart\u00ednez.<\/p>\n<div id=\"attachment_1346\" style=\"width: 410px\" class=\"wp-caption aligncenter\"><a href=\"https:\/\/ajedreztabiyaalcoy.es\/club\/wp-content\/uploads\/2015\/01\/Grupo-de-Tecnificaci\u00f3n-FACV-2015.jpg\"><img loading=\"lazy\" decoding=\"async\" aria-describedby=\"caption-attachment-1346\" class=\"wp-image-1346\" src=\"https:\/\/ajedreztabiyaalcoy.es\/club\/wp-content\/uploads\/2015\/01\/Grupo-de-Tecnificaci\u00f3n-FACV-2015.jpg\" alt=\"\" width=\"400\" height=\"272\" srcset=\"https:\/\/ajedreztabiyaalcoy.es\/club\/wp-content\/uploads\/2015\/01\/Grupo-de-Tecnificaci\u00f3n-FACV-2015.jpg 1263w, https:\/\/ajedreztabiyaalcoy.es\/club\/wp-content\/uploads\/2015\/01\/Grupo-de-Tecnificaci\u00f3n-FACV-2015-300x204.jpg 300w, https:\/\/ajedreztabiyaalcoy.es\/club\/wp-content\/uploads\/2015\/01\/Grupo-de-Tecnificaci\u00f3n-FACV-2015-1024x696.jpg 1024w\" sizes=\"auto, (max-width: 400px) 100vw, 400px\" \/><\/a><p id=\"caption-attachment-1346\" class=\"wp-caption-text\">Grupo de Tecnificaci\u00f3n FACV 2015<\/p><\/div>\n<p style=\"text-align: justify;\">\n<p style=\"text-align: justify;\">Todos los participantes aprendieron de las amenas clases, desde los m\u00e1s peque\u00f1os hasta los mayores, disfrutando ellos y sus familiares de un excelente d\u00eda en Cocentaina, a pesar del tiempo invernal.<\/p>\n<p style=\"text-align: justify;\">Agradecer la Colaboraci\u00f3n de las Concejal\u00edas de Deportes y Educaci\u00f3n del Ayuntamiento de Cocentaina, para poder realizar la Concentraci\u00f3n, cuyo Concejal D. Sa\u00fal Botella estuvo presente.<\/p>\n","protected":false},"excerpt":{"rendered":"<p>Organizado por el Club de Ajedrez Cocentaina y la Federaci\u00f3n de Ajedrez de la Comunidad Valenciana, se ha celebrado en la localidad de Cocentaina, una Concentraci\u00f3n del Programa de Tecnificaci\u00f3n de la Federaci\u00f3n de Ajedrez,&#8230;<\/p>\n","protected":false},"author":2,"featured_media":0,"comment_status":"open","ping_status":"open","sticky":false,"template":"","format":"standard","meta":{"rop_custom_images_group":[],"rop_custom_messages_group":[],"rop_publish_now":"initial","rop_publish_now_accounts":[],"rop_publish_now_history":[],"rop_publish_now_status":"pending","footnotes":""},"categories":[1],"tags":[],"class_list":["post-1345","post","type-post","status-publish","format-standard","hentry","category-sin-categoria"],"wppr_data":[],"_links":{"self":[{"href":"https:\/\/ajedreztabiyaalcoy.es\/club\/wp-json\/wp\/v2\/posts\/1345","targetHints":{"allow":["GET"]}}],"collection":[{"href":"https:\/\/ajedreztabiyaalcoy.es\/club\/wp-json\/wp\/v2\/posts"}],"about":[{"href":"https:\/\/ajedreztabiyaalcoy.es\/club\/wp-json\/wp\/v2\/types\/post"}],"author":[{"embeddable":true,"href":"https:\/\/ajedreztabiyaalcoy.es\/club\/wp-json\/wp\/v2\/users\/2"}],"replies":[{"embeddable":true,"href":"https:\/\/ajedreztabiyaalcoy.es\/club\/wp-json\/wp\/v2\/comments?post=1345"}],"version-history":[{"count":1,"href":"https:\/\/ajedreztabiyaalcoy.es\/club\/wp-json\/wp\/v2\/posts\/1345\/revisions"}],"predecessor-version":[{"id":1347,"href":"https:\/\/ajedreztabiyaalcoy.es\/club\/wp-json\/wp\/v2\/posts\/1345\/revisions\/1347"}],"wp:attachment":[{"href":"https:\/\/ajedreztabiyaalcoy.es\/club\/wp-json\/wp\/v2\/media?parent=1345"}],"wp:term":[{"taxonomy":"category","embeddable":true,"href":"https:\/\/ajedreztabiyaalcoy.es\/club\/wp-json\/wp\/v2\/categories?post=1345"},{"taxonomy":"post_tag","embeddable":true,"href":"https:\/\/ajedreztabiyaalcoy.es\/club\/wp-json\/wp\/v2\/tags?post=1345"}],"curies":[{"name":"wp","href":"https:\/\/api.w.org\/{rel}","templated":true}]}}