{"id":1466,"date":"2015-03-13T01:30:30","date_gmt":"2015-03-13T00:30:30","guid":{"rendered":"https:\/\/ajedreztabiyaalcoy.es\/club\/?p=1466"},"modified":"2015-03-14T04:23:36","modified_gmt":"2015-03-14T03:23:36","slug":"cronica-fotos-y-resultados-de-los-campeonatos-provinciales-de-ajedrez-de-alicante-subs-8-10-12-18","status":"publish","type":"post","link":"https:\/\/ajedreztabiyaalcoy.es\/club\/cronica-fotos-y-resultados-de-los-campeonatos-provinciales-de-ajedrez-de-alicante-subs-8-10-12-18\/","title":{"rendered":"CR\u00d3NICA , FOTOS Y RESULTADOS DE LOS CAMPEONATOS PROVINCIALES DE AJEDREZ DE ALICANTE SUBS 8-10-12-18"},"content":{"rendered":"<p style=\"text-align: justify;\">Organizado por el <strong>Club de Ajedrez Cocentaina<\/strong> y la <strong>Federaci\u00f3n de Ajedrez de la Comunidad Valenciana<\/strong>, se han celebrado este mes en la localidad de <strong>Cocentaina<\/strong>, los <strong>Campeonatos Provinciales de Ajedrez de Alicante<\/strong> en sus diferentes Categor\u00edas <strong>Subs 8 \u2013 10 \u2013 12 \u2013 18<\/strong>, con el objeto de promocionar el ajedrez de base de nuestra provincia.<\/p>\n<div id=\"attachment_1458\" style=\"width: 410px\" class=\"wp-caption aligncenter\"><a href=\"https:\/\/ajedreztabiyaalcoy.es\/club\/wp-content\/uploads\/2015\/02\/Cartel-Provinciales-Subs-2015.jpg\"><img loading=\"lazy\" decoding=\"async\" aria-describedby=\"caption-attachment-1458\" class=\"wp-image-1458\" src=\"https:\/\/ajedreztabiyaalcoy.es\/club\/wp-content\/uploads\/2015\/02\/Cartel-Provinciales-Subs-2015.jpg\" alt=\"\" width=\"400\" height=\"566\" srcset=\"https:\/\/ajedreztabiyaalcoy.es\/club\/wp-content\/uploads\/2015\/02\/Cartel-Provinciales-Subs-2015.jpg 1240w, https:\/\/ajedreztabiyaalcoy.es\/club\/wp-content\/uploads\/2015\/02\/Cartel-Provinciales-Subs-2015-212x300.jpg 212w, https:\/\/ajedreztabiyaalcoy.es\/club\/wp-content\/uploads\/2015\/02\/Cartel-Provinciales-Subs-2015-768x1086.jpg 768w, https:\/\/ajedreztabiyaalcoy.es\/club\/wp-content\/uploads\/2015\/02\/Cartel-Provinciales-Subs-2015-724x1024.jpg 724w, https:\/\/ajedreztabiyaalcoy.es\/club\/wp-content\/uploads\/2015\/02\/Cartel-Provinciales-Subs-2015-35x50.jpg 35w\" sizes=\"auto, (max-width: 400px) 100vw, 400px\" \/><\/a><p id=\"caption-attachment-1458\" class=\"wp-caption-text\">Cartel de los Campeonatos Provinciales de Ajedrez de Alicante Subs 2015<\/p><\/div>\n<div id=\"attachment_1472\" style=\"width: 410px\" class=\"wp-caption aligncenter\"><a href=\"https:\/\/ajedreztabiyaalcoy.es\/club\/wp-content\/uploads\/2015\/03\/Sala-de-juego.jpg\"><img loading=\"lazy\" decoding=\"async\" aria-describedby=\"caption-attachment-1472\" class=\"wp-image-1472\" src=\"https:\/\/ajedreztabiyaalcoy.es\/club\/wp-content\/uploads\/2015\/03\/Sala-de-juego.jpg\" alt=\"\" width=\"400\" height=\"270\" srcset=\"https:\/\/ajedreztabiyaalcoy.es\/club\/wp-content\/uploads\/2015\/03\/Sala-de-juego.jpg 1346w, https:\/\/ajedreztabiyaalcoy.es\/club\/wp-content\/uploads\/2015\/03\/Sala-de-juego-300x202.jpg 300w, https:\/\/ajedreztabiyaalcoy.es\/club\/wp-content\/uploads\/2015\/03\/Sala-de-juego-768x518.jpg 768w, https:\/\/ajedreztabiyaalcoy.es\/club\/wp-content\/uploads\/2015\/03\/Sala-de-juego-1024x690.jpg 1024w, https:\/\/ajedreztabiyaalcoy.es\/club\/wp-content\/uploads\/2015\/03\/Sala-de-juego-50x34.jpg 50w\" sizes=\"auto, (max-width: 400px) 100vw, 400px\" \/><\/a><p id=\"caption-attachment-1472\" class=\"wp-caption-text\">Sala de juego : Gimnasio del Polideportivo Municipal de Cocentaina<\/p><\/div>\n<div id=\"attachment_1478\" style=\"width: 410px\" class=\"wp-caption aligncenter\"><a href=\"https:\/\/ajedreztabiyaalcoy.es\/club\/wp-content\/uploads\/2015\/03\/El-equipo-arbitral.jpg\"><img loading=\"lazy\" decoding=\"async\" aria-describedby=\"caption-attachment-1478\" class=\"wp-image-1478\" src=\"https:\/\/ajedreztabiyaalcoy.es\/club\/wp-content\/uploads\/2015\/03\/El-equipo-arbitral.jpg\" alt=\"\" width=\"400\" height=\"270\" srcset=\"https:\/\/ajedreztabiyaalcoy.es\/club\/wp-content\/uploads\/2015\/03\/El-equipo-arbitral.jpg 1219w, https:\/\/ajedreztabiyaalcoy.es\/club\/wp-content\/uploads\/2015\/03\/El-equipo-arbitral-300x203.jpg 300w, https:\/\/ajedreztabiyaalcoy.es\/club\/wp-content\/uploads\/2015\/03\/El-equipo-arbitral-768x519.jpg 768w, https:\/\/ajedreztabiyaalcoy.es\/club\/wp-content\/uploads\/2015\/03\/El-equipo-arbitral-1024x691.jpg 1024w, https:\/\/ajedreztabiyaalcoy.es\/club\/wp-content\/uploads\/2015\/03\/El-equipo-arbitral-50x34.jpg 50w\" sizes=\"auto, (max-width: 400px) 100vw, 400px\" \/><\/a><p id=\"caption-attachment-1478\" class=\"wp-caption-text\">El equipo arbitral : Joaqu\u00edn Corb\u00ed \u00c1rbitro Principal (izq), Eduardo Senabre \u00c1rbitro Adjunto (centro), y Jose Vicente C\u00f3rdoba Ayudante Arbitral (dcha)<\/p><\/div>\n<p>La competici\u00f3n se jug\u00f3, al mejor de 7 rondas en sesi\u00f3n de ma\u00f1ana y tarde.<\/p>\n<div id=\"attachment_1473\" style=\"width: 410px\" class=\"wp-caption aligncenter\"><a href=\"https:\/\/ajedreztabiyaalcoy.es\/club\/wp-content\/uploads\/2015\/03\/Subs-de-Alicante-2015-Vista-general-1.jpg\"><img loading=\"lazy\" decoding=\"async\" aria-describedby=\"caption-attachment-1473\" class=\"wp-image-1473\" src=\"https:\/\/ajedreztabiyaalcoy.es\/club\/wp-content\/uploads\/2015\/03\/Subs-de-Alicante-2015-Vista-general-1.jpg\" alt=\"\" width=\"400\" height=\"267\" srcset=\"https:\/\/ajedreztabiyaalcoy.es\/club\/wp-content\/uploads\/2015\/03\/Subs-de-Alicante-2015-Vista-general-1.jpg 1361w, https:\/\/ajedreztabiyaalcoy.es\/club\/wp-content\/uploads\/2015\/03\/Subs-de-Alicante-2015-Vista-general-1-300x200.jpg 300w, https:\/\/ajedreztabiyaalcoy.es\/club\/wp-content\/uploads\/2015\/03\/Subs-de-Alicante-2015-Vista-general-1-768x512.jpg 768w, https:\/\/ajedreztabiyaalcoy.es\/club\/wp-content\/uploads\/2015\/03\/Subs-de-Alicante-2015-Vista-general-1-1024x682.jpg 1024w, https:\/\/ajedreztabiyaalcoy.es\/club\/wp-content\/uploads\/2015\/03\/Subs-de-Alicante-2015-Vista-general-1-50x33.jpg 50w\" sizes=\"auto, (max-width: 400px) 100vw, 400px\" \/><\/a><p id=\"caption-attachment-1473\" class=\"wp-caption-text\">Subs de Alicante 2015 &#8211; Vista general 1<\/p><\/div>\n<div id=\"attachment_1474\" style=\"width: 410px\" class=\"wp-caption aligncenter\"><a href=\"https:\/\/ajedreztabiyaalcoy.es\/club\/wp-content\/uploads\/2015\/03\/Subs-de-Alicante-2015-Vista-general-2.jpg\"><img loading=\"lazy\" decoding=\"async\" aria-describedby=\"caption-attachment-1474\" class=\"wp-image-1474\" src=\"https:\/\/ajedreztabiyaalcoy.es\/club\/wp-content\/uploads\/2015\/03\/Subs-de-Alicante-2015-Vista-general-2.jpg\" alt=\"\" width=\"400\" height=\"267\" srcset=\"https:\/\/ajedreztabiyaalcoy.es\/club\/wp-content\/uploads\/2015\/03\/Subs-de-Alicante-2015-Vista-general-2.jpg 1361w, https:\/\/ajedreztabiyaalcoy.es\/club\/wp-content\/uploads\/2015\/03\/Subs-de-Alicante-2015-Vista-general-2-300x200.jpg 300w, https:\/\/ajedreztabiyaalcoy.es\/club\/wp-content\/uploads\/2015\/03\/Subs-de-Alicante-2015-Vista-general-2-768x512.jpg 768w, https:\/\/ajedreztabiyaalcoy.es\/club\/wp-content\/uploads\/2015\/03\/Subs-de-Alicante-2015-Vista-general-2-1024x682.jpg 1024w, https:\/\/ajedreztabiyaalcoy.es\/club\/wp-content\/uploads\/2015\/03\/Subs-de-Alicante-2015-Vista-general-2-50x33.jpg 50w\" sizes=\"auto, (max-width: 400px) 100vw, 400px\" \/><\/a><p id=\"caption-attachment-1474\" class=\"wp-caption-text\">Subs de Alicante 2015 &#8211; Vista general 2<\/p><\/div>\n<div id=\"attachment_1475\" style=\"width: 410px\" class=\"wp-caption aligncenter\"><a href=\"https:\/\/ajedreztabiyaalcoy.es\/club\/wp-content\/uploads\/2015\/03\/Los-magn\u00edficos-trofeos.jpg\"><img loading=\"lazy\" decoding=\"async\" aria-describedby=\"caption-attachment-1475\" class=\"wp-image-1475\" src=\"https:\/\/ajedreztabiyaalcoy.es\/club\/wp-content\/uploads\/2015\/03\/Los-magn\u00edficos-trofeos.jpg\" alt=\"\" width=\"400\" height=\"278\" srcset=\"https:\/\/ajedreztabiyaalcoy.es\/club\/wp-content\/uploads\/2015\/03\/Los-magn\u00edficos-trofeos.jpg 1306w, https:\/\/ajedreztabiyaalcoy.es\/club\/wp-content\/uploads\/2015\/03\/Los-magn\u00edficos-trofeos-300x208.jpg 300w, https:\/\/ajedreztabiyaalcoy.es\/club\/wp-content\/uploads\/2015\/03\/Los-magn\u00edficos-trofeos-768x533.jpg 768w, https:\/\/ajedreztabiyaalcoy.es\/club\/wp-content\/uploads\/2015\/03\/Los-magn\u00edficos-trofeos-1024x711.jpg 1024w, https:\/\/ajedreztabiyaalcoy.es\/club\/wp-content\/uploads\/2015\/03\/Los-magn\u00edficos-trofeos-50x35.jpg 50w\" sizes=\"auto, (max-width: 400px) 100vw, 400px\" \/><\/a><p id=\"caption-attachment-1475\" class=\"wp-caption-text\">Los magn\u00edficos trofeos<\/p><\/div>\n<p style=\"text-align: justify;\">Participaron 66 jugadores, provenientes de clubs de toda la provincia y algunos de la provincia de Valencia. Los clubs que m\u00e1s jugadores aportaron fueron el Enric Valor-Figueras Pacheco con 16; seguido del Cocentaina con 7; Raspeig con 6; Tabiya Alcoy, Silla, Alicante, y Alcoy con 5.<\/p>\n<div id=\"attachment_1476\" style=\"width: 410px\" class=\"wp-caption aligncenter\"><a href=\"https:\/\/ajedreztabiyaalcoy.es\/club\/wp-content\/uploads\/2015\/03\/Los-jugadores-del-Club-de-Ajedrez-Cocentaina.jpg\"><img loading=\"lazy\" decoding=\"async\" aria-describedby=\"caption-attachment-1476\" class=\"wp-image-1476\" src=\"https:\/\/ajedreztabiyaalcoy.es\/club\/wp-content\/uploads\/2015\/03\/Los-jugadores-del-Club-de-Ajedrez-Cocentaina.jpg\" alt=\"\" width=\"400\" height=\"278\" srcset=\"https:\/\/ajedreztabiyaalcoy.es\/club\/wp-content\/uploads\/2015\/03\/Los-jugadores-del-Club-de-Ajedrez-Cocentaina.jpg 1304w, https:\/\/ajedreztabiyaalcoy.es\/club\/wp-content\/uploads\/2015\/03\/Los-jugadores-del-Club-de-Ajedrez-Cocentaina-300x208.jpg 300w, https:\/\/ajedreztabiyaalcoy.es\/club\/wp-content\/uploads\/2015\/03\/Los-jugadores-del-Club-de-Ajedrez-Cocentaina-768x533.jpg 768w, https:\/\/ajedreztabiyaalcoy.es\/club\/wp-content\/uploads\/2015\/03\/Los-jugadores-del-Club-de-Ajedrez-Cocentaina-1024x711.jpg 1024w, https:\/\/ajedreztabiyaalcoy.es\/club\/wp-content\/uploads\/2015\/03\/Los-jugadores-del-Club-de-Ajedrez-Cocentaina-50x35.jpg 50w\" sizes=\"auto, (max-width: 400px) 100vw, 400px\" \/><\/a><p id=\"caption-attachment-1476\" class=\"wp-caption-text\">Los jugadores del Club de Ajedrez Cocentaina<\/p><\/div>\n<div id=\"attachment_1477\" style=\"width: 410px\" class=\"wp-caption aligncenter\"><a href=\"https:\/\/ajedreztabiyaalcoy.es\/club\/wp-content\/uploads\/2015\/03\/Los-jugadores-del-Club-de-Ajedrez-Tabiya-Alcoy.jpg\"><img loading=\"lazy\" decoding=\"async\" aria-describedby=\"caption-attachment-1477\" class=\"wp-image-1477\" src=\"https:\/\/ajedreztabiyaalcoy.es\/club\/wp-content\/uploads\/2015\/03\/Los-jugadores-del-Club-de-Ajedrez-Tabiya-Alcoy.jpg\" alt=\"\" width=\"400\" height=\"267\" srcset=\"https:\/\/ajedreztabiyaalcoy.es\/club\/wp-content\/uploads\/2015\/03\/Los-jugadores-del-Club-de-Ajedrez-Tabiya-Alcoy.jpg 1361w, https:\/\/ajedreztabiyaalcoy.es\/club\/wp-content\/uploads\/2015\/03\/Los-jugadores-del-Club-de-Ajedrez-Tabiya-Alcoy-300x200.jpg 300w, https:\/\/ajedreztabiyaalcoy.es\/club\/wp-content\/uploads\/2015\/03\/Los-jugadores-del-Club-de-Ajedrez-Tabiya-Alcoy-768x512.jpg 768w, https:\/\/ajedreztabiyaalcoy.es\/club\/wp-content\/uploads\/2015\/03\/Los-jugadores-del-Club-de-Ajedrez-Tabiya-Alcoy-1024x682.jpg 1024w, https:\/\/ajedreztabiyaalcoy.es\/club\/wp-content\/uploads\/2015\/03\/Los-jugadores-del-Club-de-Ajedrez-Tabiya-Alcoy-50x33.jpg 50w\" sizes=\"auto, (max-width: 400px) 100vw, 400px\" \/><\/a><p id=\"caption-attachment-1477\" class=\"wp-caption-text\">Los jugadores del Club de Ajedrez Tabiya Alcoy<\/p><\/div>\n<p>Las valoraciones y Clasificaciones de los premiados con trofeos por Categor\u00edas fueron las siguientes,<\/p>\n<ul style=\"text-align: justify;\">\n<li><strong><span style=\"text-decoration: underline;\">En Sub 8, con 14 jugadores.<\/span><\/strong><\/li>\n<\/ul>\n<p style=\"text-align: justify;\">Muchos terminaban con m\u00e1s tiempo del que empezaban, jugando muy r\u00e1pido, por lo que las opciones de ganar la partida pasaban de un jugador a otro. Solamente a pocos jugadores se les observ\u00f3 el temple suficiente de reflexionar y pensar en sus partidas.<\/p>\n<p style=\"text-align: justify;\">Qued\u00f3 <strong>Campe\u00f3n Carlos Villagordo del Club Silla<\/strong>, que tan solo perdi\u00f3 una partida. <strong>Subcampe\u00f3n<\/strong> fue <strong>Francisco Mart\u00ednez del Club Enric Valor-Figueras Pacheco de Alicante<\/strong>, que fue el \u00fanico en derrotar al Campe\u00f3n. <strong>3\u00ba<\/strong> qued\u00f3 <strong>Gonzalo Sotos del Club Enric Valor-Figueras Pacheco de Alicante<\/strong>. La <strong>Campeona femenina<\/strong> fue <strong>\u00c1ngela Ivorra del Club La Vila<\/strong>, en dura lucha con <strong>Ainhoa Padilla<\/strong> del Club Silla.<\/p>\n<div id=\"attachment_1479\" style=\"width: 410px\" class=\"wp-caption aligncenter\"><a href=\"https:\/\/ajedreztabiyaalcoy.es\/club\/wp-content\/uploads\/2015\/03\/1\u00ba-Sub-8-Carlos-Villagordo-del-Club-Silla.jpg\"><img loading=\"lazy\" decoding=\"async\" aria-describedby=\"caption-attachment-1479\" class=\"wp-image-1479\" src=\"https:\/\/ajedreztabiyaalcoy.es\/club\/wp-content\/uploads\/2015\/03\/1\u00ba-Sub-8-Carlos-Villagordo-del-Club-Silla.jpg\" alt=\"\" width=\"400\" height=\"449\" srcset=\"https:\/\/ajedreztabiyaalcoy.es\/club\/wp-content\/uploads\/2015\/03\/1\u00ba-Sub-8-Carlos-Villagordo-del-Club-Silla.jpg 908w, https:\/\/ajedreztabiyaalcoy.es\/club\/wp-content\/uploads\/2015\/03\/1\u00ba-Sub-8-Carlos-Villagordo-del-Club-Silla-267x300.jpg 267w, https:\/\/ajedreztabiyaalcoy.es\/club\/wp-content\/uploads\/2015\/03\/1\u00ba-Sub-8-Carlos-Villagordo-del-Club-Silla-768x863.jpg 768w, https:\/\/ajedreztabiyaalcoy.es\/club\/wp-content\/uploads\/2015\/03\/1\u00ba-Sub-8-Carlos-Villagordo-del-Club-Silla-45x50.jpg 45w\" sizes=\"auto, (max-width: 400px) 100vw, 400px\" \/><\/a><p id=\"caption-attachment-1479\" class=\"wp-caption-text\">1\u00ba Sub 8 Carlos Villagordo del Club Silla<\/p><\/div>\n<div id=\"attachment_1480\" style=\"width: 410px\" class=\"wp-caption aligncenter\"><a href=\"https:\/\/ajedreztabiyaalcoy.es\/club\/wp-content\/uploads\/2015\/03\/2\u00ba-Sub-8-Francisco-Mart\u00ednez-del-Club-Enric-Valor-Figueras-Pacheco.jpg\"><img loading=\"lazy\" decoding=\"async\" aria-describedby=\"caption-attachment-1480\" class=\"wp-image-1480\" src=\"https:\/\/ajedreztabiyaalcoy.es\/club\/wp-content\/uploads\/2015\/03\/2\u00ba-Sub-8-Francisco-Mart\u00ednez-del-Club-Enric-Valor-Figueras-Pacheco.jpg\" alt=\"\" width=\"400\" height=\"399\" srcset=\"https:\/\/ajedreztabiyaalcoy.es\/club\/wp-content\/uploads\/2015\/03\/2\u00ba-Sub-8-Francisco-Mart\u00ednez-del-Club-Enric-Valor-Figueras-Pacheco.jpg 1098w, https:\/\/ajedreztabiyaalcoy.es\/club\/wp-content\/uploads\/2015\/03\/2\u00ba-Sub-8-Francisco-Mart\u00ednez-del-Club-Enric-Valor-Figueras-Pacheco-150x150.jpg 150w, https:\/\/ajedreztabiyaalcoy.es\/club\/wp-content\/uploads\/2015\/03\/2\u00ba-Sub-8-Francisco-Mart\u00ednez-del-Club-Enric-Valor-Figueras-Pacheco-300x300.jpg 300w, https:\/\/ajedreztabiyaalcoy.es\/club\/wp-content\/uploads\/2015\/03\/2\u00ba-Sub-8-Francisco-Mart\u00ednez-del-Club-Enric-Valor-Figueras-Pacheco-768x765.jpg 768w, https:\/\/ajedreztabiyaalcoy.es\/club\/wp-content\/uploads\/2015\/03\/2\u00ba-Sub-8-Francisco-Mart\u00ednez-del-Club-Enric-Valor-Figueras-Pacheco-1024x1020.jpg 1024w, https:\/\/ajedreztabiyaalcoy.es\/club\/wp-content\/uploads\/2015\/03\/2\u00ba-Sub-8-Francisco-Mart\u00ednez-del-Club-Enric-Valor-Figueras-Pacheco-50x50.jpg 50w\" sizes=\"auto, (max-width: 400px) 100vw, 400px\" \/><\/a><p id=\"caption-attachment-1480\" class=\"wp-caption-text\">2\u00ba Sub 8 Francisco Mart\u00ednez del Club Enric Valor-Figueras Pacheco<\/p><\/div>\n<div id=\"attachment_1481\" style=\"width: 410px\" class=\"wp-caption aligncenter\"><a href=\"https:\/\/ajedreztabiyaalcoy.es\/club\/wp-content\/uploads\/2015\/03\/3\u00ba-Sub-8-Gonzalo-Sotos-del-Club-Enric-Valor-Figueras-Pacheco.jpg\"><img loading=\"lazy\" decoding=\"async\" aria-describedby=\"caption-attachment-1481\" class=\"wp-image-1481\" src=\"https:\/\/ajedreztabiyaalcoy.es\/club\/wp-content\/uploads\/2015\/03\/3\u00ba-Sub-8-Gonzalo-Sotos-del-Club-Enric-Valor-Figueras-Pacheco.jpg\" alt=\"\" width=\"400\" height=\"396\" srcset=\"https:\/\/ajedreztabiyaalcoy.es\/club\/wp-content\/uploads\/2015\/03\/3\u00ba-Sub-8-Gonzalo-Sotos-del-Club-Enric-Valor-Figueras-Pacheco.jpg 1114w, https:\/\/ajedreztabiyaalcoy.es\/club\/wp-content\/uploads\/2015\/03\/3\u00ba-Sub-8-Gonzalo-Sotos-del-Club-Enric-Valor-Figueras-Pacheco-150x150.jpg 150w, https:\/\/ajedreztabiyaalcoy.es\/club\/wp-content\/uploads\/2015\/03\/3\u00ba-Sub-8-Gonzalo-Sotos-del-Club-Enric-Valor-Figueras-Pacheco-300x297.jpg 300w, https:\/\/ajedreztabiyaalcoy.es\/club\/wp-content\/uploads\/2015\/03\/3\u00ba-Sub-8-Gonzalo-Sotos-del-Club-Enric-Valor-Figueras-Pacheco-768x760.jpg 768w, https:\/\/ajedreztabiyaalcoy.es\/club\/wp-content\/uploads\/2015\/03\/3\u00ba-Sub-8-Gonzalo-Sotos-del-Club-Enric-Valor-Figueras-Pacheco-1024x1014.jpg 1024w, https:\/\/ajedreztabiyaalcoy.es\/club\/wp-content\/uploads\/2015\/03\/3\u00ba-Sub-8-Gonzalo-Sotos-del-Club-Enric-Valor-Figueras-Pacheco-50x50.jpg 50w\" sizes=\"auto, (max-width: 400px) 100vw, 400px\" \/><\/a><p id=\"caption-attachment-1481\" class=\"wp-caption-text\">3\u00ba Sub 8 Gonzalo Sotos del Club Enric Valor-Figueras Pacheco<\/p><\/div>\n<div id=\"attachment_1482\" style=\"width: 410px\" class=\"wp-caption aligncenter\"><a href=\"https:\/\/ajedreztabiyaalcoy.es\/club\/wp-content\/uploads\/2015\/03\/1\u00aa-Sub-8-\u00c1ngela-Ivorra-del-Club-La-Vila.jpg\"><img loading=\"lazy\" decoding=\"async\" aria-describedby=\"caption-attachment-1482\" class=\"wp-image-1482\" src=\"https:\/\/ajedreztabiyaalcoy.es\/club\/wp-content\/uploads\/2015\/03\/1\u00aa-Sub-8-\u00c1ngela-Ivorra-del-Club-La-Vila.jpg\" alt=\"\" width=\"400\" height=\"332\" srcset=\"https:\/\/ajedreztabiyaalcoy.es\/club\/wp-content\/uploads\/2015\/03\/1\u00aa-Sub-8-\u00c1ngela-Ivorra-del-Club-La-Vila.jpg 1072w, https:\/\/ajedreztabiyaalcoy.es\/club\/wp-content\/uploads\/2015\/03\/1\u00aa-Sub-8-\u00c1ngela-Ivorra-del-Club-La-Vila-300x249.jpg 300w, https:\/\/ajedreztabiyaalcoy.es\/club\/wp-content\/uploads\/2015\/03\/1\u00aa-Sub-8-\u00c1ngela-Ivorra-del-Club-La-Vila-768x638.jpg 768w, https:\/\/ajedreztabiyaalcoy.es\/club\/wp-content\/uploads\/2015\/03\/1\u00aa-Sub-8-\u00c1ngela-Ivorra-del-Club-La-Vila-1024x851.jpg 1024w, https:\/\/ajedreztabiyaalcoy.es\/club\/wp-content\/uploads\/2015\/03\/1\u00aa-Sub-8-\u00c1ngela-Ivorra-del-Club-La-Vila-50x42.jpg 50w\" sizes=\"auto, (max-width: 400px) 100vw, 400px\" \/><\/a><p id=\"caption-attachment-1482\" class=\"wp-caption-text\">1\u00aa Sub 8 \u00c1ngela Ivorra del Club La Vila<\/p><\/div>\n<div id=\"attachment_1484\" style=\"width: 410px\" class=\"wp-caption aligncenter\"><a href=\"https:\/\/ajedreztabiyaalcoy.es\/club\/wp-content\/uploads\/2015\/03\/Premiados-Sub-8-de-Alicante.jpg\"><img loading=\"lazy\" decoding=\"async\" aria-describedby=\"caption-attachment-1484\" class=\"wp-image-1484\" src=\"https:\/\/ajedreztabiyaalcoy.es\/club\/wp-content\/uploads\/2015\/03\/Premiados-Sub-8-de-Alicante.jpg\" alt=\"\" width=\"400\" height=\"311\" srcset=\"https:\/\/ajedreztabiyaalcoy.es\/club\/wp-content\/uploads\/2015\/03\/Premiados-Sub-8-de-Alicante.jpg 1149w, https:\/\/ajedreztabiyaalcoy.es\/club\/wp-content\/uploads\/2015\/03\/Premiados-Sub-8-de-Alicante-300x233.jpg 300w, https:\/\/ajedreztabiyaalcoy.es\/club\/wp-content\/uploads\/2015\/03\/Premiados-Sub-8-de-Alicante-768x598.jpg 768w, https:\/\/ajedreztabiyaalcoy.es\/club\/wp-content\/uploads\/2015\/03\/Premiados-Sub-8-de-Alicante-1024x797.jpg 1024w, https:\/\/ajedreztabiyaalcoy.es\/club\/wp-content\/uploads\/2015\/03\/Premiados-Sub-8-de-Alicante-50x39.jpg 50w\" sizes=\"auto, (max-width: 400px) 100vw, 400px\" \/><\/a><p id=\"caption-attachment-1484\" class=\"wp-caption-text\">Premiados Sub 8 de Alicante<\/p><\/div>\n<p style=\"text-align: justify;\">En cuanto al jugador del Club Tabiya Alcoy <strong>Alejandro Molt\u00f3<\/strong>, qued\u00f3 13\u00ba con 1 punto, falt\u00e1ndole reflexionar y pensar m\u00e1s en sus partidas, no pudiendo continuar por la tarde en las 3 partidas restantes.<\/p>\n<div id=\"attachment_1483\" style=\"width: 410px\" class=\"wp-caption aligncenter\"><a href=\"https:\/\/ajedreztabiyaalcoy.es\/club\/wp-content\/uploads\/2015\/03\/Alejandro-Molt\u00f3-del-Club-Tabiya-Alcoy.jpg\"><img loading=\"lazy\" decoding=\"async\" aria-describedby=\"caption-attachment-1483\" class=\"wp-image-1483\" src=\"https:\/\/ajedreztabiyaalcoy.es\/club\/wp-content\/uploads\/2015\/03\/Alejandro-Molt\u00f3-del-Club-Tabiya-Alcoy.jpg\" alt=\"\" width=\"400\" height=\"449\" srcset=\"https:\/\/ajedreztabiyaalcoy.es\/club\/wp-content\/uploads\/2015\/03\/Alejandro-Molt\u00f3-del-Club-Tabiya-Alcoy.jpg 923w, https:\/\/ajedreztabiyaalcoy.es\/club\/wp-content\/uploads\/2015\/03\/Alejandro-Molt\u00f3-del-Club-Tabiya-Alcoy-267x300.jpg 267w, https:\/\/ajedreztabiyaalcoy.es\/club\/wp-content\/uploads\/2015\/03\/Alejandro-Molt\u00f3-del-Club-Tabiya-Alcoy-768x863.jpg 768w, https:\/\/ajedreztabiyaalcoy.es\/club\/wp-content\/uploads\/2015\/03\/Alejandro-Molt\u00f3-del-Club-Tabiya-Alcoy-911x1024.jpg 911w, https:\/\/ajedreztabiyaalcoy.es\/club\/wp-content\/uploads\/2015\/03\/Alejandro-Molt\u00f3-del-Club-Tabiya-Alcoy-45x50.jpg 45w\" sizes=\"auto, (max-width: 400px) 100vw, 400px\" \/><\/a><p id=\"caption-attachment-1483\" class=\"wp-caption-text\">Alejandro Molt\u00f3 del Club Tabiya Alcoy<\/p><\/div>\n<ul style=\"text-align: justify;\">\n<li><strong><span style=\"text-decoration: underline;\">En Sub 10, con 12 jugadores.<\/span><\/strong><\/li>\n<\/ul>\n<p style=\"text-align: justify;\">Domin\u00f3 la Categor\u00eda el Campe\u00f3n<strong> Miguel P\u00e9rez <\/strong>del Club Benig\u00e0nim, siendo el jugador m\u00e1s s\u00f3lido por su juego. Los siguientes clasificados <strong>Gurgen Sargsyan<\/strong> del Club La Nuc\u00eda, <strong>Jose Garc\u00eda<\/strong> del Club Silla, y <strong>Jes\u00fas Mu\u00f1oz<\/strong> del Club Aspe, tuvieron entre ellos partidas muy luchadas para estar arriba de la clasificaci\u00f3n.<\/p>\n<p style=\"text-align: justify;\">Qued\u00f3 <strong>Campe\u00f3n Miguel P\u00e9rez del Club Benig\u00e0nim<\/strong>, \u00a1 que termin\u00f3 invicto sin perder partida, cediendo tan solo un empate !. <strong>Subcampe\u00f3n<\/strong> fue <strong>Gurgen Sargsyan del Club La Nuc\u00eda<\/strong>. <strong>3\u00ba<\/strong> qued\u00f3 <strong>Jos\u00e9 Garc\u00eda del Club Silla<\/strong>. La <strong>Campeona femenina<\/strong> fue <strong>Mar\u00eda del Mar Campos del Club Enric Valor-Figueras Pacheco de Alicante<\/strong>, en dura pugna con <strong>Nuria Garc\u00eda<\/strong> del mismo Club.<\/p>\n<div id=\"attachment_1485\" style=\"width: 410px\" class=\"wp-caption aligncenter\"><a href=\"https:\/\/ajedreztabiyaalcoy.es\/club\/wp-content\/uploads\/2015\/03\/1\u00ba-Sub-10-Miguel-P\u00e9rez-del-Club-Benig\u00e0nim.jpg\"><img loading=\"lazy\" decoding=\"async\" aria-describedby=\"caption-attachment-1485\" class=\"wp-image-1485\" src=\"https:\/\/ajedreztabiyaalcoy.es\/club\/wp-content\/uploads\/2015\/03\/1\u00ba-Sub-10-Miguel-P\u00e9rez-del-Club-Benig\u00e0nim.jpg\" alt=\"\" width=\"400\" height=\"464\" srcset=\"https:\/\/ajedreztabiyaalcoy.es\/club\/wp-content\/uploads\/2015\/03\/1\u00ba-Sub-10-Miguel-P\u00e9rez-del-Club-Benig\u00e0nim.jpg 930w, https:\/\/ajedreztabiyaalcoy.es\/club\/wp-content\/uploads\/2015\/03\/1\u00ba-Sub-10-Miguel-P\u00e9rez-del-Club-Benig\u00e0nim-259x300.jpg 259w, https:\/\/ajedreztabiyaalcoy.es\/club\/wp-content\/uploads\/2015\/03\/1\u00ba-Sub-10-Miguel-P\u00e9rez-del-Club-Benig\u00e0nim-768x891.jpg 768w, https:\/\/ajedreztabiyaalcoy.es\/club\/wp-content\/uploads\/2015\/03\/1\u00ba-Sub-10-Miguel-P\u00e9rez-del-Club-Benig\u00e0nim-883x1024.jpg 883w, https:\/\/ajedreztabiyaalcoy.es\/club\/wp-content\/uploads\/2015\/03\/1\u00ba-Sub-10-Miguel-P\u00e9rez-del-Club-Benig\u00e0nim-43x50.jpg 43w\" sizes=\"auto, (max-width: 400px) 100vw, 400px\" \/><\/a><p id=\"caption-attachment-1485\" class=\"wp-caption-text\">1\u00ba Sub 10 Miguel P\u00e9rez del Club Benig\u00e0nim<\/p><\/div>\n<div id=\"attachment_1486\" style=\"width: 410px\" class=\"wp-caption aligncenter\"><a href=\"https:\/\/ajedreztabiyaalcoy.es\/club\/wp-content\/uploads\/2015\/03\/2\u00ba-Sub-10-Gurgen-Sargsyan-del-Club-La-Nuc\u00eda.jpg\"><img loading=\"lazy\" decoding=\"async\" aria-describedby=\"caption-attachment-1486\" class=\"wp-image-1486\" src=\"https:\/\/ajedreztabiyaalcoy.es\/club\/wp-content\/uploads\/2015\/03\/2\u00ba-Sub-10-Gurgen-Sargsyan-del-Club-La-Nuc\u00eda.jpg\" alt=\"\" width=\"400\" height=\"542\" srcset=\"https:\/\/ajedreztabiyaalcoy.es\/club\/wp-content\/uploads\/2015\/03\/2\u00ba-Sub-10-Gurgen-Sargsyan-del-Club-La-Nuc\u00eda.jpg 808w, https:\/\/ajedreztabiyaalcoy.es\/club\/wp-content\/uploads\/2015\/03\/2\u00ba-Sub-10-Gurgen-Sargsyan-del-Club-La-Nuc\u00eda-222x300.jpg 222w, https:\/\/ajedreztabiyaalcoy.es\/club\/wp-content\/uploads\/2015\/03\/2\u00ba-Sub-10-Gurgen-Sargsyan-del-Club-La-Nuc\u00eda-768x1040.jpg 768w, https:\/\/ajedreztabiyaalcoy.es\/club\/wp-content\/uploads\/2015\/03\/2\u00ba-Sub-10-Gurgen-Sargsyan-del-Club-La-Nuc\u00eda-756x1024.jpg 756w, https:\/\/ajedreztabiyaalcoy.es\/club\/wp-content\/uploads\/2015\/03\/2\u00ba-Sub-10-Gurgen-Sargsyan-del-Club-La-Nuc\u00eda-37x50.jpg 37w\" sizes=\"auto, (max-width: 400px) 100vw, 400px\" \/><\/a><p id=\"caption-attachment-1486\" class=\"wp-caption-text\">2\u00ba Sub 10 Gurgen Sargsyan del Club La Nuc\u00eda<\/p><\/div>\n<div id=\"attachment_1487\" style=\"width: 410px\" class=\"wp-caption aligncenter\"><a href=\"https:\/\/ajedreztabiyaalcoy.es\/club\/wp-content\/uploads\/2015\/03\/3\u00ba-Sub-10-Jose-Garc\u00eda-del-Club-Silla.jpg\"><img loading=\"lazy\" decoding=\"async\" aria-describedby=\"caption-attachment-1487\" class=\"wp-image-1487\" src=\"https:\/\/ajedreztabiyaalcoy.es\/club\/wp-content\/uploads\/2015\/03\/3\u00ba-Sub-10-Jose-Garc\u00eda-del-Club-Silla.jpg\" alt=\"\" width=\"400\" height=\"352\" srcset=\"https:\/\/ajedreztabiyaalcoy.es\/club\/wp-content\/uploads\/2015\/03\/3\u00ba-Sub-10-Jose-Garc\u00eda-del-Club-Silla.jpg 1076w, https:\/\/ajedreztabiyaalcoy.es\/club\/wp-content\/uploads\/2015\/03\/3\u00ba-Sub-10-Jose-Garc\u00eda-del-Club-Silla-300x264.jpg 300w, https:\/\/ajedreztabiyaalcoy.es\/club\/wp-content\/uploads\/2015\/03\/3\u00ba-Sub-10-Jose-Garc\u00eda-del-Club-Silla-768x677.jpg 768w, https:\/\/ajedreztabiyaalcoy.es\/club\/wp-content\/uploads\/2015\/03\/3\u00ba-Sub-10-Jose-Garc\u00eda-del-Club-Silla-1024x902.jpg 1024w, https:\/\/ajedreztabiyaalcoy.es\/club\/wp-content\/uploads\/2015\/03\/3\u00ba-Sub-10-Jose-Garc\u00eda-del-Club-Silla-50x44.jpg 50w\" sizes=\"auto, (max-width: 400px) 100vw, 400px\" \/><\/a><p id=\"caption-attachment-1487\" class=\"wp-caption-text\">3\u00ba Sub 10 Jose Garc\u00eda del Club Silla<\/p><\/div>\n<div id=\"attachment_1488\" style=\"width: 410px\" class=\"wp-caption aligncenter\"><a href=\"https:\/\/ajedreztabiyaalcoy.es\/club\/wp-content\/uploads\/2015\/03\/1\u00aa-Sub-10-Mar\u00eda-del-Mar-Campos-del-Club-Enric-Valor-Figueras-Pacheco.jpg\"><img loading=\"lazy\" decoding=\"async\" aria-describedby=\"caption-attachment-1488\" class=\"wp-image-1488\" src=\"https:\/\/ajedreztabiyaalcoy.es\/club\/wp-content\/uploads\/2015\/03\/1\u00aa-Sub-10-Mar\u00eda-del-Mar-Campos-del-Club-Enric-Valor-Figueras-Pacheco.jpg\" alt=\"\" width=\"400\" height=\"344\" srcset=\"https:\/\/ajedreztabiyaalcoy.es\/club\/wp-content\/uploads\/2015\/03\/1\u00aa-Sub-10-Mar\u00eda-del-Mar-Campos-del-Club-Enric-Valor-Figueras-Pacheco.jpg 1028w, https:\/\/ajedreztabiyaalcoy.es\/club\/wp-content\/uploads\/2015\/03\/1\u00aa-Sub-10-Mar\u00eda-del-Mar-Campos-del-Club-Enric-Valor-Figueras-Pacheco-300x258.jpg 300w, https:\/\/ajedreztabiyaalcoy.es\/club\/wp-content\/uploads\/2015\/03\/1\u00aa-Sub-10-Mar\u00eda-del-Mar-Campos-del-Club-Enric-Valor-Figueras-Pacheco-768x660.jpg 768w, https:\/\/ajedreztabiyaalcoy.es\/club\/wp-content\/uploads\/2015\/03\/1\u00aa-Sub-10-Mar\u00eda-del-Mar-Campos-del-Club-Enric-Valor-Figueras-Pacheco-1024x881.jpg 1024w, https:\/\/ajedreztabiyaalcoy.es\/club\/wp-content\/uploads\/2015\/03\/1\u00aa-Sub-10-Mar\u00eda-del-Mar-Campos-del-Club-Enric-Valor-Figueras-Pacheco-50x43.jpg 50w\" sizes=\"auto, (max-width: 400px) 100vw, 400px\" \/><\/a><p id=\"caption-attachment-1488\" class=\"wp-caption-text\">1\u00aa Sub 10 Mar\u00eda del Mar Campos del Club Enric Valor-Figueras Pacheco<\/p><\/div>\n<div id=\"attachment_1489\" style=\"width: 410px\" class=\"wp-caption aligncenter\"><a href=\"https:\/\/ajedreztabiyaalcoy.es\/club\/wp-content\/uploads\/2015\/03\/Premiados-Sub-10-de-Alicante.jpg\"><img loading=\"lazy\" decoding=\"async\" aria-describedby=\"caption-attachment-1489\" class=\"wp-image-1489\" src=\"https:\/\/ajedreztabiyaalcoy.es\/club\/wp-content\/uploads\/2015\/03\/Premiados-Sub-10-de-Alicante.jpg\" alt=\"\" width=\"400\" height=\"267\" srcset=\"https:\/\/ajedreztabiyaalcoy.es\/club\/wp-content\/uploads\/2015\/03\/Premiados-Sub-10-de-Alicante.jpg 1361w, https:\/\/ajedreztabiyaalcoy.es\/club\/wp-content\/uploads\/2015\/03\/Premiados-Sub-10-de-Alicante-300x200.jpg 300w, https:\/\/ajedreztabiyaalcoy.es\/club\/wp-content\/uploads\/2015\/03\/Premiados-Sub-10-de-Alicante-768x512.jpg 768w, https:\/\/ajedreztabiyaalcoy.es\/club\/wp-content\/uploads\/2015\/03\/Premiados-Sub-10-de-Alicante-1024x682.jpg 1024w, https:\/\/ajedreztabiyaalcoy.es\/club\/wp-content\/uploads\/2015\/03\/Premiados-Sub-10-de-Alicante-50x33.jpg 50w\" sizes=\"auto, (max-width: 400px) 100vw, 400px\" \/><\/a><p id=\"caption-attachment-1489\" class=\"wp-caption-text\">Premiados Sub 10 de Alicante<\/p><\/div>\n<p style=\"text-align: justify;\">En cuanto al jugador local del Club Cocentaina <strong>Alejandro Espinosa<\/strong>, qued\u00f3 8\u00ba con 3 puntos, si bien pudo mejorar en la clasificaci\u00f3n, de jugar m\u00e1s preciso en las posiciones ventajosas que dispuso en algunas partidas.<\/p>\n<div id=\"attachment_1490\" style=\"width: 410px\" class=\"wp-caption aligncenter\"><a href=\"https:\/\/ajedreztabiyaalcoy.es\/club\/wp-content\/uploads\/2015\/03\/Alejandro-Espinosa-del-Club-Cocentaina.jpg\"><img loading=\"lazy\" decoding=\"async\" aria-describedby=\"caption-attachment-1490\" class=\"wp-image-1490\" src=\"https:\/\/ajedreztabiyaalcoy.es\/club\/wp-content\/uploads\/2015\/03\/Alejandro-Espinosa-del-Club-Cocentaina.jpg\" alt=\"\" width=\"400\" height=\"417\" srcset=\"https:\/\/ajedreztabiyaalcoy.es\/club\/wp-content\/uploads\/2015\/03\/Alejandro-Espinosa-del-Club-Cocentaina.jpg 994w, https:\/\/ajedreztabiyaalcoy.es\/club\/wp-content\/uploads\/2015\/03\/Alejandro-Espinosa-del-Club-Cocentaina-288x300.jpg 288w, https:\/\/ajedreztabiyaalcoy.es\/club\/wp-content\/uploads\/2015\/03\/Alejandro-Espinosa-del-Club-Cocentaina-768x801.jpg 768w, https:\/\/ajedreztabiyaalcoy.es\/club\/wp-content\/uploads\/2015\/03\/Alejandro-Espinosa-del-Club-Cocentaina-982x1024.jpg 982w, https:\/\/ajedreztabiyaalcoy.es\/club\/wp-content\/uploads\/2015\/03\/Alejandro-Espinosa-del-Club-Cocentaina-48x50.jpg 48w\" sizes=\"auto, (max-width: 400px) 100vw, 400px\" \/><\/a><p id=\"caption-attachment-1490\" class=\"wp-caption-text\">Alejandro Espinosa del Club Cocentaina<\/p><\/div>\n<ul style=\"text-align: justify;\">\n<li><strong><span style=\"text-decoration: underline;\">En Sub 12, con 22 jugadores.<\/span><\/strong><\/li>\n<\/ul>\n<p style=\"text-align: justify;\">Domin\u00f3 la Categor\u00eda el favorito <strong>Santiago Garc\u00eda<\/strong>, que jug\u00f3 a un gran nivel y no dio opci\u00f3n a sus rivales. Le sigui\u00f3 tambi\u00e9n con un gran juego <strong>David Aledo<\/strong>. Los siguientes clasificados del 3\u00ba al 8\u00ba estuvieron luchando entre ellos en las primeras mesas, dando la sorpresa por su buen juego el jugador del Club Alicante <strong>Yangjie Lin Hu<\/strong>, que venci\u00f3 a varios fuertes jugadores, llev\u00e1ndose as\u00ed un meritorio 3er. Puesto, al que optaban tambi\u00e9n los fuertes jugadores <strong>Rebeca Jim\u00e9nez<\/strong> del Club X\u00e0bia, <strong>Nieves Sanle\u00f3n<\/strong> del Club Silla, <strong>Lorenzo Miralles<\/strong> del Club Goloso Pe\u00f3n de Novelda, <strong>Jouke Duller<\/strong> del Club Alicante, y <strong>Antoni Bertomeu<\/strong> del Club X\u00e0bia.<\/p>\n<div id=\"attachment_1496\" style=\"width: 410px\" class=\"wp-caption aligncenter\"><a href=\"https:\/\/ajedreztabiyaalcoy.es\/club\/wp-content\/uploads\/2015\/03\/Duelo-importante-en-Sub-12-Nieves-Sanle\u00f3n-izq-y-Rebeca-Jim\u00e9nez-dcha.jpg\"><img loading=\"lazy\" decoding=\"async\" aria-describedby=\"caption-attachment-1496\" class=\"wp-image-1496\" src=\"https:\/\/ajedreztabiyaalcoy.es\/club\/wp-content\/uploads\/2015\/03\/Duelo-importante-en-Sub-12-Nieves-Sanle\u00f3n-izq-y-Rebeca-Jim\u00e9nez-dcha.jpg\" alt=\"\" width=\"400\" height=\"267\" srcset=\"https:\/\/ajedreztabiyaalcoy.es\/club\/wp-content\/uploads\/2015\/03\/Duelo-importante-en-Sub-12-Nieves-Sanle\u00f3n-izq-y-Rebeca-Jim\u00e9nez-dcha.jpg 1361w, https:\/\/ajedreztabiyaalcoy.es\/club\/wp-content\/uploads\/2015\/03\/Duelo-importante-en-Sub-12-Nieves-Sanle\u00f3n-izq-y-Rebeca-Jim\u00e9nez-dcha-300x200.jpg 300w, https:\/\/ajedreztabiyaalcoy.es\/club\/wp-content\/uploads\/2015\/03\/Duelo-importante-en-Sub-12-Nieves-Sanle\u00f3n-izq-y-Rebeca-Jim\u00e9nez-dcha-768x512.jpg 768w, https:\/\/ajedreztabiyaalcoy.es\/club\/wp-content\/uploads\/2015\/03\/Duelo-importante-en-Sub-12-Nieves-Sanle\u00f3n-izq-y-Rebeca-Jim\u00e9nez-dcha-1024x682.jpg 1024w, https:\/\/ajedreztabiyaalcoy.es\/club\/wp-content\/uploads\/2015\/03\/Duelo-importante-en-Sub-12-Nieves-Sanle\u00f3n-izq-y-Rebeca-Jim\u00e9nez-dcha-50x33.jpg 50w\" sizes=\"auto, (max-width: 400px) 100vw, 400px\" \/><\/a><p id=\"caption-attachment-1496\" class=\"wp-caption-text\">Duelo importante femenino en Sub 12, Nieves Sanle\u00f3n (izq) y Rebeca Jim\u00e9nez (dcha)<\/p><\/div>\n<p style=\"text-align: justify;\">Qued\u00f3 <strong>Campe\u00f3n Santiago Garc\u00eda del Club Enric Valor-Figueras Pacheco de Alicante<\/strong>, \u00a1 que termin\u00f3 imbatido sin perder partida, cediendo tan solo un empate !. <strong>Subcampe\u00f3n<\/strong> fue <strong>David Aledo del Club Enric Valor-Figueras Pacheco de Alicante<\/strong>, que tan s\u00f3lo perdi\u00f3 con el Campe\u00f3n. <strong>3\u00ba<\/strong> qued\u00f3 <strong>Yangjie Lin Hu del Club Alicante<\/strong>, que perdi\u00f3 con los 2 primeros. La <strong>Campeona femenina<\/strong> fue <strong>Rebeca Jim\u00e9nez del Club X\u00e0bia<\/strong>, en dura lucha con <strong>Nieves Sanle\u00f3n<\/strong> del Club Silla.<\/p>\n<div id=\"attachment_1491\" style=\"width: 410px\" class=\"wp-caption aligncenter\"><a href=\"https:\/\/ajedreztabiyaalcoy.es\/club\/wp-content\/uploads\/2015\/03\/1\u00ba-Sub-12-Santiago-Garc\u00eda-del-Club-Enric-Valor-Figueras-Pacheco.jpg\"><img loading=\"lazy\" decoding=\"async\" aria-describedby=\"caption-attachment-1491\" class=\"wp-image-1491\" src=\"https:\/\/ajedreztabiyaalcoy.es\/club\/wp-content\/uploads\/2015\/03\/1\u00ba-Sub-12-Santiago-Garc\u00eda-del-Club-Enric-Valor-Figueras-Pacheco.jpg\" alt=\"\" width=\"400\" height=\"397\" srcset=\"https:\/\/ajedreztabiyaalcoy.es\/club\/wp-content\/uploads\/2015\/03\/1\u00ba-Sub-12-Santiago-Garc\u00eda-del-Club-Enric-Valor-Figueras-Pacheco.jpg 1107w, https:\/\/ajedreztabiyaalcoy.es\/club\/wp-content\/uploads\/2015\/03\/1\u00ba-Sub-12-Santiago-Garc\u00eda-del-Club-Enric-Valor-Figueras-Pacheco-150x150.jpg 150w, https:\/\/ajedreztabiyaalcoy.es\/club\/wp-content\/uploads\/2015\/03\/1\u00ba-Sub-12-Santiago-Garc\u00eda-del-Club-Enric-Valor-Figueras-Pacheco-300x298.jpg 300w, https:\/\/ajedreztabiyaalcoy.es\/club\/wp-content\/uploads\/2015\/03\/1\u00ba-Sub-12-Santiago-Garc\u00eda-del-Club-Enric-Valor-Figueras-Pacheco-768x762.jpg 768w, https:\/\/ajedreztabiyaalcoy.es\/club\/wp-content\/uploads\/2015\/03\/1\u00ba-Sub-12-Santiago-Garc\u00eda-del-Club-Enric-Valor-Figueras-Pacheco-1024x1016.jpg 1024w, https:\/\/ajedreztabiyaalcoy.es\/club\/wp-content\/uploads\/2015\/03\/1\u00ba-Sub-12-Santiago-Garc\u00eda-del-Club-Enric-Valor-Figueras-Pacheco-50x50.jpg 50w\" sizes=\"auto, (max-width: 400px) 100vw, 400px\" \/><\/a><p id=\"caption-attachment-1491\" class=\"wp-caption-text\">1\u00ba Sub 12 Santiago Garc\u00eda del Club Enric Valor-Figueras Pacheco<\/p><\/div>\n<div id=\"attachment_1492\" style=\"width: 410px\" class=\"wp-caption aligncenter\"><a href=\"https:\/\/ajedreztabiyaalcoy.es\/club\/wp-content\/uploads\/2015\/03\/2\u00ba-Sub-12-David-Aledo-del-Club-Enric-Valor-Figueras-Pacheco.jpg\"><img loading=\"lazy\" decoding=\"async\" aria-describedby=\"caption-attachment-1492\" class=\"wp-image-1492\" src=\"https:\/\/ajedreztabiyaalcoy.es\/club\/wp-content\/uploads\/2015\/03\/2\u00ba-Sub-12-David-Aledo-del-Club-Enric-Valor-Figueras-Pacheco.jpg\" alt=\"\" width=\"400\" height=\"492\" srcset=\"https:\/\/ajedreztabiyaalcoy.es\/club\/wp-content\/uploads\/2015\/03\/2\u00ba-Sub-12-David-Aledo-del-Club-Enric-Valor-Figueras-Pacheco.jpg 865w, https:\/\/ajedreztabiyaalcoy.es\/club\/wp-content\/uploads\/2015\/03\/2\u00ba-Sub-12-David-Aledo-del-Club-Enric-Valor-Figueras-Pacheco-244x300.jpg 244w, https:\/\/ajedreztabiyaalcoy.es\/club\/wp-content\/uploads\/2015\/03\/2\u00ba-Sub-12-David-Aledo-del-Club-Enric-Valor-Figueras-Pacheco-768x946.jpg 768w, https:\/\/ajedreztabiyaalcoy.es\/club\/wp-content\/uploads\/2015\/03\/2\u00ba-Sub-12-David-Aledo-del-Club-Enric-Valor-Figueras-Pacheco-832x1024.jpg 832w, https:\/\/ajedreztabiyaalcoy.es\/club\/wp-content\/uploads\/2015\/03\/2\u00ba-Sub-12-David-Aledo-del-Club-Enric-Valor-Figueras-Pacheco-41x50.jpg 41w\" sizes=\"auto, (max-width: 400px) 100vw, 400px\" \/><\/a><p id=\"caption-attachment-1492\" class=\"wp-caption-text\">2\u00ba Sub 12 David Aledo del Club Enric Valor-Figueras Pacheco<\/p><\/div>\n<div id=\"attachment_1493\" style=\"width: 410px\" class=\"wp-caption aligncenter\"><a href=\"https:\/\/ajedreztabiyaalcoy.es\/club\/wp-content\/uploads\/2015\/03\/3\u00ba-Sub-10-Yangjie-Lin-Hu-del-Club-Alicante.jpg\"><img loading=\"lazy\" decoding=\"async\" aria-describedby=\"caption-attachment-1493\" class=\"wp-image-1493\" src=\"https:\/\/ajedreztabiyaalcoy.es\/club\/wp-content\/uploads\/2015\/03\/3\u00ba-Sub-10-Yangjie-Lin-Hu-del-Club-Alicante.jpg\" alt=\"\" width=\"400\" height=\"408\" srcset=\"https:\/\/ajedreztabiyaalcoy.es\/club\/wp-content\/uploads\/2015\/03\/3\u00ba-Sub-10-Yangjie-Lin-Hu-del-Club-Alicante.jpg 1062w, https:\/\/ajedreztabiyaalcoy.es\/club\/wp-content\/uploads\/2015\/03\/3\u00ba-Sub-10-Yangjie-Lin-Hu-del-Club-Alicante-294x300.jpg 294w, https:\/\/ajedreztabiyaalcoy.es\/club\/wp-content\/uploads\/2015\/03\/3\u00ba-Sub-10-Yangjie-Lin-Hu-del-Club-Alicante-768x782.jpg 768w, https:\/\/ajedreztabiyaalcoy.es\/club\/wp-content\/uploads\/2015\/03\/3\u00ba-Sub-10-Yangjie-Lin-Hu-del-Club-Alicante-1005x1024.jpg 1005w, https:\/\/ajedreztabiyaalcoy.es\/club\/wp-content\/uploads\/2015\/03\/3\u00ba-Sub-10-Yangjie-Lin-Hu-del-Club-Alicante-50x50.jpg 50w\" sizes=\"auto, (max-width: 400px) 100vw, 400px\" \/><\/a><p id=\"caption-attachment-1493\" class=\"wp-caption-text\">3\u00ba Sub 12 Yangjie Lin Hu del Club Alicante<\/p><\/div>\n<div id=\"attachment_1494\" style=\"width: 410px\" class=\"wp-caption aligncenter\"><a href=\"https:\/\/ajedreztabiyaalcoy.es\/club\/wp-content\/uploads\/2015\/03\/1\u00aa-Sub-12-Rebeca-Jim\u00e9nez-del-Club-X\u00e0bia.jpg\"><img loading=\"lazy\" decoding=\"async\" aria-describedby=\"caption-attachment-1494\" class=\"wp-image-1494\" src=\"https:\/\/ajedreztabiyaalcoy.es\/club\/wp-content\/uploads\/2015\/03\/1\u00aa-Sub-12-Rebeca-Jim\u00e9nez-del-Club-X\u00e0bia.jpg\" alt=\"\" width=\"400\" height=\"568\" srcset=\"https:\/\/ajedreztabiyaalcoy.es\/club\/wp-content\/uploads\/2015\/03\/1\u00aa-Sub-12-Rebeca-Jim\u00e9nez-del-Club-X\u00e0bia.jpg 751w, https:\/\/ajedreztabiyaalcoy.es\/club\/wp-content\/uploads\/2015\/03\/1\u00aa-Sub-12-Rebeca-Jim\u00e9nez-del-Club-X\u00e0bia-211x300.jpg 211w, https:\/\/ajedreztabiyaalcoy.es\/club\/wp-content\/uploads\/2015\/03\/1\u00aa-Sub-12-Rebeca-Jim\u00e9nez-del-Club-X\u00e0bia-721x1024.jpg 721w, https:\/\/ajedreztabiyaalcoy.es\/club\/wp-content\/uploads\/2015\/03\/1\u00aa-Sub-12-Rebeca-Jim\u00e9nez-del-Club-X\u00e0bia-35x50.jpg 35w\" sizes=\"auto, (max-width: 400px) 100vw, 400px\" \/><\/a><p id=\"caption-attachment-1494\" class=\"wp-caption-text\">1\u00aa Sub 12 Rebeca Jim\u00e9nez del Club X\u00e0bia<\/p><\/div>\n<div id=\"attachment_1495\" style=\"width: 410px\" class=\"wp-caption aligncenter\"><a href=\"https:\/\/ajedreztabiyaalcoy.es\/club\/wp-content\/uploads\/2015\/03\/Premiados-Sub-12-de-Alicante.jpg\"><img loading=\"lazy\" decoding=\"async\" aria-describedby=\"caption-attachment-1495\" class=\"wp-image-1495\" src=\"https:\/\/ajedreztabiyaalcoy.es\/club\/wp-content\/uploads\/2015\/03\/Premiados-Sub-12-de-Alicante.jpg\" alt=\"\" width=\"400\" height=\"267\" srcset=\"https:\/\/ajedreztabiyaalcoy.es\/club\/wp-content\/uploads\/2015\/03\/Premiados-Sub-12-de-Alicante.jpg 1361w, https:\/\/ajedreztabiyaalcoy.es\/club\/wp-content\/uploads\/2015\/03\/Premiados-Sub-12-de-Alicante-300x200.jpg 300w, https:\/\/ajedreztabiyaalcoy.es\/club\/wp-content\/uploads\/2015\/03\/Premiados-Sub-12-de-Alicante-768x512.jpg 768w, https:\/\/ajedreztabiyaalcoy.es\/club\/wp-content\/uploads\/2015\/03\/Premiados-Sub-12-de-Alicante-1024x682.jpg 1024w, https:\/\/ajedreztabiyaalcoy.es\/club\/wp-content\/uploads\/2015\/03\/Premiados-Sub-12-de-Alicante-50x33.jpg 50w\" sizes=\"auto, (max-width: 400px) 100vw, 400px\" \/><\/a><p id=\"caption-attachment-1495\" class=\"wp-caption-text\">Premiados Sub 12 de Alicante<\/p><\/div>\n<p style=\"text-align: justify;\">En cuanto a los jugadores locales del Club Cocentaina <strong>Ant\u00f3n L\u00f3pez<\/strong> fue 13\u00ba con 3 puntos, <strong>Pablo Madrigal<\/strong> 19\u00ba con 2 puntos, y <strong>Andrea Mira<\/strong> 22\u00aa con 1 punto. El jugador del Club Tabiya Alcoy <strong>Emilio Barea<\/strong>, qued\u00f3 14\u00ba con 3 puntos. Todos ellos no estuvieron muy afortunados, pues jugaron por debajo de su nivel de juego, en especial <strong>Ant\u00f3n L\u00f3pez<\/strong> que debi\u00f3 estar m\u00e1s arriba en la clasificaci\u00f3n.<\/p>\n<div id=\"attachment_1497\" style=\"width: 410px\" class=\"wp-caption aligncenter\"><a href=\"https:\/\/ajedreztabiyaalcoy.es\/club\/wp-content\/uploads\/2015\/03\/Ant\u00f3n-L\u00f3pez-del-Club-Cocentaina.jpg\"><img loading=\"lazy\" decoding=\"async\" aria-describedby=\"caption-attachment-1497\" class=\"wp-image-1497\" src=\"https:\/\/ajedreztabiyaalcoy.es\/club\/wp-content\/uploads\/2015\/03\/Ant\u00f3n-L\u00f3pez-del-Club-Cocentaina.jpg\" alt=\"\" width=\"400\" height=\"350\" srcset=\"https:\/\/ajedreztabiyaalcoy.es\/club\/wp-content\/uploads\/2015\/03\/Ant\u00f3n-L\u00f3pez-del-Club-Cocentaina.jpg 1101w, https:\/\/ajedreztabiyaalcoy.es\/club\/wp-content\/uploads\/2015\/03\/Ant\u00f3n-L\u00f3pez-del-Club-Cocentaina-300x262.jpg 300w, https:\/\/ajedreztabiyaalcoy.es\/club\/wp-content\/uploads\/2015\/03\/Ant\u00f3n-L\u00f3pez-del-Club-Cocentaina-768x671.jpg 768w, https:\/\/ajedreztabiyaalcoy.es\/club\/wp-content\/uploads\/2015\/03\/Ant\u00f3n-L\u00f3pez-del-Club-Cocentaina-1024x895.jpg 1024w, https:\/\/ajedreztabiyaalcoy.es\/club\/wp-content\/uploads\/2015\/03\/Ant\u00f3n-L\u00f3pez-del-Club-Cocentaina-50x44.jpg 50w\" sizes=\"auto, (max-width: 400px) 100vw, 400px\" \/><\/a><p id=\"caption-attachment-1497\" class=\"wp-caption-text\">Ant\u00f3n L\u00f3pez del Club Cocentaina<\/p><\/div>\n<div id=\"attachment_1498\" style=\"width: 410px\" class=\"wp-caption aligncenter\"><a href=\"https:\/\/ajedreztabiyaalcoy.es\/club\/wp-content\/uploads\/2015\/03\/Pablo-Madrigal-del-Club-Cocentaina.jpg\"><img loading=\"lazy\" decoding=\"async\" aria-describedby=\"caption-attachment-1498\" class=\"wp-image-1498\" src=\"https:\/\/ajedreztabiyaalcoy.es\/club\/wp-content\/uploads\/2015\/03\/Pablo-Madrigal-del-Club-Cocentaina.jpg\" alt=\"\" width=\"400\" height=\"267\" srcset=\"https:\/\/ajedreztabiyaalcoy.es\/club\/wp-content\/uploads\/2015\/03\/Pablo-Madrigal-del-Club-Cocentaina.jpg 1361w, https:\/\/ajedreztabiyaalcoy.es\/club\/wp-content\/uploads\/2015\/03\/Pablo-Madrigal-del-Club-Cocentaina-300x200.jpg 300w, https:\/\/ajedreztabiyaalcoy.es\/club\/wp-content\/uploads\/2015\/03\/Pablo-Madrigal-del-Club-Cocentaina-768x512.jpg 768w, https:\/\/ajedreztabiyaalcoy.es\/club\/wp-content\/uploads\/2015\/03\/Pablo-Madrigal-del-Club-Cocentaina-1024x682.jpg 1024w, https:\/\/ajedreztabiyaalcoy.es\/club\/wp-content\/uploads\/2015\/03\/Pablo-Madrigal-del-Club-Cocentaina-50x33.jpg 50w\" sizes=\"auto, (max-width: 400px) 100vw, 400px\" \/><\/a><p id=\"caption-attachment-1498\" class=\"wp-caption-text\">Pablo Madrigal del Club Cocentaina<\/p><\/div>\n<div id=\"attachment_1499\" style=\"width: 410px\" class=\"wp-caption aligncenter\"><a href=\"https:\/\/ajedreztabiyaalcoy.es\/club\/wp-content\/uploads\/2015\/03\/Andrea-Mira-del-Club-Cocentaina.jpg\"><img loading=\"lazy\" decoding=\"async\" aria-describedby=\"caption-attachment-1499\" class=\"wp-image-1499\" src=\"https:\/\/ajedreztabiyaalcoy.es\/club\/wp-content\/uploads\/2015\/03\/Andrea-Mira-del-Club-Cocentaina.jpg\" alt=\"\" width=\"400\" height=\"333\" srcset=\"https:\/\/ajedreztabiyaalcoy.es\/club\/wp-content\/uploads\/2015\/03\/Andrea-Mira-del-Club-Cocentaina.jpg 1051w, https:\/\/ajedreztabiyaalcoy.es\/club\/wp-content\/uploads\/2015\/03\/Andrea-Mira-del-Club-Cocentaina-300x250.jpg 300w, https:\/\/ajedreztabiyaalcoy.es\/club\/wp-content\/uploads\/2015\/03\/Andrea-Mira-del-Club-Cocentaina-768x640.jpg 768w, https:\/\/ajedreztabiyaalcoy.es\/club\/wp-content\/uploads\/2015\/03\/Andrea-Mira-del-Club-Cocentaina-1024x853.jpg 1024w, https:\/\/ajedreztabiyaalcoy.es\/club\/wp-content\/uploads\/2015\/03\/Andrea-Mira-del-Club-Cocentaina-50x42.jpg 50w\" sizes=\"auto, (max-width: 400px) 100vw, 400px\" \/><\/a><p id=\"caption-attachment-1499\" class=\"wp-caption-text\">Andrea Mira del Club Cocentaina<\/p><\/div>\n<div id=\"attachment_1500\" style=\"width: 410px\" class=\"wp-caption aligncenter\"><a href=\"https:\/\/ajedreztabiyaalcoy.es\/club\/wp-content\/uploads\/2015\/03\/Emilio-Barea-del-Club-Tabiya-Alcoy.jpg\"><img loading=\"lazy\" decoding=\"async\" aria-describedby=\"caption-attachment-1500\" class=\"wp-image-1500\" src=\"https:\/\/ajedreztabiyaalcoy.es\/club\/wp-content\/uploads\/2015\/03\/Emilio-Barea-del-Club-Tabiya-Alcoy.jpg\" alt=\"\" width=\"400\" height=\"257\" srcset=\"https:\/\/ajedreztabiyaalcoy.es\/club\/wp-content\/uploads\/2015\/03\/Emilio-Barea-del-Club-Tabiya-Alcoy.jpg 1281w, https:\/\/ajedreztabiyaalcoy.es\/club\/wp-content\/uploads\/2015\/03\/Emilio-Barea-del-Club-Tabiya-Alcoy-300x193.jpg 300w, https:\/\/ajedreztabiyaalcoy.es\/club\/wp-content\/uploads\/2015\/03\/Emilio-Barea-del-Club-Tabiya-Alcoy-768x493.jpg 768w, https:\/\/ajedreztabiyaalcoy.es\/club\/wp-content\/uploads\/2015\/03\/Emilio-Barea-del-Club-Tabiya-Alcoy-1024x658.jpg 1024w, https:\/\/ajedreztabiyaalcoy.es\/club\/wp-content\/uploads\/2015\/03\/Emilio-Barea-del-Club-Tabiya-Alcoy-50x32.jpg 50w\" sizes=\"auto, (max-width: 400px) 100vw, 400px\" \/><\/a><p id=\"caption-attachment-1500\" class=\"wp-caption-text\">Emilio Barea del Club Tabiya Alcoy<\/p><\/div>\n<ul style=\"text-align: justify;\">\n<li><strong><span style=\"text-decoration: underline;\">En Sub 18, con 18 jugadores.<\/span><\/strong><\/li>\n<\/ul>\n<p style=\"text-align: justify;\">Esta Categor\u00eda tuvo un gran nivel ya que la mayor\u00eda de los primeros clasificados forman parte de la Tecnificaci\u00f3n de la Federaci\u00f3n y tuvieron que enfrentarse entre ellos, si bien domin\u00f3 la Categor\u00eda el Campe\u00f3n <strong>H\u00e9ctor G\u00f3mez<\/strong>, por su excelente juego y solidez. Le siguieron un grupo de jugadores tambi\u00e9n con un gran juego <strong>Javier Aledo<\/strong>, <strong>Lluis Navarro<\/strong>, <strong>Adri\u00e1n Galiana<\/strong>, <strong>Pau Serra<\/strong>, <strong>Ana Picazo<\/strong>, y <strong>Diego L\u00f3pez<\/strong>.<\/p>\n<p style=\"text-align: justify;\">Qued\u00f3 <strong>Campe\u00f3n H\u00e9ctor G\u00f3mez del Club Alcoy<\/strong>, \u00a1 que termin\u00f3 invicto sin perder partida, cediendo tan solo dos empates !. <strong>Subcampe\u00f3n<\/strong> fue <strong>Javier Aledo del Club Enric Valor-Figueras Pacheco de Alicante<\/strong>. <strong>3\u00ba<\/strong> qued\u00f3 <strong>Lluis Navarro del Club Enric Valor-Figueras Pacheco de Alicante<\/strong>. La <strong>Campeona femenina<\/strong> fue <strong>Ana Picazo del Club Alicante<\/strong>, en dura pugna con <strong>Ana Erades<\/strong> del Club Aspe.<\/p>\n<div id=\"attachment_1501\" style=\"width: 410px\" class=\"wp-caption aligncenter\"><a href=\"https:\/\/ajedreztabiyaalcoy.es\/club\/wp-content\/uploads\/2015\/03\/1\u00ba-Sub-18-H\u00e9ctor-G\u00f3mez-del-Club-Alcoy.jpg\"><img loading=\"lazy\" decoding=\"async\" aria-describedby=\"caption-attachment-1501\" class=\"wp-image-1501\" src=\"https:\/\/ajedreztabiyaalcoy.es\/club\/wp-content\/uploads\/2015\/03\/1\u00ba-Sub-18-H\u00e9ctor-G\u00f3mez-del-Club-Alcoy.jpg\" alt=\"\" width=\"400\" height=\"398\" srcset=\"https:\/\/ajedreztabiyaalcoy.es\/club\/wp-content\/uploads\/2015\/03\/1\u00ba-Sub-18-H\u00e9ctor-G\u00f3mez-del-Club-Alcoy.jpg 1091w, https:\/\/ajedreztabiyaalcoy.es\/club\/wp-content\/uploads\/2015\/03\/1\u00ba-Sub-18-H\u00e9ctor-G\u00f3mez-del-Club-Alcoy-150x150.jpg 150w, https:\/\/ajedreztabiyaalcoy.es\/club\/wp-content\/uploads\/2015\/03\/1\u00ba-Sub-18-H\u00e9ctor-G\u00f3mez-del-Club-Alcoy-300x300.jpg 300w, https:\/\/ajedreztabiyaalcoy.es\/club\/wp-content\/uploads\/2015\/03\/1\u00ba-Sub-18-H\u00e9ctor-G\u00f3mez-del-Club-Alcoy-768x764.jpg 768w, https:\/\/ajedreztabiyaalcoy.es\/club\/wp-content\/uploads\/2015\/03\/1\u00ba-Sub-18-H\u00e9ctor-G\u00f3mez-del-Club-Alcoy-1024x1019.jpg 1024w, https:\/\/ajedreztabiyaalcoy.es\/club\/wp-content\/uploads\/2015\/03\/1\u00ba-Sub-18-H\u00e9ctor-G\u00f3mez-del-Club-Alcoy-50x50.jpg 50w\" sizes=\"auto, (max-width: 400px) 100vw, 400px\" \/><\/a><p id=\"caption-attachment-1501\" class=\"wp-caption-text\">1\u00ba Sub 18 H\u00e9ctor G\u00f3mez del Club Alcoy<\/p><\/div>\n<div id=\"attachment_1502\" style=\"width: 410px\" class=\"wp-caption aligncenter\"><a href=\"https:\/\/ajedreztabiyaalcoy.es\/club\/wp-content\/uploads\/2015\/03\/2\u00ba-Sub-18-Javier-Aledo-del-Club-Enric-Valor-Figueras-Pacheco.jpg\"><img loading=\"lazy\" decoding=\"async\" aria-describedby=\"caption-attachment-1502\" class=\"wp-image-1502\" src=\"https:\/\/ajedreztabiyaalcoy.es\/club\/wp-content\/uploads\/2015\/03\/2\u00ba-Sub-18-Javier-Aledo-del-Club-Enric-Valor-Figueras-Pacheco.jpg\" alt=\"\" width=\"400\" height=\"399\" srcset=\"https:\/\/ajedreztabiyaalcoy.es\/club\/wp-content\/uploads\/2015\/03\/2\u00ba-Sub-18-Javier-Aledo-del-Club-Enric-Valor-Figueras-Pacheco.jpg 1099w, https:\/\/ajedreztabiyaalcoy.es\/club\/wp-content\/uploads\/2015\/03\/2\u00ba-Sub-18-Javier-Aledo-del-Club-Enric-Valor-Figueras-Pacheco-150x150.jpg 150w, https:\/\/ajedreztabiyaalcoy.es\/club\/wp-content\/uploads\/2015\/03\/2\u00ba-Sub-18-Javier-Aledo-del-Club-Enric-Valor-Figueras-Pacheco-300x300.jpg 300w, https:\/\/ajedreztabiyaalcoy.es\/club\/wp-content\/uploads\/2015\/03\/2\u00ba-Sub-18-Javier-Aledo-del-Club-Enric-Valor-Figueras-Pacheco-768x766.jpg 768w, https:\/\/ajedreztabiyaalcoy.es\/club\/wp-content\/uploads\/2015\/03\/2\u00ba-Sub-18-Javier-Aledo-del-Club-Enric-Valor-Figueras-Pacheco-1024x1021.jpg 1024w, https:\/\/ajedreztabiyaalcoy.es\/club\/wp-content\/uploads\/2015\/03\/2\u00ba-Sub-18-Javier-Aledo-del-Club-Enric-Valor-Figueras-Pacheco-50x50.jpg 50w\" sizes=\"auto, (max-width: 400px) 100vw, 400px\" \/><\/a><p id=\"caption-attachment-1502\" class=\"wp-caption-text\">2\u00ba Sub 18 Javier Aledo del Club Enric Valor-Figueras Pacheco<\/p><\/div>\n<div id=\"attachment_1503\" style=\"width: 410px\" class=\"wp-caption aligncenter\"><a href=\"https:\/\/ajedreztabiyaalcoy.es\/club\/wp-content\/uploads\/2015\/03\/3\u00ba-Sub-18-Lluis-Navarro-del-Club-Enric-Valor-Figueras-Pacheco.jpg\"><img loading=\"lazy\" decoding=\"async\" aria-describedby=\"caption-attachment-1503\" class=\"wp-image-1503\" src=\"https:\/\/ajedreztabiyaalcoy.es\/club\/wp-content\/uploads\/2015\/03\/3\u00ba-Sub-18-Lluis-Navarro-del-Club-Enric-Valor-Figueras-Pacheco.jpg\" alt=\"\" width=\"400\" height=\"467\" srcset=\"https:\/\/ajedreztabiyaalcoy.es\/club\/wp-content\/uploads\/2015\/03\/3\u00ba-Sub-18-Lluis-Navarro-del-Club-Enric-Valor-Figueras-Pacheco.jpg 863w, https:\/\/ajedreztabiyaalcoy.es\/club\/wp-content\/uploads\/2015\/03\/3\u00ba-Sub-18-Lluis-Navarro-del-Club-Enric-Valor-Figueras-Pacheco-257x300.jpg 257w, https:\/\/ajedreztabiyaalcoy.es\/club\/wp-content\/uploads\/2015\/03\/3\u00ba-Sub-18-Lluis-Navarro-del-Club-Enric-Valor-Figueras-Pacheco-768x897.jpg 768w, https:\/\/ajedreztabiyaalcoy.es\/club\/wp-content\/uploads\/2015\/03\/3\u00ba-Sub-18-Lluis-Navarro-del-Club-Enric-Valor-Figueras-Pacheco-43x50.jpg 43w\" sizes=\"auto, (max-width: 400px) 100vw, 400px\" \/><\/a><p id=\"caption-attachment-1503\" class=\"wp-caption-text\">3\u00ba Sub 18 Lluis Navarro del Club Enric Valor-Figueras Pacheco<\/p><\/div>\n<div id=\"attachment_1504\" style=\"width: 410px\" class=\"wp-caption aligncenter\"><a href=\"https:\/\/ajedreztabiyaalcoy.es\/club\/wp-content\/uploads\/2015\/03\/1\u00aa-Sub-18-Ana-Picazo-del-Club-Alicante.jpg\"><img loading=\"lazy\" decoding=\"async\" aria-describedby=\"caption-attachment-1504\" class=\"wp-image-1504\" src=\"https:\/\/ajedreztabiyaalcoy.es\/club\/wp-content\/uploads\/2015\/03\/1\u00aa-Sub-18-Ana-Picazo-del-Club-Alicante.jpg\" alt=\"\" width=\"400\" height=\"398\" srcset=\"https:\/\/ajedreztabiyaalcoy.es\/club\/wp-content\/uploads\/2015\/03\/1\u00aa-Sub-18-Ana-Picazo-del-Club-Alicante.jpg 1043w, https:\/\/ajedreztabiyaalcoy.es\/club\/wp-content\/uploads\/2015\/03\/1\u00aa-Sub-18-Ana-Picazo-del-Club-Alicante-150x150.jpg 150w, https:\/\/ajedreztabiyaalcoy.es\/club\/wp-content\/uploads\/2015\/03\/1\u00aa-Sub-18-Ana-Picazo-del-Club-Alicante-300x300.jpg 300w, https:\/\/ajedreztabiyaalcoy.es\/club\/wp-content\/uploads\/2015\/03\/1\u00aa-Sub-18-Ana-Picazo-del-Club-Alicante-768x765.jpg 768w, https:\/\/ajedreztabiyaalcoy.es\/club\/wp-content\/uploads\/2015\/03\/1\u00aa-Sub-18-Ana-Picazo-del-Club-Alicante-1024x1020.jpg 1024w, https:\/\/ajedreztabiyaalcoy.es\/club\/wp-content\/uploads\/2015\/03\/1\u00aa-Sub-18-Ana-Picazo-del-Club-Alicante-50x50.jpg 50w\" sizes=\"auto, (max-width: 400px) 100vw, 400px\" \/><\/a><p id=\"caption-attachment-1504\" class=\"wp-caption-text\">1\u00aa Sub 18 Ana Picazo del Club Alicante<\/p><\/div>\n<div id=\"attachment_1505\" style=\"width: 410px\" class=\"wp-caption aligncenter\"><a href=\"https:\/\/ajedreztabiyaalcoy.es\/club\/wp-content\/uploads\/2015\/03\/Premiados-Sub-18-de-Alicante.jpg\"><img loading=\"lazy\" decoding=\"async\" aria-describedby=\"caption-attachment-1505\" class=\"wp-image-1505\" src=\"https:\/\/ajedreztabiyaalcoy.es\/club\/wp-content\/uploads\/2015\/03\/Premiados-Sub-18-de-Alicante.jpg\" alt=\"\" width=\"400\" height=\"256\" srcset=\"https:\/\/ajedreztabiyaalcoy.es\/club\/wp-content\/uploads\/2015\/03\/Premiados-Sub-18-de-Alicante.jpg 1234w, https:\/\/ajedreztabiyaalcoy.es\/club\/wp-content\/uploads\/2015\/03\/Premiados-Sub-18-de-Alicante-300x192.jpg 300w, https:\/\/ajedreztabiyaalcoy.es\/club\/wp-content\/uploads\/2015\/03\/Premiados-Sub-18-de-Alicante-768x492.jpg 768w, https:\/\/ajedreztabiyaalcoy.es\/club\/wp-content\/uploads\/2015\/03\/Premiados-Sub-18-de-Alicante-1024x656.jpg 1024w, https:\/\/ajedreztabiyaalcoy.es\/club\/wp-content\/uploads\/2015\/03\/Premiados-Sub-18-de-Alicante-50x32.jpg 50w\" sizes=\"auto, (max-width: 400px) 100vw, 400px\" \/><\/a><p id=\"caption-attachment-1505\" class=\"wp-caption-text\">Premiados Sub 18 de Alicante<\/p><\/div>\n<p style=\"text-align: justify;\">En cuanto a los jugadores locales del Club Cocentaina, el mejor fue <strong>Pau Serra<\/strong> 5\u00ba con 4 puntos, que estuvo luchando todo el torneo en las primeras mesas, teniendo la oportunidad en la \u00faltima ronda de quedar 3\u00ba de haber ganado su partida. <strong>Diego L\u00f3pez<\/strong> qued\u00f3 7\u00ba con 4 puntos, y <strong>Aar\u00f3n Mira<\/strong> 14\u00ba con 3 puntos. Los jugadores del Club Tabiya Alcoy tuvieron desigual actuaci\u00f3n, siendo el mejor <strong>Jordi Linares<\/strong> 9\u00ba con 4 puntos, <strong>Judith Cam\u00e1\u00f1ez<\/strong> 16\u00aa con 2 puntos, y <strong>Jordi Bordera<\/strong> 18\u00ba con 1 punto. Tambi\u00e9n mencionar las meritorias actuaciones por su buen juego de <strong>Diego L\u00f3pez<\/strong> del Club Cocentaina y <strong>Jordi Linares<\/strong> del Club Tabiya Alcoy que quedaron dentro de los 10 primeros clasificados.<\/p>\n<div id=\"attachment_1506\" style=\"width: 410px\" class=\"wp-caption aligncenter\"><a href=\"https:\/\/ajedreztabiyaalcoy.es\/club\/wp-content\/uploads\/2015\/03\/Pau-Serra-izq-y-Diego-L\u00f3pez-dcha-ambos-del-Club-Cocentaina.jpg\"><img loading=\"lazy\" decoding=\"async\" aria-describedby=\"caption-attachment-1506\" class=\"wp-image-1506\" src=\"https:\/\/ajedreztabiyaalcoy.es\/club\/wp-content\/uploads\/2015\/03\/Pau-Serra-izq-y-Diego-L\u00f3pez-dcha-ambos-del-Club-Cocentaina.jpg\" alt=\"\" width=\"400\" height=\"267\" srcset=\"https:\/\/ajedreztabiyaalcoy.es\/club\/wp-content\/uploads\/2015\/03\/Pau-Serra-izq-y-Diego-L\u00f3pez-dcha-ambos-del-Club-Cocentaina.jpg 1361w, https:\/\/ajedreztabiyaalcoy.es\/club\/wp-content\/uploads\/2015\/03\/Pau-Serra-izq-y-Diego-L\u00f3pez-dcha-ambos-del-Club-Cocentaina-300x200.jpg 300w, https:\/\/ajedreztabiyaalcoy.es\/club\/wp-content\/uploads\/2015\/03\/Pau-Serra-izq-y-Diego-L\u00f3pez-dcha-ambos-del-Club-Cocentaina-768x512.jpg 768w, https:\/\/ajedreztabiyaalcoy.es\/club\/wp-content\/uploads\/2015\/03\/Pau-Serra-izq-y-Diego-L\u00f3pez-dcha-ambos-del-Club-Cocentaina-1024x682.jpg 1024w, https:\/\/ajedreztabiyaalcoy.es\/club\/wp-content\/uploads\/2015\/03\/Pau-Serra-izq-y-Diego-L\u00f3pez-dcha-ambos-del-Club-Cocentaina-50x33.jpg 50w\" sizes=\"auto, (max-width: 400px) 100vw, 400px\" \/><\/a><p id=\"caption-attachment-1506\" class=\"wp-caption-text\">Pau Serra (izq) y Diego L\u00f3pez (dcha) ambos del Club Cocentaina<\/p><\/div>\n<div id=\"attachment_1507\" style=\"width: 410px\" class=\"wp-caption aligncenter\"><a href=\"https:\/\/ajedreztabiyaalcoy.es\/club\/wp-content\/uploads\/2015\/03\/Aar\u00f3n-Mira-izq-del-Club-Cocentaina-y-Jordi-Linares-dcha-del-Club-Tabiya-Alcoy.jpg\"><img loading=\"lazy\" decoding=\"async\" aria-describedby=\"caption-attachment-1507\" class=\"wp-image-1507\" src=\"https:\/\/ajedreztabiyaalcoy.es\/club\/wp-content\/uploads\/2015\/03\/Aar\u00f3n-Mira-izq-del-Club-Cocentaina-y-Jordi-Linares-dcha-del-Club-Tabiya-Alcoy.jpg\" alt=\"\" width=\"400\" height=\"267\" srcset=\"https:\/\/ajedreztabiyaalcoy.es\/club\/wp-content\/uploads\/2015\/03\/Aar\u00f3n-Mira-izq-del-Club-Cocentaina-y-Jordi-Linares-dcha-del-Club-Tabiya-Alcoy.jpg 1555w, https:\/\/ajedreztabiyaalcoy.es\/club\/wp-content\/uploads\/2015\/03\/Aar\u00f3n-Mira-izq-del-Club-Cocentaina-y-Jordi-Linares-dcha-del-Club-Tabiya-Alcoy-300x200.jpg 300w, https:\/\/ajedreztabiyaalcoy.es\/club\/wp-content\/uploads\/2015\/03\/Aar\u00f3n-Mira-izq-del-Club-Cocentaina-y-Jordi-Linares-dcha-del-Club-Tabiya-Alcoy-768x512.jpg 768w, https:\/\/ajedreztabiyaalcoy.es\/club\/wp-content\/uploads\/2015\/03\/Aar\u00f3n-Mira-izq-del-Club-Cocentaina-y-Jordi-Linares-dcha-del-Club-Tabiya-Alcoy-1024x683.jpg 1024w, https:\/\/ajedreztabiyaalcoy.es\/club\/wp-content\/uploads\/2015\/03\/Aar\u00f3n-Mira-izq-del-Club-Cocentaina-y-Jordi-Linares-dcha-del-Club-Tabiya-Alcoy-50x33.jpg 50w\" sizes=\"auto, (max-width: 400px) 100vw, 400px\" \/><\/a><p id=\"caption-attachment-1507\" class=\"wp-caption-text\">Aar\u00f3n Mira (izq) del Club Cocentaina y Jordi Linares (dcha) del Club Tabiya Alcoy<\/p><\/div>\n<div id=\"attachment_1508\" style=\"width: 410px\" class=\"wp-caption aligncenter\"><a href=\"https:\/\/ajedreztabiyaalcoy.es\/club\/wp-content\/uploads\/2015\/03\/Judith-Cam\u00e1\u00f1ez-izq-y-Jordi-Bordera-dcha-ambos-del-Club-Tabiya-Alcoy.jpg\"><img loading=\"lazy\" decoding=\"async\" aria-describedby=\"caption-attachment-1508\" class=\"wp-image-1508\" src=\"https:\/\/ajedreztabiyaalcoy.es\/club\/wp-content\/uploads\/2015\/03\/Judith-Cam\u00e1\u00f1ez-izq-y-Jordi-Bordera-dcha-ambos-del-Club-Tabiya-Alcoy.jpg\" alt=\"\" width=\"400\" height=\"267\" srcset=\"https:\/\/ajedreztabiyaalcoy.es\/club\/wp-content\/uploads\/2015\/03\/Judith-Cam\u00e1\u00f1ez-izq-y-Jordi-Bordera-dcha-ambos-del-Club-Tabiya-Alcoy.jpg 1361w, https:\/\/ajedreztabiyaalcoy.es\/club\/wp-content\/uploads\/2015\/03\/Judith-Cam\u00e1\u00f1ez-izq-y-Jordi-Bordera-dcha-ambos-del-Club-Tabiya-Alcoy-300x200.jpg 300w, https:\/\/ajedreztabiyaalcoy.es\/club\/wp-content\/uploads\/2015\/03\/Judith-Cam\u00e1\u00f1ez-izq-y-Jordi-Bordera-dcha-ambos-del-Club-Tabiya-Alcoy-768x512.jpg 768w, https:\/\/ajedreztabiyaalcoy.es\/club\/wp-content\/uploads\/2015\/03\/Judith-Cam\u00e1\u00f1ez-izq-y-Jordi-Bordera-dcha-ambos-del-Club-Tabiya-Alcoy-1024x682.jpg 1024w, https:\/\/ajedreztabiyaalcoy.es\/club\/wp-content\/uploads\/2015\/03\/Judith-Cam\u00e1\u00f1ez-izq-y-Jordi-Bordera-dcha-ambos-del-Club-Tabiya-Alcoy-50x33.jpg 50w\" sizes=\"auto, (max-width: 400px) 100vw, 400px\" \/><\/a><p id=\"caption-attachment-1508\" class=\"wp-caption-text\">Judith Cam\u00e1\u00f1ez (izq) y Jordi Bordera (dcha) ambos del Club Tabiya Alcoy<\/p><\/div>\n<p style=\"text-align: justify;\">Todos los participantes demostraron una excelente deportividad, desde los m\u00e1s peque\u00f1os hasta los mayores, y los jugadores disfrutaran de la pista del polideportivo de al lado a la sala de juego, entre ronda y ronda.<\/p>\n<p style=\"text-align: justify;\">El Campe\u00f3n y la Campeona de cada Categor\u00eda se han clasificado para los Campeonatos Auton\u00f3micos con las excelentes condiciones establecidas por la Federaci\u00f3n.<\/p>\n<p style=\"text-align: justify;\">Todos los participantes recibieron una bolsa de golosinas y una botella de agua, as\u00ed como estupendos trofeos para los 3 primeros clasificados y la Campeona femenina de cada categor\u00eda. Presidi\u00f3 la entrega de premios el <strong>Concejal de Deportes del Ayuntamiento de Cocentaina D. Sa\u00fal Botella<\/strong>, que junto con el <strong>Presidente del Club de Ajedrez Cocentaina D. Joaqu\u00edn Corb\u00ed<\/strong>, agradecieron la confianza depositada por la Federaci\u00f3n para la realizaci\u00f3n de estos campeonatos por 2\u00ba a\u00f1o consecutivo.<\/p>\n<div id=\"attachment_1509\" style=\"width: 410px\" class=\"wp-caption aligncenter\"><a href=\"https:\/\/ajedreztabiyaalcoy.es\/club\/wp-content\/uploads\/2015\/03\/Clausura-con-la-entrega-de-premios.jpg\"><img loading=\"lazy\" decoding=\"async\" aria-describedby=\"caption-attachment-1509\" class=\"wp-image-1509\" src=\"https:\/\/ajedreztabiyaalcoy.es\/club\/wp-content\/uploads\/2015\/03\/Clausura-con-la-entrega-de-premios.jpg\" alt=\"\" width=\"400\" height=\"267\" srcset=\"https:\/\/ajedreztabiyaalcoy.es\/club\/wp-content\/uploads\/2015\/03\/Clausura-con-la-entrega-de-premios.jpg 1361w, https:\/\/ajedreztabiyaalcoy.es\/club\/wp-content\/uploads\/2015\/03\/Clausura-con-la-entrega-de-premios-300x200.jpg 300w, https:\/\/ajedreztabiyaalcoy.es\/club\/wp-content\/uploads\/2015\/03\/Clausura-con-la-entrega-de-premios-768x512.jpg 768w, https:\/\/ajedreztabiyaalcoy.es\/club\/wp-content\/uploads\/2015\/03\/Clausura-con-la-entrega-de-premios-1024x682.jpg 1024w, https:\/\/ajedreztabiyaalcoy.es\/club\/wp-content\/uploads\/2015\/03\/Clausura-con-la-entrega-de-premios-50x33.jpg 50w\" sizes=\"auto, (max-width: 400px) 100vw, 400px\" \/><\/a><p id=\"caption-attachment-1509\" class=\"wp-caption-text\">Clausura con la entrega de premios<\/p><\/div>\n<div id=\"attachment_1510\" style=\"width: 410px\" class=\"wp-caption aligncenter\"><a href=\"https:\/\/ajedreztabiyaalcoy.es\/club\/wp-content\/uploads\/2015\/03\/Habla-el-Director-\u00c1rbitro-Principal-del-Torneo-Presidente-del-Club-Cocentaina-Joaqu\u00edn-Corb\u00ed.jpg\"><img loading=\"lazy\" decoding=\"async\" aria-describedby=\"caption-attachment-1510\" class=\"wp-image-1510\" src=\"https:\/\/ajedreztabiyaalcoy.es\/club\/wp-content\/uploads\/2015\/03\/Habla-el-Director-\u00c1rbitro-Principal-del-Torneo-Presidente-del-Club-Cocentaina-Joaqu\u00edn-Corb\u00ed.jpg\" alt=\"\" width=\"400\" height=\"267\" srcset=\"https:\/\/ajedreztabiyaalcoy.es\/club\/wp-content\/uploads\/2015\/03\/Habla-el-Director-\u00c1rbitro-Principal-del-Torneo-Presidente-del-Club-Cocentaina-Joaqu\u00edn-Corb\u00ed.jpg 1361w, https:\/\/ajedreztabiyaalcoy.es\/club\/wp-content\/uploads\/2015\/03\/Habla-el-Director-\u00c1rbitro-Principal-del-Torneo-Presidente-del-Club-Cocentaina-Joaqu\u00edn-Corb\u00ed-300x200.jpg 300w, https:\/\/ajedreztabiyaalcoy.es\/club\/wp-content\/uploads\/2015\/03\/Habla-el-Director-\u00c1rbitro-Principal-del-Torneo-Presidente-del-Club-Cocentaina-Joaqu\u00edn-Corb\u00ed-768x512.jpg 768w, https:\/\/ajedreztabiyaalcoy.es\/club\/wp-content\/uploads\/2015\/03\/Habla-el-Director-\u00c1rbitro-Principal-del-Torneo-Presidente-del-Club-Cocentaina-Joaqu\u00edn-Corb\u00ed-1024x682.jpg 1024w, https:\/\/ajedreztabiyaalcoy.es\/club\/wp-content\/uploads\/2015\/03\/Habla-el-Director-\u00c1rbitro-Principal-del-Torneo-Presidente-del-Club-Cocentaina-Joaqu\u00edn-Corb\u00ed-50x33.jpg 50w\" sizes=\"auto, (max-width: 400px) 100vw, 400px\" \/><\/a><p id=\"caption-attachment-1510\" class=\"wp-caption-text\">Interviene el Director, \u00c1rbitro Principal del Torneo, y Presidente del Club de Ajedrez Cocentaina Joaqu\u00edn Corb\u00ed<\/p><\/div>\n<div id=\"attachment_1511\" style=\"width: 410px\" class=\"wp-caption aligncenter\"><a href=\"https:\/\/ajedreztabiyaalcoy.es\/club\/wp-content\/uploads\/2015\/03\/Habla-el-Concejal-de-Deportes-de-Cocentaina-Sa\u00fal-Botella.jpg\"><img loading=\"lazy\" decoding=\"async\" aria-describedby=\"caption-attachment-1511\" class=\"wp-image-1511\" src=\"https:\/\/ajedreztabiyaalcoy.es\/club\/wp-content\/uploads\/2015\/03\/Habla-el-Concejal-de-Deportes-de-Cocentaina-Sa\u00fal-Botella.jpg\" alt=\"\" width=\"400\" height=\"260\" srcset=\"https:\/\/ajedreztabiyaalcoy.es\/club\/wp-content\/uploads\/2015\/03\/Habla-el-Concejal-de-Deportes-de-Cocentaina-Sa\u00fal-Botella.jpg 1342w, https:\/\/ajedreztabiyaalcoy.es\/club\/wp-content\/uploads\/2015\/03\/Habla-el-Concejal-de-Deportes-de-Cocentaina-Sa\u00fal-Botella-300x195.jpg 300w, https:\/\/ajedreztabiyaalcoy.es\/club\/wp-content\/uploads\/2015\/03\/Habla-el-Concejal-de-Deportes-de-Cocentaina-Sa\u00fal-Botella-768x500.jpg 768w, https:\/\/ajedreztabiyaalcoy.es\/club\/wp-content\/uploads\/2015\/03\/Habla-el-Concejal-de-Deportes-de-Cocentaina-Sa\u00fal-Botella-1024x666.jpg 1024w, https:\/\/ajedreztabiyaalcoy.es\/club\/wp-content\/uploads\/2015\/03\/Habla-el-Concejal-de-Deportes-de-Cocentaina-Sa\u00fal-Botella-50x33.jpg 50w\" sizes=\"auto, (max-width: 400px) 100vw, 400px\" \/><\/a><p id=\"caption-attachment-1511\" class=\"wp-caption-text\">Interviene el Concejal de Deportes del Ayuntamiento de Cocentaina Sa\u00fal Botella<\/p><\/div>\n<p style=\"text-align: justify;\"><strong>Las Clasificaciones Finales con toda la informaci\u00f3n de los jugadores, emparejamientos, y resultados<\/strong> se puede consultar en los siguientes enlaces en Internet,<\/p>\n<p style=\"text-align: justify;\"><strong><span style=\"color: #800080;\">Sub 8<\/span><\/strong> \u00a0: \u00a0 \u00a0\u00a0<span style=\"color: #ff0000;\"><a style=\"color: #ff0000;\" href=\"http:\/\/chess-results.com\/tnr161993.aspx?lan=2\">http:\/\/chess-results.com\/tnr161993.aspx?lan=2<\/a>\u00a0 \u00a0 \u00a0 \u00a0\u00a0<\/span><\/p>\n<p style=\"text-align: justify;\"><span style=\"color: #ff0000;\"><span style=\"color: #000000;\"><strong><span style=\"color: #800080;\">Clasificaci\u00f3n Final Sub 8<\/span><\/strong> : \u00a0 \u00a0 \u00a0<\/span><a style=\"color: #ff0000;\" href=\"http:\/\/chess-results.com\/tnr161993.aspx?lan=2&amp;art=1&amp;rd=7&amp;turdet=YES&amp;flag=30&amp;wi=984\">http:\/\/chess-results.com\/tnr161993.aspx?lan=2&amp;art=1&amp;rd=7&amp;turdet=YES&amp;flag=30&amp;wi=984<\/a><\/span><\/p>\n<div id=\"attachment_1517\" style=\"width: 410px\" class=\"wp-caption aligncenter\"><a href=\"https:\/\/ajedreztabiyaalcoy.es\/club\/wp-content\/uploads\/2015\/03\/Clasificaci\u00f3n-Final-Sub-8.jpg\"><img loading=\"lazy\" decoding=\"async\" aria-describedby=\"caption-attachment-1517\" class=\"wp-image-1517\" src=\"https:\/\/ajedreztabiyaalcoy.es\/club\/wp-content\/uploads\/2015\/03\/Clasificaci\u00f3n-Final-Sub-8.jpg\" alt=\"\" width=\"400\" height=\"414\" srcset=\"https:\/\/ajedreztabiyaalcoy.es\/club\/wp-content\/uploads\/2015\/03\/Clasificaci\u00f3n-Final-Sub-8.jpg 1653w, https:\/\/ajedreztabiyaalcoy.es\/club\/wp-content\/uploads\/2015\/03\/Clasificaci\u00f3n-Final-Sub-8-290x300.jpg 290w, https:\/\/ajedreztabiyaalcoy.es\/club\/wp-content\/uploads\/2015\/03\/Clasificaci\u00f3n-Final-Sub-8-768x795.jpg 768w, https:\/\/ajedreztabiyaalcoy.es\/club\/wp-content\/uploads\/2015\/03\/Clasificaci\u00f3n-Final-Sub-8-989x1024.jpg 989w, https:\/\/ajedreztabiyaalcoy.es\/club\/wp-content\/uploads\/2015\/03\/Clasificaci\u00f3n-Final-Sub-8-48x50.jpg 48w\" sizes=\"auto, (max-width: 400px) 100vw, 400px\" \/><\/a><p id=\"caption-attachment-1517\" class=\"wp-caption-text\">Clasificaci\u00f3n Final Sub 8<\/p><\/div>\n<div id=\"attachment_1555\" style=\"width: 410px\" class=\"wp-caption aligncenter\"><a href=\"https:\/\/ajedreztabiyaalcoy.es\/club\/wp-content\/uploads\/2015\/03\/Clasificaci\u00f3n-Final-Categor\u00eda-Sub-8.jpg\"><img loading=\"lazy\" decoding=\"async\" aria-describedby=\"caption-attachment-1555\" class=\"wp-image-1555\" src=\"https:\/\/ajedreztabiyaalcoy.es\/club\/wp-content\/uploads\/2015\/03\/Clasificaci\u00f3n-Final-Categor\u00eda-Sub-8.jpg\" alt=\"\" width=\"400\" height=\"378\" srcset=\"https:\/\/ajedreztabiyaalcoy.es\/club\/wp-content\/uploads\/2015\/03\/Clasificaci\u00f3n-Final-Categor\u00eda-Sub-8.jpg 1699w, https:\/\/ajedreztabiyaalcoy.es\/club\/wp-content\/uploads\/2015\/03\/Clasificaci\u00f3n-Final-Categor\u00eda-Sub-8-300x284.jpg 300w, https:\/\/ajedreztabiyaalcoy.es\/club\/wp-content\/uploads\/2015\/03\/Clasificaci\u00f3n-Final-Categor\u00eda-Sub-8-768x726.jpg 768w, https:\/\/ajedreztabiyaalcoy.es\/club\/wp-content\/uploads\/2015\/03\/Clasificaci\u00f3n-Final-Categor\u00eda-Sub-8-1024x969.jpg 1024w, https:\/\/ajedreztabiyaalcoy.es\/club\/wp-content\/uploads\/2015\/03\/Clasificaci\u00f3n-Final-Categor\u00eda-Sub-8-50x47.jpg 50w\" sizes=\"auto, (max-width: 400px) 100vw, 400px\" \/><\/a><p id=\"caption-attachment-1555\" class=\"wp-caption-text\">Clasificaci\u00f3n Final Categor\u00eda Sub 8<\/p><\/div>\n<p style=\"text-align: justify;\"><strong><span style=\"color: #008000;\">Sub 10<\/span><\/strong> :\u00a0\u00a0 \u00a0<span style=\"color: #ff0000;\"><a style=\"color: #ff0000;\" href=\"http:\/\/chess-results.com\/tnr161994.aspx?lan=2\">http:\/\/chess-results.com\/tnr161994.aspx?lan=2<\/a><\/span><\/p>\n<p style=\"text-align: justify;\"><span style=\"color: #008000;\"><strong>Clasificaci\u00f3n Final Sub 10<\/strong><\/span>\u00a0: \u00a0 \u00a0\u00a0<span style=\"color: #ff0000;\"><a style=\"color: #ff0000;\" href=\"http:\/\/chess-results.com\/tnr161994.aspx?lan=2&amp;art=1&amp;rd=7&amp;turdet=YES&amp;flag=30&amp;wi=984\">http:\/\/chess-results.com\/tnr161994.aspx?lan=2&amp;art=1&amp;rd=7&amp;turdet=YES&amp;flag=30&amp;wi=984<\/a><\/span><\/p>\n<div id=\"attachment_1519\" style=\"width: 410px\" class=\"wp-caption aligncenter\"><a href=\"https:\/\/ajedreztabiyaalcoy.es\/club\/wp-content\/uploads\/2015\/03\/Clasificaci\u00f3n-Final-Sub-10.jpg\"><img loading=\"lazy\" decoding=\"async\" aria-describedby=\"caption-attachment-1519\" class=\"wp-image-1519\" src=\"https:\/\/ajedreztabiyaalcoy.es\/club\/wp-content\/uploads\/2015\/03\/Clasificaci\u00f3n-Final-Sub-10.jpg\" alt=\"\" width=\"400\" height=\"362\" srcset=\"https:\/\/ajedreztabiyaalcoy.es\/club\/wp-content\/uploads\/2015\/03\/Clasificaci\u00f3n-Final-Sub-10.jpg 1653w, https:\/\/ajedreztabiyaalcoy.es\/club\/wp-content\/uploads\/2015\/03\/Clasificaci\u00f3n-Final-Sub-10-300x272.jpg 300w, https:\/\/ajedreztabiyaalcoy.es\/club\/wp-content\/uploads\/2015\/03\/Clasificaci\u00f3n-Final-Sub-10-768x696.jpg 768w, https:\/\/ajedreztabiyaalcoy.es\/club\/wp-content\/uploads\/2015\/03\/Clasificaci\u00f3n-Final-Sub-10-1024x928.jpg 1024w, https:\/\/ajedreztabiyaalcoy.es\/club\/wp-content\/uploads\/2015\/03\/Clasificaci\u00f3n-Final-Sub-10-50x45.jpg 50w\" sizes=\"auto, (max-width: 400px) 100vw, 400px\" \/><\/a><p id=\"caption-attachment-1519\" class=\"wp-caption-text\">Clasificaci\u00f3n Final Sub 10<\/p><\/div>\n<div id=\"attachment_1557\" style=\"width: 410px\" class=\"wp-caption aligncenter\"><a href=\"https:\/\/ajedreztabiyaalcoy.es\/club\/wp-content\/uploads\/2015\/03\/Clasificaci\u00f3n-Final-Categor\u00eda-Sub-10.jpg\"><img loading=\"lazy\" decoding=\"async\" aria-describedby=\"caption-attachment-1557\" class=\"wp-image-1557\" src=\"https:\/\/ajedreztabiyaalcoy.es\/club\/wp-content\/uploads\/2015\/03\/Clasificaci\u00f3n-Final-Categor\u00eda-Sub-10.jpg\" alt=\"\" width=\"400\" height=\"341\" srcset=\"https:\/\/ajedreztabiyaalcoy.es\/club\/wp-content\/uploads\/2015\/03\/Clasificaci\u00f3n-Final-Categor\u00eda-Sub-10.jpg 1697w, https:\/\/ajedreztabiyaalcoy.es\/club\/wp-content\/uploads\/2015\/03\/Clasificaci\u00f3n-Final-Categor\u00eda-Sub-10-300x255.jpg 300w, https:\/\/ajedreztabiyaalcoy.es\/club\/wp-content\/uploads\/2015\/03\/Clasificaci\u00f3n-Final-Categor\u00eda-Sub-10-768x654.jpg 768w, https:\/\/ajedreztabiyaalcoy.es\/club\/wp-content\/uploads\/2015\/03\/Clasificaci\u00f3n-Final-Categor\u00eda-Sub-10-1024x872.jpg 1024w, https:\/\/ajedreztabiyaalcoy.es\/club\/wp-content\/uploads\/2015\/03\/Clasificaci\u00f3n-Final-Categor\u00eda-Sub-10-50x43.jpg 50w\" sizes=\"auto, (max-width: 400px) 100vw, 400px\" \/><\/a><p id=\"caption-attachment-1557\" class=\"wp-caption-text\">Clasificaci\u00f3n Final Categor\u00eda Sub 10<\/p><\/div>\n<p><strong><span style=\"color: #0000ff;\">Sub 12<\/span><\/strong> :\u00a0\u00a0 \u00a0<span style=\"color: #ff0000;\"><a style=\"color: #ff0000;\" href=\"http:\/\/chess-results.com\/tnr161995.aspx?lan=2\">http:\/\/chess-results.com\/tnr161995.aspx?lan=2<\/a><\/span><\/p>\n<p><strong><span style=\"color: #0000ff;\">Clasificaci\u00f3n Final Sub 12\u00a0<\/span><\/strong><span style=\"color: #0000ff;\">: \u00a0 \u00a0\u00a0<\/span><span style=\"color: #ff0000;\"><a style=\"color: #ff0000;\" href=\"http:\/\/chess-results.com\/tnr161995.aspx?lan=2&amp;art=1&amp;rd=7&amp;turdet=YES&amp;flag=30&amp;wi=984\">http:\/\/chess-results.com\/tnr161995.aspx?lan=2&amp;art=1&amp;rd=7&amp;turdet=YES&amp;flag=30&amp;wi=984<\/a><\/span><\/p>\n<div id=\"attachment_1521\" style=\"width: 410px\" class=\"wp-caption aligncenter\"><a href=\"https:\/\/ajedreztabiyaalcoy.es\/club\/wp-content\/uploads\/2015\/03\/Clasificaci\u00f3n-Final-Sub-12.jpg\"><img loading=\"lazy\" decoding=\"async\" aria-describedby=\"caption-attachment-1521\" class=\"wp-image-1521\" src=\"https:\/\/ajedreztabiyaalcoy.es\/club\/wp-content\/uploads\/2015\/03\/Clasificaci\u00f3n-Final-Sub-12.jpg\" alt=\"\" width=\"400\" height=\"461\" srcset=\"https:\/\/ajedreztabiyaalcoy.es\/club\/wp-content\/uploads\/2015\/03\/Clasificaci\u00f3n-Final-Sub-12.jpg 1653w, https:\/\/ajedreztabiyaalcoy.es\/club\/wp-content\/uploads\/2015\/03\/Clasificaci\u00f3n-Final-Sub-12-260x300.jpg 260w, https:\/\/ajedreztabiyaalcoy.es\/club\/wp-content\/uploads\/2015\/03\/Clasificaci\u00f3n-Final-Sub-12-768x886.jpg 768w, https:\/\/ajedreztabiyaalcoy.es\/club\/wp-content\/uploads\/2015\/03\/Clasificaci\u00f3n-Final-Sub-12-888x1024.jpg 888w, https:\/\/ajedreztabiyaalcoy.es\/club\/wp-content\/uploads\/2015\/03\/Clasificaci\u00f3n-Final-Sub-12-43x50.jpg 43w\" sizes=\"auto, (max-width: 400px) 100vw, 400px\" \/><\/a><p id=\"caption-attachment-1521\" class=\"wp-caption-text\">Clasificaci\u00f3n Final Sub 12<\/p><\/div>\n<div id=\"attachment_1558\" style=\"width: 410px\" class=\"wp-caption aligncenter\"><a href=\"https:\/\/ajedreztabiyaalcoy.es\/club\/wp-content\/uploads\/2015\/03\/Clasificaci\u00f3n-Final-Categor\u00eda-Sub-12.jpg\"><img loading=\"lazy\" decoding=\"async\" aria-describedby=\"caption-attachment-1558\" class=\"wp-image-1558\" src=\"https:\/\/ajedreztabiyaalcoy.es\/club\/wp-content\/uploads\/2015\/03\/Clasificaci\u00f3n-Final-Categor\u00eda-Sub-12.jpg\" alt=\"\" width=\"400\" height=\"518\" srcset=\"https:\/\/ajedreztabiyaalcoy.es\/club\/wp-content\/uploads\/2015\/03\/Clasificaci\u00f3n-Final-Categor\u00eda-Sub-12.jpg 1700w, https:\/\/ajedreztabiyaalcoy.es\/club\/wp-content\/uploads\/2015\/03\/Clasificaci\u00f3n-Final-Categor\u00eda-Sub-12-232x300.jpg 232w, https:\/\/ajedreztabiyaalcoy.es\/club\/wp-content\/uploads\/2015\/03\/Clasificaci\u00f3n-Final-Categor\u00eda-Sub-12-768x994.jpg 768w, https:\/\/ajedreztabiyaalcoy.es\/club\/wp-content\/uploads\/2015\/03\/Clasificaci\u00f3n-Final-Categor\u00eda-Sub-12-791x1024.jpg 791w, https:\/\/ajedreztabiyaalcoy.es\/club\/wp-content\/uploads\/2015\/03\/Clasificaci\u00f3n-Final-Categor\u00eda-Sub-12-39x50.jpg 39w\" sizes=\"auto, (max-width: 400px) 100vw, 400px\" \/><\/a><p id=\"caption-attachment-1558\" class=\"wp-caption-text\">Clasificaci\u00f3n Final Categor\u00eda Sub 12\u00a0<\/p><\/div>\n<p><span style=\"color: #ff00ff;\"><strong>Sub 18<\/strong><\/span> :\u00a0\u00a0 \u00a0<span style=\"color: #ff0000;\"><a style=\"color: #ff0000;\" href=\"http:\/\/chess-results.com\/tnr161996.aspx?lan=2\">http:\/\/chess-results.com\/tnr161996.aspx?lan=2<\/a><\/span><\/p>\n<p><strong><span style=\"color: #ff00ff;\">Clasificaci\u00f3n Final Sub 18<\/span>\u00a0<\/strong>: \u00a0 \u00a0\u00a0<span style=\"color: #ff0000;\"><a style=\"color: #ff0000;\" href=\"http:\/\/chess-results.com\/tnr161996.aspx?lan=2&amp;art=1&amp;rd=7&amp;turdet=YES&amp;flag=30&amp;wi=984\">http:\/\/chess-results.com\/tnr161996.aspx?lan=2&amp;art=1&amp;rd=7&amp;turdet=YES&amp;flag=30&amp;wi=984<\/a><\/span><\/p>\n<div id=\"attachment_1523\" style=\"width: 410px\" class=\"wp-caption aligncenter\"><a href=\"https:\/\/ajedreztabiyaalcoy.es\/club\/wp-content\/uploads\/2015\/03\/Clasificaci\u00f3n-Final-Sub-18.jpg\"><img loading=\"lazy\" decoding=\"async\" aria-describedby=\"caption-attachment-1523\" class=\"wp-image-1523\" src=\"https:\/\/ajedreztabiyaalcoy.es\/club\/wp-content\/uploads\/2015\/03\/Clasificaci\u00f3n-Final-Sub-18.jpg\" alt=\"\" width=\"400\" height=\"420\" srcset=\"https:\/\/ajedreztabiyaalcoy.es\/club\/wp-content\/uploads\/2015\/03\/Clasificaci\u00f3n-Final-Sub-18.jpg 1653w, https:\/\/ajedreztabiyaalcoy.es\/club\/wp-content\/uploads\/2015\/03\/Clasificaci\u00f3n-Final-Sub-18-286x300.jpg 286w, https:\/\/ajedreztabiyaalcoy.es\/club\/wp-content\/uploads\/2015\/03\/Clasificaci\u00f3n-Final-Sub-18-768x806.jpg 768w, https:\/\/ajedreztabiyaalcoy.es\/club\/wp-content\/uploads\/2015\/03\/Clasificaci\u00f3n-Final-Sub-18-976x1024.jpg 976w, https:\/\/ajedreztabiyaalcoy.es\/club\/wp-content\/uploads\/2015\/03\/Clasificaci\u00f3n-Final-Sub-18-48x50.jpg 48w\" sizes=\"auto, (max-width: 400px) 100vw, 400px\" \/><\/a><p id=\"caption-attachment-1523\" class=\"wp-caption-text\">Clasificaci\u00f3n Final Sub 18<\/p><\/div>\n<div id=\"attachment_1559\" style=\"width: 410px\" class=\"wp-caption aligncenter\"><a href=\"https:\/\/ajedreztabiyaalcoy.es\/club\/wp-content\/uploads\/2015\/03\/Clasificaci\u00f3n-Final-Categor\u00eda-Sub-18.jpg\"><img loading=\"lazy\" decoding=\"async\" aria-describedby=\"caption-attachment-1559\" class=\"wp-image-1559\" src=\"https:\/\/ajedreztabiyaalcoy.es\/club\/wp-content\/uploads\/2015\/03\/Clasificaci\u00f3n-Final-Categor\u00eda-Sub-18.jpg\" alt=\"\" width=\"400\" height=\"458\" srcset=\"https:\/\/ajedreztabiyaalcoy.es\/club\/wp-content\/uploads\/2015\/03\/Clasificaci\u00f3n-Final-Categor\u00eda-Sub-18.jpg 1631w, https:\/\/ajedreztabiyaalcoy.es\/club\/wp-content\/uploads\/2015\/03\/Clasificaci\u00f3n-Final-Categor\u00eda-Sub-18-262x300.jpg 262w, https:\/\/ajedreztabiyaalcoy.es\/club\/wp-content\/uploads\/2015\/03\/Clasificaci\u00f3n-Final-Categor\u00eda-Sub-18-768x880.jpg 768w, https:\/\/ajedreztabiyaalcoy.es\/club\/wp-content\/uploads\/2015\/03\/Clasificaci\u00f3n-Final-Categor\u00eda-Sub-18-894x1024.jpg 894w, https:\/\/ajedreztabiyaalcoy.es\/club\/wp-content\/uploads\/2015\/03\/Clasificaci\u00f3n-Final-Categor\u00eda-Sub-18-44x50.jpg 44w\" sizes=\"auto, (max-width: 400px) 100vw, 400px\" \/><\/a><p id=\"caption-attachment-1559\" class=\"wp-caption-text\">Clasificaci\u00f3n Final Categor\u00eda Sub 18<\/p><\/div>\n<h3 style=\"text-align: justify;\"><span style=\"text-decoration: underline; color: #800080;\"><strong><span style=\"text-decoration: underline;\">GALER\u00cdA \u00a0 DE \u00a0 FOTOS \u00a0 SUB \u00a0 8<\/span><\/strong><\/span><\/h3>\n<div id='gallery-1' class='gallery galleryid-1466 gallery-columns-3 gallery-size-thumbnail'><dl class='gallery-item'>\n\t\t\t<dt class='gallery-icon landscape'>\n\t\t\t\t<a href='https:\/\/ajedreztabiyaalcoy.es\/club\/cronica-fotos-y-resultados-de-los-campeonatos-provinciales-de-ajedrez-de-alicante-subs-8-10-12-18\/categoria-sub-8-1\/'><img loading=\"lazy\" decoding=\"async\" width=\"150\" height=\"150\" src=\"https:\/\/ajedreztabiyaalcoy.es\/club\/wp-content\/uploads\/2015\/03\/Categor\u00eda-Sub-8-1-150x150.jpg\" class=\"attachment-thumbnail size-thumbnail\" alt=\"\" \/><\/a>\n\t\t\t<\/dt><\/dl><dl class='gallery-item'>\n\t\t\t<dt class='gallery-icon landscape'>\n\t\t\t\t<a href='https:\/\/ajedreztabiyaalcoy.es\/club\/cronica-fotos-y-resultados-de-los-campeonatos-provinciales-de-ajedrez-de-alicante-subs-8-10-12-18\/categoria-sub-8-2\/'><img loading=\"lazy\" decoding=\"async\" width=\"150\" height=\"150\" src=\"https:\/\/ajedreztabiyaalcoy.es\/club\/wp-content\/uploads\/2015\/03\/Categor\u00eda-Sub-8-2-150x150.jpg\" class=\"attachment-thumbnail size-thumbnail\" alt=\"\" \/><\/a>\n\t\t\t<\/dt><\/dl><dl class='gallery-item'>\n\t\t\t<dt class='gallery-icon landscape'>\n\t\t\t\t<a href='https:\/\/ajedreztabiyaalcoy.es\/club\/cronica-fotos-y-resultados-de-los-campeonatos-provinciales-de-ajedrez-de-alicante-subs-8-10-12-18\/categoria-sub-8-3\/'><img loading=\"lazy\" decoding=\"async\" width=\"150\" height=\"150\" src=\"https:\/\/ajedreztabiyaalcoy.es\/club\/wp-content\/uploads\/2015\/03\/Categor\u00eda-Sub-8-3-150x150.jpg\" class=\"attachment-thumbnail size-thumbnail\" alt=\"\" \/><\/a>\n\t\t\t<\/dt><\/dl><br style=\"clear: both\" \/>\n\t\t<\/div>\n\n<h3 style=\"text-align: justify;\"><span style=\"text-decoration: underline; color: #008000;\"><strong><span style=\"text-decoration: underline;\">GALER\u00cdA \u00a0 DE \u00a0 FOTOS \u00a0 SUB \u00a0 10<\/span><\/strong><\/span><\/h3>\n<div id='gallery-2' class='gallery galleryid-1466 gallery-columns-3 gallery-size-thumbnail'><dl class='gallery-item'>\n\t\t\t<dt class='gallery-icon landscape'>\n\t\t\t\t<a href='https:\/\/ajedreztabiyaalcoy.es\/club\/cronica-fotos-y-resultados-de-los-campeonatos-provinciales-de-ajedrez-de-alicante-subs-8-10-12-18\/categoria-sub-10-1\/'><img loading=\"lazy\" decoding=\"async\" width=\"150\" height=\"150\" src=\"https:\/\/ajedreztabiyaalcoy.es\/club\/wp-content\/uploads\/2015\/03\/Categor\u00eda-Sub-10-1-150x150.jpg\" class=\"attachment-thumbnail size-thumbnail\" alt=\"\" \/><\/a>\n\t\t\t<\/dt><\/dl><dl class='gallery-item'>\n\t\t\t<dt class='gallery-icon landscape'>\n\t\t\t\t<a href='https:\/\/ajedreztabiyaalcoy.es\/club\/cronica-fotos-y-resultados-de-los-campeonatos-provinciales-de-ajedrez-de-alicante-subs-8-10-12-18\/categoria-sub-10-2\/'><img loading=\"lazy\" decoding=\"async\" width=\"150\" height=\"150\" src=\"https:\/\/ajedreztabiyaalcoy.es\/club\/wp-content\/uploads\/2015\/03\/Categor\u00eda-Sub-10-2-150x150.jpg\" class=\"attachment-thumbnail size-thumbnail\" alt=\"\" \/><\/a>\n\t\t\t<\/dt><\/dl><dl class='gallery-item'>\n\t\t\t<dt class='gallery-icon landscape'>\n\t\t\t\t<a href='https:\/\/ajedreztabiyaalcoy.es\/club\/cronica-fotos-y-resultados-de-los-campeonatos-provinciales-de-ajedrez-de-alicante-subs-8-10-12-18\/categoria-sub-10-3\/'><img loading=\"lazy\" decoding=\"async\" width=\"150\" height=\"150\" src=\"https:\/\/ajedreztabiyaalcoy.es\/club\/wp-content\/uploads\/2015\/03\/Categor\u00eda-Sub-10-3-150x150.jpg\" class=\"attachment-thumbnail size-thumbnail\" alt=\"\" \/><\/a>\n\t\t\t<\/dt><\/dl><br style=\"clear: both\" \/>\n\t\t<\/div>\n\n<h3 style=\"text-align: justify;\"><span style=\"text-decoration: underline; color: #0000ff;\"><strong><span style=\"text-decoration: underline;\">GALER\u00cdA \u00a0 DE \u00a0 FOTOS \u00a0 SUB \u00a0 12<\/span><\/strong><\/span><\/h3>\n<div id='gallery-3' class='gallery galleryid-1466 gallery-columns-4 gallery-size-thumbnail'><dl class='gallery-item'>\n\t\t\t<dt class='gallery-icon landscape'>\n\t\t\t\t<a href='https:\/\/ajedreztabiyaalcoy.es\/club\/cronica-fotos-y-resultados-de-los-campeonatos-provinciales-de-ajedrez-de-alicante-subs-8-10-12-18\/categoria-sub-12-1\/'><img loading=\"lazy\" decoding=\"async\" width=\"150\" height=\"150\" src=\"https:\/\/ajedreztabiyaalcoy.es\/club\/wp-content\/uploads\/2015\/03\/Categor\u00eda-Sub-12-1-150x150.jpg\" class=\"attachment-thumbnail size-thumbnail\" alt=\"\" \/><\/a>\n\t\t\t<\/dt><\/dl><dl class='gallery-item'>\n\t\t\t<dt class='gallery-icon landscape'>\n\t\t\t\t<a href='https:\/\/ajedreztabiyaalcoy.es\/club\/cronica-fotos-y-resultados-de-los-campeonatos-provinciales-de-ajedrez-de-alicante-subs-8-10-12-18\/categoria-sub-12-2\/'><img loading=\"lazy\" decoding=\"async\" width=\"150\" height=\"150\" src=\"https:\/\/ajedreztabiyaalcoy.es\/club\/wp-content\/uploads\/2015\/03\/Categor\u00eda-Sub-12-2-150x150.jpg\" class=\"attachment-thumbnail size-thumbnail\" alt=\"\" \/><\/a>\n\t\t\t<\/dt><\/dl><dl class='gallery-item'>\n\t\t\t<dt class='gallery-icon landscape'>\n\t\t\t\t<a href='https:\/\/ajedreztabiyaalcoy.es\/club\/cronica-fotos-y-resultados-de-los-campeonatos-provinciales-de-ajedrez-de-alicante-subs-8-10-12-18\/categoria-sub-12-3\/'><img loading=\"lazy\" decoding=\"async\" width=\"150\" height=\"150\" src=\"https:\/\/ajedreztabiyaalcoy.es\/club\/wp-content\/uploads\/2015\/03\/Categor\u00eda-Sub-12-3-150x150.jpg\" class=\"attachment-thumbnail size-thumbnail\" alt=\"\" \/><\/a>\n\t\t\t<\/dt><\/dl><dl class='gallery-item'>\n\t\t\t<dt class='gallery-icon landscape'>\n\t\t\t\t<a href='https:\/\/ajedreztabiyaalcoy.es\/club\/cronica-fotos-y-resultados-de-los-campeonatos-provinciales-de-ajedrez-de-alicante-subs-8-10-12-18\/categoria-sub-12-4\/'><img loading=\"lazy\" decoding=\"async\" width=\"150\" height=\"150\" src=\"https:\/\/ajedreztabiyaalcoy.es\/club\/wp-content\/uploads\/2015\/03\/Categor\u00eda-Sub-12-4-150x150.jpg\" class=\"attachment-thumbnail size-thumbnail\" alt=\"\" \/><\/a>\n\t\t\t<\/dt><\/dl><br style=\"clear: both\" \/>\n\t\t<\/div>\n\n<h3 style=\"text-align: justify;\"><span style=\"text-decoration: underline; color: #ff00ff;\"><strong>GALER\u00cdA \u00a0 DE \u00a0 FOTOS \u00a0 SUB \u00a0 18<\/strong><\/span><\/h3>\n<div id='gallery-4' class='gallery galleryid-1466 gallery-columns-3 gallery-size-thumbnail'><dl class='gallery-item'>\n\t\t\t<dt class='gallery-icon landscape'>\n\t\t\t\t<a href='https:\/\/ajedreztabiyaalcoy.es\/club\/cronica-fotos-y-resultados-de-los-campeonatos-provinciales-de-ajedrez-de-alicante-subs-8-10-12-18\/categoria-sub-18-1\/'><img loading=\"lazy\" decoding=\"async\" width=\"150\" height=\"150\" src=\"https:\/\/ajedreztabiyaalcoy.es\/club\/wp-content\/uploads\/2015\/03\/Categor\u00eda-Sub-18-1-150x150.jpg\" class=\"attachment-thumbnail size-thumbnail\" alt=\"\" \/><\/a>\n\t\t\t<\/dt><\/dl><dl class='gallery-item'>\n\t\t\t<dt class='gallery-icon landscape'>\n\t\t\t\t<a href='https:\/\/ajedreztabiyaalcoy.es\/club\/cronica-fotos-y-resultados-de-los-campeonatos-provinciales-de-ajedrez-de-alicante-subs-8-10-12-18\/categoria-sub-18-2\/'><img loading=\"lazy\" decoding=\"async\" width=\"150\" height=\"150\" src=\"https:\/\/ajedreztabiyaalcoy.es\/club\/wp-content\/uploads\/2015\/03\/Categor\u00eda-Sub-18-2-150x150.jpg\" class=\"attachment-thumbnail size-thumbnail\" alt=\"\" \/><\/a>\n\t\t\t<\/dt><\/dl><dl class='gallery-item'>\n\t\t\t<dt class='gallery-icon landscape'>\n\t\t\t\t<a href='https:\/\/ajedreztabiyaalcoy.es\/club\/cronica-fotos-y-resultados-de-los-campeonatos-provinciales-de-ajedrez-de-alicante-subs-8-10-12-18\/categoria-sub-18-3\/'><img loading=\"lazy\" decoding=\"async\" width=\"150\" height=\"150\" src=\"https:\/\/ajedreztabiyaalcoy.es\/club\/wp-content\/uploads\/2015\/03\/Categor\u00eda-Sub-18-3-150x150.jpg\" class=\"attachment-thumbnail size-thumbnail\" alt=\"\" \/><\/a>\n\t\t\t<\/dt><\/dl><br style=\"clear: both\" \/>\n\t\t<\/div>\n\n<h3 style=\"text-align: justify;\"><span style=\"text-decoration: underline; color: #000000;\"><strong>GALER\u00cdA \u00a0 DE \u00a0 FOTOS \u00a0 GENERAL<\/strong><\/span><\/h3>\n<div id='gallery-5' class='gallery galleryid-1466 gallery-columns-3 gallery-size-thumbnail'><dl class='gallery-item'>\n\t\t\t<dt class='gallery-icon landscape'>\n\t\t\t\t<a href='https:\/\/ajedreztabiyaalcoy.es\/club\/cronica-fotos-y-resultados-de-los-campeonatos-provinciales-de-ajedrez-de-alicante-subs-8-10-12-18\/img_7957\/'><img loading=\"lazy\" decoding=\"async\" width=\"150\" height=\"150\" src=\"https:\/\/ajedreztabiyaalcoy.es\/club\/wp-content\/uploads\/2015\/03\/IMG_7957-150x150.jpg\" class=\"attachment-thumbnail size-thumbnail\" alt=\"\" \/><\/a>\n\t\t\t<\/dt><\/dl><dl class='gallery-item'>\n\t\t\t<dt class='gallery-icon landscape'>\n\t\t\t\t<a href='https:\/\/ajedreztabiyaalcoy.es\/club\/cronica-fotos-y-resultados-de-los-campeonatos-provinciales-de-ajedrez-de-alicante-subs-8-10-12-18\/img_7969\/'><img loading=\"lazy\" decoding=\"async\" width=\"150\" height=\"150\" src=\"https:\/\/ajedreztabiyaalcoy.es\/club\/wp-content\/uploads\/2015\/03\/IMG_7969-150x150.jpg\" class=\"attachment-thumbnail size-thumbnail\" alt=\"\" \/><\/a>\n\t\t\t<\/dt><\/dl><dl class='gallery-item'>\n\t\t\t<dt class='gallery-icon landscape'>\n\t\t\t\t<a href='https:\/\/ajedreztabiyaalcoy.es\/club\/cronica-fotos-y-resultados-de-los-campeonatos-provinciales-de-ajedrez-de-alicante-subs-8-10-12-18\/img_7971\/'><img loading=\"lazy\" decoding=\"async\" width=\"150\" height=\"150\" src=\"https:\/\/ajedreztabiyaalcoy.es\/club\/wp-content\/uploads\/2015\/03\/IMG_7971-150x150.jpg\" class=\"attachment-thumbnail size-thumbnail\" alt=\"\" \/><\/a>\n\t\t\t<\/dt><\/dl><br style=\"clear: both\" \/><dl class='gallery-item'>\n\t\t\t<dt class='gallery-icon landscape'>\n\t\t\t\t<a href='https:\/\/ajedreztabiyaalcoy.es\/club\/cronica-fotos-y-resultados-de-los-campeonatos-provinciales-de-ajedrez-de-alicante-subs-8-10-12-18\/img_7989\/'><img loading=\"lazy\" decoding=\"async\" width=\"150\" height=\"150\" src=\"https:\/\/ajedreztabiyaalcoy.es\/club\/wp-content\/uploads\/2015\/03\/IMG_7989-150x150.jpg\" class=\"attachment-thumbnail size-thumbnail\" alt=\"\" \/><\/a>\n\t\t\t<\/dt><\/dl><dl class='gallery-item'>\n\t\t\t<dt class='gallery-icon landscape'>\n\t\t\t\t<a href='https:\/\/ajedreztabiyaalcoy.es\/club\/cronica-fotos-y-resultados-de-los-campeonatos-provinciales-de-ajedrez-de-alicante-subs-8-10-12-18\/img_8011\/'><img loading=\"lazy\" decoding=\"async\" width=\"150\" height=\"150\" src=\"https:\/\/ajedreztabiyaalcoy.es\/club\/wp-content\/uploads\/2015\/03\/IMG_8011-150x150.jpg\" class=\"attachment-thumbnail size-thumbnail\" alt=\"\" \/><\/a>\n\t\t\t<\/dt><\/dl><dl class='gallery-item'>\n\t\t\t<dt class='gallery-icon landscape'>\n\t\t\t\t<a href='https:\/\/ajedreztabiyaalcoy.es\/club\/cronica-fotos-y-resultados-de-los-campeonatos-provinciales-de-ajedrez-de-alicante-subs-8-10-12-18\/img_8017\/'><img loading=\"lazy\" decoding=\"async\" width=\"150\" height=\"150\" src=\"https:\/\/ajedreztabiyaalcoy.es\/club\/wp-content\/uploads\/2015\/03\/IMG_8017-150x150.jpg\" class=\"attachment-thumbnail size-thumbnail\" alt=\"\" \/><\/a>\n\t\t\t<\/dt><\/dl><br style=\"clear: both\" \/><dl class='gallery-item'>\n\t\t\t<dt class='gallery-icon landscape'>\n\t\t\t\t<a href='https:\/\/ajedreztabiyaalcoy.es\/club\/cronica-fotos-y-resultados-de-los-campeonatos-provinciales-de-ajedrez-de-alicante-subs-8-10-12-18\/img_8019\/'><img loading=\"lazy\" decoding=\"async\" width=\"150\" height=\"150\" src=\"https:\/\/ajedreztabiyaalcoy.es\/club\/wp-content\/uploads\/2015\/03\/IMG_8019-150x150.jpg\" class=\"attachment-thumbnail size-thumbnail\" alt=\"\" \/><\/a>\n\t\t\t<\/dt><\/dl><dl class='gallery-item'>\n\t\t\t<dt class='gallery-icon landscape'>\n\t\t\t\t<a href='https:\/\/ajedreztabiyaalcoy.es\/club\/cronica-fotos-y-resultados-de-los-campeonatos-provinciales-de-ajedrez-de-alicante-subs-8-10-12-18\/img_8021\/'><img loading=\"lazy\" decoding=\"async\" width=\"150\" height=\"150\" src=\"https:\/\/ajedreztabiyaalcoy.es\/club\/wp-content\/uploads\/2015\/03\/IMG_8021-150x150.jpg\" class=\"attachment-thumbnail size-thumbnail\" alt=\"\" \/><\/a>\n\t\t\t<\/dt><\/dl><dl class='gallery-item'>\n\t\t\t<dt class='gallery-icon landscape'>\n\t\t\t\t<a href='https:\/\/ajedreztabiyaalcoy.es\/club\/cronica-fotos-y-resultados-de-los-campeonatos-provinciales-de-ajedrez-de-alicante-subs-8-10-12-18\/img_8040\/'><img loading=\"lazy\" decoding=\"async\" width=\"150\" height=\"150\" src=\"https:\/\/ajedreztabiyaalcoy.es\/club\/wp-content\/uploads\/2015\/03\/IMG_8040-150x150.jpg\" class=\"attachment-thumbnail size-thumbnail\" alt=\"\" \/><\/a>\n\t\t\t<\/dt><\/dl><br style=\"clear: both\" \/><dl class='gallery-item'>\n\t\t\t<dt class='gallery-icon landscape'>\n\t\t\t\t<a href='https:\/\/ajedreztabiyaalcoy.es\/club\/cronica-fotos-y-resultados-de-los-campeonatos-provinciales-de-ajedrez-de-alicante-subs-8-10-12-18\/img_8042\/'><img loading=\"lazy\" decoding=\"async\" width=\"150\" height=\"150\" src=\"https:\/\/ajedreztabiyaalcoy.es\/club\/wp-content\/uploads\/2015\/03\/IMG_8042-150x150.jpg\" class=\"attachment-thumbnail size-thumbnail\" alt=\"\" \/><\/a>\n\t\t\t<\/dt><\/dl><dl class='gallery-item'>\n\t\t\t<dt class='gallery-icon landscape'>\n\t\t\t\t<a href='https:\/\/ajedreztabiyaalcoy.es\/club\/cronica-fotos-y-resultados-de-los-campeonatos-provinciales-de-ajedrez-de-alicante-subs-8-10-12-18\/img_8044\/'><img loading=\"lazy\" decoding=\"async\" width=\"150\" height=\"150\" src=\"https:\/\/ajedreztabiyaalcoy.es\/club\/wp-content\/uploads\/2015\/03\/IMG_8044-150x150.jpg\" class=\"attachment-thumbnail size-thumbnail\" alt=\"\" \/><\/a>\n\t\t\t<\/dt><\/dl><dl class='gallery-item'>\n\t\t\t<dt class='gallery-icon landscape'>\n\t\t\t\t<a href='https:\/\/ajedreztabiyaalcoy.es\/club\/cronica-fotos-y-resultados-de-los-campeonatos-provinciales-de-ajedrez-de-alicante-subs-8-10-12-18\/img_8046\/'><img loading=\"lazy\" decoding=\"async\" width=\"150\" height=\"150\" src=\"https:\/\/ajedreztabiyaalcoy.es\/club\/wp-content\/uploads\/2015\/03\/IMG_8046-150x150.jpg\" class=\"attachment-thumbnail size-thumbnail\" alt=\"\" \/><\/a>\n\t\t\t<\/dt><\/dl><br style=\"clear: both\" \/><dl class='gallery-item'>\n\t\t\t<dt class='gallery-icon landscape'>\n\t\t\t\t<a href='https:\/\/ajedreztabiyaalcoy.es\/club\/cronica-fotos-y-resultados-de-los-campeonatos-provinciales-de-ajedrez-de-alicante-subs-8-10-12-18\/img_8048\/'><img loading=\"lazy\" decoding=\"async\" width=\"150\" height=\"150\" src=\"https:\/\/ajedreztabiyaalcoy.es\/club\/wp-content\/uploads\/2015\/03\/IMG_8048-150x150.jpg\" class=\"attachment-thumbnail size-thumbnail\" alt=\"\" \/><\/a>\n\t\t\t<\/dt><\/dl><dl class='gallery-item'>\n\t\t\t<dt class='gallery-icon landscape'>\n\t\t\t\t<a href='https:\/\/ajedreztabiyaalcoy.es\/club\/cronica-fotos-y-resultados-de-los-campeonatos-provinciales-de-ajedrez-de-alicante-subs-8-10-12-18\/img_8052\/'><img loading=\"lazy\" decoding=\"async\" width=\"150\" height=\"150\" src=\"https:\/\/ajedreztabiyaalcoy.es\/club\/wp-content\/uploads\/2015\/03\/IMG_8052-150x150.jpg\" class=\"attachment-thumbnail size-thumbnail\" alt=\"\" \/><\/a>\n\t\t\t<\/dt><\/dl><dl class='gallery-item'>\n\t\t\t<dt class='gallery-icon landscape'>\n\t\t\t\t<a href='https:\/\/ajedreztabiyaalcoy.es\/club\/cronica-fotos-y-resultados-de-los-campeonatos-provinciales-de-ajedrez-de-alicante-subs-8-10-12-18\/img_8053\/'><img loading=\"lazy\" decoding=\"async\" width=\"150\" height=\"150\" src=\"https:\/\/ajedreztabiyaalcoy.es\/club\/wp-content\/uploads\/2015\/03\/IMG_8053-150x150.jpg\" class=\"attachment-thumbnail size-thumbnail\" alt=\"\" \/><\/a>\n\t\t\t<\/dt><\/dl><br style=\"clear: both\" \/>\n\t\t<\/div>\n\n","protected":false},"excerpt":{"rendered":"<p>Organizado por el Club de Ajedrez Cocentaina y la Federaci\u00f3n de Ajedrez de la Comunidad Valenciana, se han celebrado este mes en la localidad de Cocentaina, los Campeonatos Provinciales de Ajedrez de Alicante en sus&#8230;<\/p>\n","protected":false},"author":2,"featured_media":0,"comment_status":"open","ping_status":"open","sticky":false,"template":"","format":"standard","meta":{"rop_custom_images_group":[],"rop_custom_messages_group":[],"rop_publish_now":"initial","rop_publish_now_accounts":[],"rop_publish_now_history":[],"rop_publish_now_status":"pending","footnotes":""},"categories":[4],"tags":[],"class_list":["post-1466","post","type-post","status-publish","format-standard","hentry","category-torneos"],"wppr_data":[],"_links":{"self":[{"href":"https:\/\/ajedreztabiyaalcoy.es\/club\/wp-json\/wp\/v2\/posts\/1466","targetHints":{"allow":["GET"]}}],"collection":[{"href":"https:\/\/ajedreztabiyaalcoy.es\/club\/wp-json\/wp\/v2\/posts"}],"about":[{"href":"https:\/\/ajedreztabiyaalcoy.es\/club\/wp-json\/wp\/v2\/types\/post"}],"author":[{"embeddable":true,"href":"https:\/\/ajedreztabiyaalcoy.es\/club\/wp-json\/wp\/v2\/users\/2"}],"replies":[{"embeddable":true,"href":"https:\/\/ajedreztabiyaalcoy.es\/club\/wp-json\/wp\/v2\/comments?post=1466"}],"version-history":[{"count":19,"href":"https:\/\/ajedreztabiyaalcoy.es\/club\/wp-json\/wp\/v2\/posts\/1466\/revisions"}],"predecessor-version":[{"id":1561,"href":"https:\/\/ajedreztabiyaalcoy.es\/club\/wp-json\/wp\/v2\/posts\/1466\/revisions\/1561"}],"wp:attachment":[{"href":"https:\/\/ajedreztabiyaalcoy.es\/club\/wp-json\/wp\/v2\/media?parent=1466"}],"wp:term":[{"taxonomy":"category","embeddable":true,"href":"https:\/\/ajedreztabiyaalcoy.es\/club\/wp-json\/wp\/v2\/categories?post=1466"},{"taxonomy":"post_tag","embeddable":true,"href":"https:\/\/ajedreztabiyaalcoy.es\/club\/wp-json\/wp\/v2\/tags?post=1466"}],"curies":[{"name":"wp","href":"https:\/\/api.w.org\/{rel}","templated":true}]}}