{"id":3543,"date":"2020-02-18T01:14:32","date_gmt":"2020-02-18T00:14:32","guid":{"rendered":"https:\/\/ajedreztabiyaalcoy.es\/club\/?p=3543"},"modified":"2020-03-03T00:12:13","modified_gmt":"2020-03-02T23:12:13","slug":"empezaron-los-juegos-deportivos-municipales-de-ajedrez-de-alcoy-2019-2020-fase-tabiya-alcoy","status":"publish","type":"post","link":"https:\/\/ajedreztabiyaalcoy.es\/club\/empezaron-los-juegos-deportivos-municipales-de-ajedrez-de-alcoy-2019-2020-fase-tabiya-alcoy\/","title":{"rendered":"EMPEZARON LOS JUEGOS DEPORTIVOS MUNICIPALES DE AJEDREZ DE ALCOY 2019-2020  FASE TABIYA ALCOY"},"content":{"rendered":"<p style=\"text-align: justify;\">Han empezado este mes de Febrero los <span style=\"color: #800080;\"><strong>Juegos Deportivos Municipales de Ajedrez de Alcoy, Fase Tabiya Alcoy<\/strong><\/span>. La competici\u00f3n est\u00e1 <strong><span style=\"color: #ff6600; background-color: #ffff99;\">organizada por la Concejal\u00eda de Deportes del Ayuntamiento de Alcoy y el Club de Ajedrez Tabiya Alcoy<\/span><\/strong>. <span style=\"color: #ff0000;\"><strong>Participan un total de 21 jugadores, de ellos 4 Cadetes, 1 infantil, 6 alevines y 10 benjamines<\/strong><\/span>, <span style=\"color: #0000ff;\"><strong>provenientes del Colegio La Salle, Colegio Salesiano San Vicente Ferrer, Club Esportiu Miguel Hern\u00e1ndez, Colegio Salesianos Juan XXIII, y Club de Ajedrez Tabiya Alcoy<\/strong><\/span>.<\/p>\n<div id=\"attachment_3590\" style=\"width: 810px\" class=\"wp-caption aligncenter\"><a href=\"https:\/\/d3l56h94xwal1f.cloudfront.net\/wp-content\/uploads\/2020\/02\/03001049\/Listado-de-jugadores.jpg\" target=\"_blank\" rel=\"noopener noreferrer\"><img loading=\"lazy\" decoding=\"async\" aria-describedby=\"caption-attachment-3590\" class=\"wp-image-3590\" src=\"https:\/\/d3l56h94xwal1f.cloudfront.net\/wp-content\/uploads\/2020\/02\/03001049\/Listado-de-jugadores.jpg\" alt=\"\" width=\"800\" height=\"1091\" srcset=\"https:\/\/d3l56h94xwal1f.cloudfront.net\/wp-content\/uploads\/2020\/02\/03001049\/Listado-de-jugadores.jpg 1206w, https:\/\/d3l56h94xwal1f.cloudfront.net\/wp-content\/uploads\/2020\/02\/03001049\/Listado-de-jugadores-220x300.jpg 220w, https:\/\/d3l56h94xwal1f.cloudfront.net\/wp-content\/uploads\/2020\/02\/03001049\/Listado-de-jugadores-751x1024.jpg 751w, https:\/\/d3l56h94xwal1f.cloudfront.net\/wp-content\/uploads\/2020\/02\/03001049\/Listado-de-jugadores-768x1047.jpg 768w, https:\/\/d3l56h94xwal1f.cloudfront.net\/wp-content\/uploads\/2020\/02\/03001049\/Listado-de-jugadores-1127x1536.jpg 1127w, https:\/\/d3l56h94xwal1f.cloudfront.net\/wp-content\/uploads\/2020\/02\/03001049\/Listado-de-jugadores-37x50.jpg 37w\" sizes=\"auto, (max-width: 800px) 100vw, 800px\" \/><\/a><p id=\"caption-attachment-3590\" class=\"wp-caption-text\">Listado de jugadores<\/p><\/div>\n<p style=\"text-align: justify;\">La cita ser\u00e1n los Viernes 14, 21, 28 de Febrero, y 6 de Marzo, de 18\u201930 a 19\u201930 horas, en la sede del Club de Ajedrez Tabiya Alcoy (Asociaci\u00f3n de Vecinos de Batoy).<\/p>\n<p style=\"text-align: justify;\">Todos ellos juegan juntos por Sistema Suizo al mejor de 5 partidas \u00f3 rondas, en partidas de 12 minutos + 3 segundos de incremento por jugador. Destacar a los 3 jugadores cadetes favoritos por su puntuaci\u00f3n internacional ELO FIDE, <strong>Alonso De Pablo<\/strong> (Tabiya Alcoy), <strong>Mario Sanju\u00e1n<\/strong> (La Salle), y <strong>Nicol\u00e1s Colomina<\/strong> (Tabiya Alcoy), \u00a0si bien los dem\u00e1s tendr\u00e1n la oportunidad de codearse con estos experimentados jugadores y j\u00f3venes promesas con el fin de dar la sorpresa si punt\u00faan contra ellos. Habr\u00e1 un Concurso de Problemas como aliciente para todos los participantes.<\/p>\n<p style=\"text-align: justify;\"><u>En la 1\u00aa ronda, los resultados m\u00e1s importantes fueron,<\/u><\/p>\n<p style=\"text-align: justify;\">\u00a0\u00b7\u00a0 \u00a0 \u00a0 \u00a0<strong>\u00c1lvaro Agull\u00f3<\/strong>\u00a0 0\u00a0 &#8211;\u00a0 <strong>Mario Sanju\u00e1n<\/strong>\u00a0 1\u00a0<\/p>\n<p style=\"text-align: justify;\">\u00b7\u00a0\u00a0\u00a0\u00a0\u00a0\u00a0\u00a0 <strong>Nicol\u00e1s Colomina<\/strong>\u00a0 1\u00a0 &#8211;\u00a0 <strong>H\u00e9ctor Haro<\/strong>\u00a0 0\u00a0<\/p>\n<p style=\"text-align: justify;\">\u00b7\u00a0\u00a0\u00a0\u00a0\u00a0\u00a0\u00a0 <strong>Marc Moll\u00e1<\/strong>\u00a0 1\u00a0 &#8211;\u00a0 <strong>Marc Ruzafa<\/strong>\u00a0 0\u00a0<\/p>\n<p style=\"text-align: justify;\">\u00b7\u00a0\u00a0\u00a0\u00a0\u00a0\u00a0\u00a0 <strong>Jorge Vidal<\/strong>\u00a0 1\u00a0 &#8211;\u00a0 <strong>Arnau Sempere<\/strong>\u00a0 0\u00a0<\/p>\n<p style=\"text-align: justify;\">\u00b7\u00a0\u00a0\u00a0\u00a0\u00a0\u00a0\u00a0 <strong>Javier Colomina<\/strong>\u00a0 0\u00a0 &#8211;\u00a0 <strong>Daniel Colomina<\/strong>\u00a0 1\u00a0<\/p>\n<p style=\"text-align: justify;\">\u00b7\u00a0\u00a0\u00a0\u00a0\u00a0\u00a0\u00a0 <strong>Pablo Gisbert<\/strong>\u00a0 0\u00a0 &#8211;\u00a0 <strong>Rom\u00e1n Moratal<\/strong>\u00a0 1<\/p>\n<p><div id=\"attachment_3563\" style=\"width: 810px\" class=\"wp-caption aligncenter\"><a href=\"https:\/\/d3l56h94xwal1f.cloudfront.net\/wp-content\/uploads\/2020\/02\/21024625\/Resultados-Ronda-1.jpg\" target=\"_blank\" rel=\"noopener noreferrer\"><img loading=\"lazy\" decoding=\"async\" aria-describedby=\"caption-attachment-3563\" class=\"wp-image-3563\" src=\"https:\/\/d3l56h94xwal1f.cloudfront.net\/wp-content\/uploads\/2020\/02\/21024625\/Resultados-Ronda-1.jpg\" alt=\"\" width=\"800\" height=\"832\" srcset=\"https:\/\/d3l56h94xwal1f.cloudfront.net\/wp-content\/uploads\/2020\/02\/21024625\/Resultados-Ronda-1.jpg 1223w, https:\/\/d3l56h94xwal1f.cloudfront.net\/wp-content\/uploads\/2020\/02\/21024625\/Resultados-Ronda-1-288x300.jpg 288w, https:\/\/d3l56h94xwal1f.cloudfront.net\/wp-content\/uploads\/2020\/02\/21024625\/Resultados-Ronda-1-985x1024.jpg 985w, https:\/\/d3l56h94xwal1f.cloudfront.net\/wp-content\/uploads\/2020\/02\/21024625\/Resultados-Ronda-1-768x799.jpg 768w, https:\/\/d3l56h94xwal1f.cloudfront.net\/wp-content\/uploads\/2020\/02\/21024625\/Resultados-Ronda-1-48x50.jpg 48w\" sizes=\"auto, (max-width: 800px) 100vw, 800px\" \/><\/a><p id=\"caption-attachment-3563\" class=\"wp-caption-text\">Resultados Ronda 1<\/p><\/div> <div id=\"attachment_3554\" style=\"width: 810px\" class=\"wp-caption aligncenter\"><a href=\"https:\/\/d3l56h94xwal1f.cloudfront.net\/wp-content\/uploads\/2020\/02\/18020051\/Ronda-1-2.jpg\" target=\"_blank\" rel=\"noopener noreferrer\"><img loading=\"lazy\" decoding=\"async\" aria-describedby=\"caption-attachment-3554\" class=\"wp-image-3554\" src=\"https:\/\/d3l56h94xwal1f.cloudfront.net\/wp-content\/uploads\/2020\/02\/18020051\/Ronda-1-2.jpg\" alt=\"\" width=\"800\" height=\"784\" srcset=\"https:\/\/d3l56h94xwal1f.cloudfront.net\/wp-content\/uploads\/2020\/02\/18020051\/Ronda-1-2.jpg 1248w, https:\/\/d3l56h94xwal1f.cloudfront.net\/wp-content\/uploads\/2020\/02\/18020051\/Ronda-1-2-300x294.jpg 300w, https:\/\/d3l56h94xwal1f.cloudfront.net\/wp-content\/uploads\/2020\/02\/18020051\/Ronda-1-2-1024x1003.jpg 1024w, https:\/\/d3l56h94xwal1f.cloudfront.net\/wp-content\/uploads\/2020\/02\/18020051\/Ronda-1-2-768x753.jpg 768w, https:\/\/d3l56h94xwal1f.cloudfront.net\/wp-content\/uploads\/2020\/02\/18020051\/Ronda-1-2-50x50.jpg 50w\" sizes=\"auto, (max-width: 800px) 100vw, 800px\" \/><\/a><p id=\"caption-attachment-3554\" class=\"wp-caption-text\">\u00c1lvaro Agull\u00f3 (izq) aunque perdi\u00f3, present\u00f3 dura batalla contra uno de los favoritos Mario Sanju\u00e1n (dcha)<\/p><\/div><\/p>\n<p><a href=\"https:\/\/d3l56h94xwal1f.cloudfront.net\/wp-content\/uploads\/2020\/02\/18015951\/Ronda-1-1.jpg\" target=\"_blank\" rel=\"noopener noreferrer\"><img loading=\"lazy\" decoding=\"async\" class=\"aligncenter wp-image-3553\" src=\"https:\/\/d3l56h94xwal1f.cloudfront.net\/wp-content\/uploads\/2020\/02\/18015951\/Ronda-1-1.jpg\" alt=\"\" width=\"800\" height=\"608\" srcset=\"https:\/\/d3l56h94xwal1f.cloudfront.net\/wp-content\/uploads\/2020\/02\/18015951\/Ronda-1-1.jpg 1347w, https:\/\/d3l56h94xwal1f.cloudfront.net\/wp-content\/uploads\/2020\/02\/18015951\/Ronda-1-1-300x228.jpg 300w, https:\/\/d3l56h94xwal1f.cloudfront.net\/wp-content\/uploads\/2020\/02\/18015951\/Ronda-1-1-1024x778.jpg 1024w, https:\/\/d3l56h94xwal1f.cloudfront.net\/wp-content\/uploads\/2020\/02\/18015951\/Ronda-1-1-768x584.jpg 768w, https:\/\/d3l56h94xwal1f.cloudfront.net\/wp-content\/uploads\/2020\/02\/18015951\/Ronda-1-1-50x38.jpg 50w\" sizes=\"auto, (max-width: 800px) 100vw, 800px\" \/><\/a><\/p>\n<p><a href=\"https:\/\/d3l56h94xwal1f.cloudfront.net\/wp-content\/uploads\/2020\/02\/18020207\/Ronda-1-3.jpg\" target=\"_blank\" rel=\"noopener noreferrer\"><img loading=\"lazy\" decoding=\"async\" class=\"aligncenter wp-image-3555\" src=\"https:\/\/d3l56h94xwal1f.cloudfront.net\/wp-content\/uploads\/2020\/02\/18020207\/Ronda-1-3.jpg\" alt=\"\" width=\"800\" height=\"600\" srcset=\"https:\/\/d3l56h94xwal1f.cloudfront.net\/wp-content\/uploads\/2020\/02\/18020207\/Ronda-1-3.jpg 1445w, https:\/\/d3l56h94xwal1f.cloudfront.net\/wp-content\/uploads\/2020\/02\/18020207\/Ronda-1-3-300x225.jpg 300w, https:\/\/d3l56h94xwal1f.cloudfront.net\/wp-content\/uploads\/2020\/02\/18020207\/Ronda-1-3-1024x768.jpg 1024w, https:\/\/d3l56h94xwal1f.cloudfront.net\/wp-content\/uploads\/2020\/02\/18020207\/Ronda-1-3-768x576.jpg 768w, https:\/\/d3l56h94xwal1f.cloudfront.net\/wp-content\/uploads\/2020\/02\/18020207\/Ronda-1-3-50x38.jpg 50w\" sizes=\"auto, (max-width: 800px) 100vw, 800px\" \/><\/a><a href=\"https:\/\/d3l56h94xwal1f.cloudfront.net\/wp-content\/uploads\/2020\/02\/18020252\/Ronda-1-4.jpg\" target=\"_blank\" rel=\"noopener noreferrer\"><img loading=\"lazy\" decoding=\"async\" class=\"aligncenter wp-image-3556\" src=\"https:\/\/d3l56h94xwal1f.cloudfront.net\/wp-content\/uploads\/2020\/02\/18020252\/Ronda-1-4.jpg\" alt=\"\" width=\"800\" height=\"558\" srcset=\"https:\/\/d3l56h94xwal1f.cloudfront.net\/wp-content\/uploads\/2020\/02\/18020252\/Ronda-1-4.jpg 1445w, https:\/\/d3l56h94xwal1f.cloudfront.net\/wp-content\/uploads\/2020\/02\/18020252\/Ronda-1-4-300x209.jpg 300w, https:\/\/d3l56h94xwal1f.cloudfront.net\/wp-content\/uploads\/2020\/02\/18020252\/Ronda-1-4-1024x714.jpg 1024w, https:\/\/d3l56h94xwal1f.cloudfront.net\/wp-content\/uploads\/2020\/02\/18020252\/Ronda-1-4-768x536.jpg 768w, https:\/\/d3l56h94xwal1f.cloudfront.net\/wp-content\/uploads\/2020\/02\/18020252\/Ronda-1-4-50x35.jpg 50w\" sizes=\"auto, (max-width: 800px) 100vw, 800px\" \/><\/a><\/p>\n<p><a href=\"https:\/\/d3l56h94xwal1f.cloudfront.net\/wp-content\/uploads\/2020\/02\/18020344\/Ronda-1-5.jpg\" target=\"_blank\" rel=\"noopener noreferrer\"><img loading=\"lazy\" decoding=\"async\" class=\"aligncenter wp-image-3557\" src=\"https:\/\/d3l56h94xwal1f.cloudfront.net\/wp-content\/uploads\/2020\/02\/18020344\/Ronda-1-5.jpg\" alt=\"\" width=\"800\" height=\"600\" srcset=\"https:\/\/d3l56h94xwal1f.cloudfront.net\/wp-content\/uploads\/2020\/02\/18020344\/Ronda-1-5.jpg 1445w, https:\/\/d3l56h94xwal1f.cloudfront.net\/wp-content\/uploads\/2020\/02\/18020344\/Ronda-1-5-300x225.jpg 300w, https:\/\/d3l56h94xwal1f.cloudfront.net\/wp-content\/uploads\/2020\/02\/18020344\/Ronda-1-5-1024x768.jpg 1024w, https:\/\/d3l56h94xwal1f.cloudfront.net\/wp-content\/uploads\/2020\/02\/18020344\/Ronda-1-5-768x576.jpg 768w, https:\/\/d3l56h94xwal1f.cloudfront.net\/wp-content\/uploads\/2020\/02\/18020344\/Ronda-1-5-50x38.jpg 50w\" sizes=\"auto, (max-width: 800px) 100vw, 800px\" \/><\/a><a href=\"https:\/\/d3l56h94xwal1f.cloudfront.net\/wp-content\/uploads\/2020\/02\/18020503\/Ronda-1-6.jpg\" target=\"_blank\" rel=\"noopener noreferrer\"><img loading=\"lazy\" decoding=\"async\" class=\"aligncenter wp-image-3558\" src=\"https:\/\/d3l56h94xwal1f.cloudfront.net\/wp-content\/uploads\/2020\/02\/18020503\/Ronda-1-6.jpg\" alt=\"\" width=\"800\" height=\"641\" srcset=\"https:\/\/d3l56h94xwal1f.cloudfront.net\/wp-content\/uploads\/2020\/02\/18020503\/Ronda-1-6.jpg 1352w, https:\/\/d3l56h94xwal1f.cloudfront.net\/wp-content\/uploads\/2020\/02\/18020503\/Ronda-1-6-300x241.jpg 300w, https:\/\/d3l56h94xwal1f.cloudfront.net\/wp-content\/uploads\/2020\/02\/18020503\/Ronda-1-6-1024x821.jpg 1024w, https:\/\/d3l56h94xwal1f.cloudfront.net\/wp-content\/uploads\/2020\/02\/18020503\/Ronda-1-6-768x616.jpg 768w, https:\/\/d3l56h94xwal1f.cloudfront.net\/wp-content\/uploads\/2020\/02\/18020503\/Ronda-1-6-50x40.jpg 50w\" sizes=\"auto, (max-width: 800px) 100vw, 800px\" \/><\/a><\/p>\n<p style=\"text-align: justify;\">En esta 1\u00aa ronda hubo dos sorpresas, <strong>Marc Moll\u00e1<\/strong> (Salesiano San Vicente Ferrer) jug\u00f3 muy bien y gan\u00f3 al jugador federado <strong>Marc Ruzafa<\/strong> (Tabiya Alcoy), y el benjam\u00edn <strong>Rom\u00e1n Moratal<\/strong> derrot\u00f3 al alev\u00edn <strong>Pablo Gisbert<\/strong> (ambos de La Salle).<\/p>\n<p style=\"text-align: justify;\">Este Viernes se jugar\u00e1n las 2\u00aa y 3\u00aa rondas, con varios encuentros emocionantes en la 2\u00aa ronda como <strong>Mario Sanju\u00e1n<\/strong> \u2013 <strong>Gabriel Mart\u00ednez<\/strong>, <strong>\u00cd\u00f1igo Donoso<\/strong> \u2013 <strong>Nicol\u00e1s Colomina<\/strong>, y <strong>Rom\u00e1n Moratal<\/strong> \u2013 <strong>Jorge Vidal<\/strong>.<\/p>\n<div id=\"attachment_3564\" style=\"width: 810px\" class=\"wp-caption aligncenter\"><a href=\"https:\/\/d3l56h94xwal1f.cloudfront.net\/wp-content\/uploads\/2020\/02\/21024806\/Emparejamientos-Ronda-2.jpg\" target=\"_blank\" rel=\"noopener noreferrer\"><img loading=\"lazy\" decoding=\"async\" aria-describedby=\"caption-attachment-3564\" class=\"wp-image-3564\" src=\"https:\/\/d3l56h94xwal1f.cloudfront.net\/wp-content\/uploads\/2020\/02\/21024806\/Emparejamientos-Ronda-2.jpg\" alt=\"\" width=\"800\" height=\"764\" srcset=\"https:\/\/d3l56h94xwal1f.cloudfront.net\/wp-content\/uploads\/2020\/02\/21024806\/Emparejamientos-Ronda-2.jpg 1217w, https:\/\/d3l56h94xwal1f.cloudfront.net\/wp-content\/uploads\/2020\/02\/21024806\/Emparejamientos-Ronda-2-300x286.jpg 300w, https:\/\/d3l56h94xwal1f.cloudfront.net\/wp-content\/uploads\/2020\/02\/21024806\/Emparejamientos-Ronda-2-1024x978.jpg 1024w, https:\/\/d3l56h94xwal1f.cloudfront.net\/wp-content\/uploads\/2020\/02\/21024806\/Emparejamientos-Ronda-2-768x733.jpg 768w, https:\/\/d3l56h94xwal1f.cloudfront.net\/wp-content\/uploads\/2020\/02\/21024806\/Emparejamientos-Ronda-2-50x48.jpg 50w\" sizes=\"auto, (max-width: 800px) 100vw, 800px\" \/><\/a><p id=\"caption-attachment-3564\" class=\"wp-caption-text\">Emparejamientos Ronda 2<\/p><\/div>\n","protected":false},"excerpt":{"rendered":"<p>Han empezado este mes de Febrero los Juegos Deportivos Municipales de Ajedrez de Alcoy, Fase Tabiya Alcoy. La competici\u00f3n est\u00e1 organizada por la Concejal\u00eda de Deportes del Ayuntamiento de Alcoy y el Club de Ajedrez&#8230;<\/p>\n","protected":false},"author":2,"featured_media":3556,"comment_status":"open","ping_status":"open","sticky":false,"template":"","format":"standard","meta":{"rop_custom_images_group":[],"rop_custom_messages_group":[],"rop_publish_now":"initial","rop_publish_now_accounts":[],"rop_publish_now_history":[],"rop_publish_now_status":"pending","footnotes":""},"categories":[4],"tags":[],"class_list":["post-3543","post","type-post","status-publish","format-standard","has-post-thumbnail","hentry","category-torneos"],"wppr_data":{"cwp_meta_box_check":"No"},"_links":{"self":[{"href":"https:\/\/ajedreztabiyaalcoy.es\/club\/wp-json\/wp\/v2\/posts\/3543","targetHints":{"allow":["GET"]}}],"collection":[{"href":"https:\/\/ajedreztabiyaalcoy.es\/club\/wp-json\/wp\/v2\/posts"}],"about":[{"href":"https:\/\/ajedreztabiyaalcoy.es\/club\/wp-json\/wp\/v2\/types\/post"}],"author":[{"embeddable":true,"href":"https:\/\/ajedreztabiyaalcoy.es\/club\/wp-json\/wp\/v2\/users\/2"}],"replies":[{"embeddable":true,"href":"https:\/\/ajedreztabiyaalcoy.es\/club\/wp-json\/wp\/v2\/comments?post=3543"}],"version-history":[{"count":11,"href":"https:\/\/ajedreztabiyaalcoy.es\/club\/wp-json\/wp\/v2\/posts\/3543\/revisions"}],"predecessor-version":[{"id":3591,"href":"https:\/\/ajedreztabiyaalcoy.es\/club\/wp-json\/wp\/v2\/posts\/3543\/revisions\/3591"}],"wp:featuredmedia":[{"embeddable":true,"href":"https:\/\/ajedreztabiyaalcoy.es\/club\/wp-json\/wp\/v2\/media\/3556"}],"wp:attachment":[{"href":"https:\/\/ajedreztabiyaalcoy.es\/club\/wp-json\/wp\/v2\/media?parent=3543"}],"wp:term":[{"taxonomy":"category","embeddable":true,"href":"https:\/\/ajedreztabiyaalcoy.es\/club\/wp-json\/wp\/v2\/categories?post=3543"},{"taxonomy":"post_tag","embeddable":true,"href":"https:\/\/ajedreztabiyaalcoy.es\/club\/wp-json\/wp\/v2\/tags?post=3543"}],"curies":[{"name":"wp","href":"https:\/\/api.w.org\/{rel}","templated":true}]}}