{"id":3846,"date":"2020-10-19T23:36:09","date_gmt":"2020-10-19T21:36:09","guid":{"rendered":"https:\/\/ajedreztabiyaalcoy.es\/club\/?p=3846"},"modified":"2020-10-25T02:20:19","modified_gmt":"2020-10-25T01:20:19","slug":"22o-intercambio-cultural-de-escuelas-de-ajedrez-en-cocentaina-fira-de-tots-sants-2020-torneo-escolar-por-equipos","status":"publish","type":"post","link":"https:\/\/ajedreztabiyaalcoy.es\/club\/22o-intercambio-cultural-de-escuelas-de-ajedrez-en-cocentaina-fira-de-tots-sants-2020-torneo-escolar-por-equipos\/","title":{"rendered":"\u00a1 22\u00ba Intercambio Cultural de Escuelas de Ajedrez en Cocentaina &#8220;Fira de Tots Sants&#8221; 2020 !  Torneo escolar por equipos"},"content":{"rendered":"<p style=\"text-align: justify;\">El pr\u00f3ximo Domingo 25 de Octubre por la ma\u00f1ana se celebrar\u00e1 en Cocentaina el <span style=\"color: #ff0000;\"><strong>22\u00b0 Intercambio Cultural de Escuelas de Ajedrez &#8220;Fira de Tots Sants&#8221; 2020<\/strong><\/span>, que est\u00e1 organizado por el Club de Ajedrez Cocentaina, con la colaboraci\u00f3n del M. I. Ajuntament de Cocentaina, y la Excma. Diputaci\u00f3n Provincial de Alicante.<\/p>\n<p style=\"text-align: justify;\">Participan ni\u00f1os, ni\u00f1as y j\u00f3venes menores de 17 a\u00f1os, en un evento cuyos objetivos adem\u00e1s de potenciar la base de este deporte, son tambi\u00e9n la de aproximar en paz y amistad a los escolares de Alcoy y Cocentaina gracias al ajedrez; as\u00ed como conocer, apreciar y disfrutar del Patrimonio Cultural e Hist\u00f3rico de Cocentaina.<\/p>\n<p style=\"text-align: justify;\">Para ello, por la ma\u00f1ana, en el Hotel Od\u00f3n de Cocentaina tendr\u00e1 lugar la competici\u00f3n por equipos, a partir de las 10 horas.<\/p>\n<p style=\"text-align: justify;\">Los 8 equipos que participan son, la <strong>Escola d&#8217;Escacs de Cocentaina<\/strong>, la <strong>Escuela de Ajedrez Tabiya Alcoy<\/strong>, el <strong>Colegio Salesiano San Vicente Ferrer de Alcoy<\/strong>, el <strong>Colegio La Salle de Alcoy<\/strong>, el <strong>Col\u00b7legi P\u00fablic Miguel Hern\u00e1ndez d&#8217;Alcoi<\/strong>, el <strong>Colegio Salesianos Juan XXIII de Alcoy<\/strong>, el <strong>Col\u00b7legi P\u00fablic Real Blanc de Cocentaina<\/strong>, y el <strong>Col\u00b7legi P\u00fablic San Juan Bosco de Cocentaina<\/strong>.<\/p>\n<p style=\"text-align: justify;\">Este a\u00f1o, debido a la crisis sanitaria que padecemos s\u00f3lo participar\u00e1n 2 jugadores por Equipo, formando de las 8 Entidades 6 Equipos. Jugar\u00e1n por Sistema Liga los 6 Equipos, con un total de 12 jugadores previamente seleccionados.<\/p>\n<p style=\"text-align: justify;\">Todos los participantes recibir\u00e1n trofeos y diversos regalos, adem\u00e1s de trofeo especial para los dos mejores jugadores del evento. Y los equipos recibir\u00e1n tambi\u00e9n un trofeo por su participaci\u00f3n.<a href=\"https:\/\/d3l56h94xwal1f.cloudfront.net\/wp-content\/uploads\/2020\/10\/19232746\/Cartel-22%C2%BA-Intercambio-Cultural-de-Escuelas-de-Ajedrez-2020-.jpg\" target=\"_blank\" rel=\"noopener noreferrer\"><img loading=\"lazy\" decoding=\"async\" class=\"aligncenter wp-image-3847\" src=\"https:\/\/d3l56h94xwal1f.cloudfront.net\/wp-content\/uploads\/2020\/10\/19232746\/Cartel-22%C2%BA-Intercambio-Cultural-de-Escuelas-de-Ajedrez-2020-.jpg\" alt=\"\" width=\"800\" height=\"1131\" srcset=\"https:\/\/d3l56h94xwal1f.cloudfront.net\/wp-content\/uploads\/2020\/10\/19232746\/Cartel-22%C2%BA-Intercambio-Cultural-de-Escuelas-de-Ajedrez-2020-.jpg 1654w, https:\/\/d3l56h94xwal1f.cloudfront.net\/wp-content\/uploads\/2020\/10\/19232746\/Cartel-22%C2%BA-Intercambio-Cultural-de-Escuelas-de-Ajedrez-2020--212x300.jpg 212w, https:\/\/d3l56h94xwal1f.cloudfront.net\/wp-content\/uploads\/2020\/10\/19232746\/Cartel-22%C2%BA-Intercambio-Cultural-de-Escuelas-de-Ajedrez-2020--724x1024.jpg 724w, https:\/\/d3l56h94xwal1f.cloudfront.net\/wp-content\/uploads\/2020\/10\/19232746\/Cartel-22%C2%BA-Intercambio-Cultural-de-Escuelas-de-Ajedrez-2020--768x1086.jpg 768w, https:\/\/d3l56h94xwal1f.cloudfront.net\/wp-content\/uploads\/2020\/10\/19232746\/Cartel-22%C2%BA-Intercambio-Cultural-de-Escuelas-de-Ajedrez-2020--1086x1536.jpg 1086w, https:\/\/d3l56h94xwal1f.cloudfront.net\/wp-content\/uploads\/2020\/10\/19232746\/Cartel-22%C2%BA-Intercambio-Cultural-de-Escuelas-de-Ajedrez-2020--1448x2048.jpg 1448w, https:\/\/d3l56h94xwal1f.cloudfront.net\/wp-content\/uploads\/2020\/10\/19232746\/Cartel-22%C2%BA-Intercambio-Cultural-de-Escuelas-de-Ajedrez-2020--35x50.jpg 35w\" sizes=\"auto, (max-width: 800px) 100vw, 800px\" \/><\/a><\/p>\n<p style=\"text-align: justify;\">Problema de ajedrez a resolver por todos los participantes y que figura en el Cartel : \u00a0Blancas juegan y dan Jaque Mate en 2 jugadas. Tema t\u00e1ctico rey encerrado.<\/p>\n<p><a href=\"https:\/\/d3l56h94xwal1f.cloudfront.net\/wp-content\/uploads\/2020\/10\/19233012\/Posici%C3%B3n.jpg\" target=\"_blank\" rel=\"noopener noreferrer\"><img loading=\"lazy\" decoding=\"async\" class=\"aligncenter wp-image-3848 size-full\" src=\"https:\/\/d3l56h94xwal1f.cloudfront.net\/wp-content\/uploads\/2020\/10\/19233012\/Posici%C3%B3n.jpg\" alt=\"\" width=\"366\" height=\"367\" srcset=\"https:\/\/d3l56h94xwal1f.cloudfront.net\/wp-content\/uploads\/2020\/10\/19233012\/Posici%C3%B3n.jpg 366w, https:\/\/d3l56h94xwal1f.cloudfront.net\/wp-content\/uploads\/2020\/10\/19233012\/Posici%C3%B3n-300x300.jpg 300w, https:\/\/d3l56h94xwal1f.cloudfront.net\/wp-content\/uploads\/2020\/10\/19233012\/Posici%C3%B3n-150x150.jpg 150w, https:\/\/d3l56h94xwal1f.cloudfront.net\/wp-content\/uploads\/2020\/10\/19233012\/Posici%C3%B3n-50x50.jpg 50w\" sizes=\"auto, (max-width: 366px) 100vw, 366px\" \/><\/a><\/p>\n<p style=\"text-align: center;\">\u00bf Ser\u00edas capaz de ganar con blancas ?. Jaque Mate en 2 jugadas.<\/p>\n<h3 style=\"text-align: center;\"><strong><span style=\"color: #000080;\">La soluci\u00f3n se publicar\u00e1 despu\u00e9s de celebrarse el evento.<\/span><\/strong><\/h3>\n<h3 style=\"text-align: center;\"><em>Cu\u00f1a en Radio Cocentaina La Veu del Comtat<\/em><\/h3>\n<h3>Radio Cocentaina La Veu del Comtat\u00a0 \u00a0 \u00a0 \u00a0 \u00a0 \u00a0<span style=\"font-size: 14pt; color: #ff6600; font-family: arial, helvetica, sans-serif;\"><strong><a style=\"color: #ff6600;\" href=\"https:\/\/www.radiococentaina.com\/\" target=\"_blank\" rel=\"noopener noreferrer\">https:\/\/www.radiococentaina.com<\/a><\/strong><\/span><\/h3>\n<audio class=\"wp-audio-shortcode\" id=\"audio-3846-1\" preload=\"none\" style=\"width: 100%;\" controls=\"controls\"><source type=\"audio\/mpeg\" src=\"https:\/\/d3l56h94xwal1f.cloudfront.net\/wp-content\/uploads\/2020\/10\/22151615\/Intercambio-Cultural-de-Escuelas-2020.mp3?_=1\" \/><a href=\"https:\/\/d3l56h94xwal1f.cloudfront.net\/wp-content\/uploads\/2020\/10\/22151615\/Intercambio-Cultural-de-Escuelas-2020.mp3\">https:\/\/d3l56h94xwal1f.cloudfront.net\/wp-content\/uploads\/2020\/10\/22151615\/Intercambio-Cultural-de-Escuelas-2020.mp3<\/a><\/audio>\n<h3><img decoding=\"async\" class=\"aligncenter\" src=\"https:\/\/ajedreztabiyaalcoy.es\/club\/wp-content\/uploads\/2016\/04\/barra065.gif\" alt=\"barra065\" \/><\/h3>\n<h3 style=\"text-align: justify;\"><span style=\"color: #008080;\"><strong>Toda la informaci\u00f3n del evento en internet actualizada, con datos de los equipos y jugadores, y sus resultados.<\/strong><\/span><\/h3>\n<p><span style=\"color: #ff0000;\"><strong><span style=\"font-size: 14pt;\"><a style=\"color: #ff0000;\" href=\"https:\/\/chess-results.com\/tnr538811.aspx?lan=2\" target=\"_blank\" rel=\"noopener noreferrer\">https:\/\/chess-results.com\/tnr538811.aspx?lan=2<\/a><\/span><\/strong><\/span><\/p>\n<p><div style=\"width: 810px\" class=\"wp-caption aligncenter\"><a href=\"https:\/\/d3l56h94xwal1f.cloudfront.net\/wp-content\/uploads\/2020\/10\/25020928\/Listado-de-Equipos-.jpg\" target=\"_blank\" rel=\"noopener noreferrer\"><img loading=\"lazy\" decoding=\"async\" class=\"wp-image-3875\" src=\"https:\/\/d3l56h94xwal1f.cloudfront.net\/wp-content\/uploads\/2020\/10\/25020928\/Listado-de-Equipos-.jpg\" alt=\"\" width=\"800\" height=\"618\" srcset=\"https:\/\/d3l56h94xwal1f.cloudfront.net\/wp-content\/uploads\/2020\/10\/25020928\/Listado-de-Equipos-.jpg 1581w, https:\/\/d3l56h94xwal1f.cloudfront.net\/wp-content\/uploads\/2020\/10\/25020928\/Listado-de-Equipos--300x232.jpg 300w, https:\/\/d3l56h94xwal1f.cloudfront.net\/wp-content\/uploads\/2020\/10\/25020928\/Listado-de-Equipos--1024x791.jpg 1024w, https:\/\/d3l56h94xwal1f.cloudfront.net\/wp-content\/uploads\/2020\/10\/25020928\/Listado-de-Equipos--768x594.jpg 768w, https:\/\/d3l56h94xwal1f.cloudfront.net\/wp-content\/uploads\/2020\/10\/25020928\/Listado-de-Equipos--1536x1187.jpg 1536w, https:\/\/d3l56h94xwal1f.cloudfront.net\/wp-content\/uploads\/2020\/10\/25020928\/Listado-de-Equipos--50x39.jpg 50w\" sizes=\"auto, (max-width: 800px) 100vw, 800px\" \/><\/a><p class=\"wp-caption-text\">Listado de Equipos<\/p><\/div> <div id=\"attachment_3876\" style=\"width: 810px\" class=\"wp-caption aligncenter\"><a href=\"https:\/\/d3l56h94xwal1f.cloudfront.net\/wp-content\/uploads\/2020\/10\/25021054\/Composici%C3%B3n-de-los-Equipos-.jpg\" target=\"_blank\" rel=\"noopener noreferrer\"><img loading=\"lazy\" decoding=\"async\" aria-describedby=\"caption-attachment-3876\" class=\"wp-image-3876\" src=\"https:\/\/d3l56h94xwal1f.cloudfront.net\/wp-content\/uploads\/2020\/10\/25021054\/Composici%C3%B3n-de-los-Equipos-.jpg\" alt=\"\" width=\"800\" height=\"1122\" srcset=\"https:\/\/d3l56h94xwal1f.cloudfront.net\/wp-content\/uploads\/2020\/10\/25021054\/Composici%C3%B3n-de-los-Equipos-.jpg 1575w, https:\/\/d3l56h94xwal1f.cloudfront.net\/wp-content\/uploads\/2020\/10\/25021054\/Composici%C3%B3n-de-los-Equipos--214x300.jpg 214w, https:\/\/d3l56h94xwal1f.cloudfront.net\/wp-content\/uploads\/2020\/10\/25021054\/Composici%C3%B3n-de-los-Equipos--730x1024.jpg 730w, https:\/\/d3l56h94xwal1f.cloudfront.net\/wp-content\/uploads\/2020\/10\/25021054\/Composici%C3%B3n-de-los-Equipos--768x1077.jpg 768w, https:\/\/d3l56h94xwal1f.cloudfront.net\/wp-content\/uploads\/2020\/10\/25021054\/Composici%C3%B3n-de-los-Equipos--1096x1536.jpg 1096w, https:\/\/d3l56h94xwal1f.cloudfront.net\/wp-content\/uploads\/2020\/10\/25021054\/Composici%C3%B3n-de-los-Equipos--1461x2048.jpg 1461w, https:\/\/d3l56h94xwal1f.cloudfront.net\/wp-content\/uploads\/2020\/10\/25021054\/Composici%C3%B3n-de-los-Equipos--36x50.jpg 36w\" sizes=\"auto, (max-width: 800px) 100vw, 800px\" \/><\/a><p id=\"caption-attachment-3876\" class=\"wp-caption-text\">Composici\u00f3n de los Equipos<\/p><\/div> <div id=\"attachment_3877\" style=\"width: 810px\" class=\"wp-caption aligncenter\"><a href=\"https:\/\/d3l56h94xwal1f.cloudfront.net\/wp-content\/uploads\/2020\/10\/25021207\/Emparejamientos-de-los-Equipos-.jpg\" target=\"_blank\" rel=\"noopener noreferrer\"><img loading=\"lazy\" decoding=\"async\" aria-describedby=\"caption-attachment-3877\" class=\"wp-image-3877\" src=\"https:\/\/d3l56h94xwal1f.cloudfront.net\/wp-content\/uploads\/2020\/10\/25021207\/Emparejamientos-de-los-Equipos-.jpg\" alt=\"\" width=\"800\" height=\"1001\" srcset=\"https:\/\/d3l56h94xwal1f.cloudfront.net\/wp-content\/uploads\/2020\/10\/25021207\/Emparejamientos-de-los-Equipos-.jpg 1651w, https:\/\/d3l56h94xwal1f.cloudfront.net\/wp-content\/uploads\/2020\/10\/25021207\/Emparejamientos-de-los-Equipos--240x300.jpg 240w, https:\/\/d3l56h94xwal1f.cloudfront.net\/wp-content\/uploads\/2020\/10\/25021207\/Emparejamientos-de-los-Equipos--819x1024.jpg 819w, https:\/\/d3l56h94xwal1f.cloudfront.net\/wp-content\/uploads\/2020\/10\/25021207\/Emparejamientos-de-los-Equipos--768x961.jpg 768w, https:\/\/d3l56h94xwal1f.cloudfront.net\/wp-content\/uploads\/2020\/10\/25021207\/Emparejamientos-de-los-Equipos--1228x1536.jpg 1228w, https:\/\/d3l56h94xwal1f.cloudfront.net\/wp-content\/uploads\/2020\/10\/25021207\/Emparejamientos-de-los-Equipos--1637x2048.jpg 1637w, https:\/\/d3l56h94xwal1f.cloudfront.net\/wp-content\/uploads\/2020\/10\/25021207\/Emparejamientos-de-los-Equipos--40x50.jpg 40w\" sizes=\"auto, (max-width: 800px) 100vw, 800px\" \/><\/a><p id=\"caption-attachment-3877\" class=\"wp-caption-text\">Emparejamientos de los Equipos<\/p><\/div><\/p>\n<p><img decoding=\"async\" class=\"aligncenter\" src=\"https:\/\/ajedreztabiyaalcoy.es\/club\/wp-content\/uploads\/2016\/04\/barra065.gif\" alt=\"barra065\" \/><\/p>\n","protected":false},"excerpt":{"rendered":"<p>El pr\u00f3ximo Domingo 25 de Octubre por la ma\u00f1ana se celebrar\u00e1 en Cocentaina el 22\u00b0 Intercambio Cultural de Escuelas de Ajedrez &#8220;Fira de Tots Sants&#8221; 2020, que est\u00e1 organizado por el Club de Ajedrez Cocentaina,&#8230;<\/p>\n","protected":false},"author":2,"featured_media":3854,"comment_status":"open","ping_status":"open","sticky":false,"template":"","format":"standard","meta":{"rop_custom_images_group":[],"rop_custom_messages_group":[],"rop_publish_now":"initial","rop_publish_now_accounts":[],"rop_publish_now_history":[],"rop_publish_now_status":"pending","footnotes":""},"categories":[4],"tags":[],"class_list":["post-3846","post","type-post","status-publish","format-standard","has-post-thumbnail","hentry","category-torneos"],"wppr_data":{"cwp_meta_box_check":"No"},"_links":{"self":[{"href":"https:\/\/ajedreztabiyaalcoy.es\/club\/wp-json\/wp\/v2\/posts\/3846","targetHints":{"allow":["GET"]}}],"collection":[{"href":"https:\/\/ajedreztabiyaalcoy.es\/club\/wp-json\/wp\/v2\/posts"}],"about":[{"href":"https:\/\/ajedreztabiyaalcoy.es\/club\/wp-json\/wp\/v2\/types\/post"}],"author":[{"embeddable":true,"href":"https:\/\/ajedreztabiyaalcoy.es\/club\/wp-json\/wp\/v2\/users\/2"}],"replies":[{"embeddable":true,"href":"https:\/\/ajedreztabiyaalcoy.es\/club\/wp-json\/wp\/v2\/comments?post=3846"}],"version-history":[{"count":10,"href":"https:\/\/ajedreztabiyaalcoy.es\/club\/wp-json\/wp\/v2\/posts\/3846\/revisions"}],"predecessor-version":[{"id":3855,"href":"https:\/\/ajedreztabiyaalcoy.es\/club\/wp-json\/wp\/v2\/posts\/3846\/revisions\/3855"}],"wp:featuredmedia":[{"embeddable":true,"href":"https:\/\/ajedreztabiyaalcoy.es\/club\/wp-json\/wp\/v2\/media\/3854"}],"wp:attachment":[{"href":"https:\/\/ajedreztabiyaalcoy.es\/club\/wp-json\/wp\/v2\/media?parent=3846"}],"wp:term":[{"taxonomy":"category","embeddable":true,"href":"https:\/\/ajedreztabiyaalcoy.es\/club\/wp-json\/wp\/v2\/categories?post=3846"},{"taxonomy":"post_tag","embeddable":true,"href":"https:\/\/ajedreztabiyaalcoy.es\/club\/wp-json\/wp\/v2\/tags?post=3846"}],"curies":[{"name":"wp","href":"https:\/\/api.w.org\/{rel}","templated":true}]}}