{"id":3883,"date":"2020-11-18T00:10:15","date_gmt":"2020-11-17T23:10:15","guid":{"rendered":"https:\/\/ajedreztabiyaalcoy.es\/club\/?p=3883"},"modified":"2020-11-18T00:19:47","modified_gmt":"2020-11-17T23:19:47","slug":"la-escuela-de-ajedrez-tabiya-alcoy-vence-en-el-22o-intercambio-cultural-de-escuelas-de-ajedrez-en-cocentaina-fira-de-tots-sants-2020","status":"publish","type":"post","link":"https:\/\/ajedreztabiyaalcoy.es\/club\/la-escuela-de-ajedrez-tabiya-alcoy-vence-en-el-22o-intercambio-cultural-de-escuelas-de-ajedrez-en-cocentaina-fira-de-tots-sants-2020\/","title":{"rendered":"\u00a1 La Escuela de Ajedrez Tabiya Alcoy vence en el 22\u00ba Intercambio Cultural de Escuelas de Ajedrez en Cocentaina &#8220;Fira de Tots Sants&#8221; 2020 !"},"content":{"rendered":"<p style=\"text-align: justify;\">Se celebr\u00f3 el Domingo 25 de Octubre el <span style=\"color: #ff0000;\"><strong>22\u00b0 Intercambio Cultural de Escuelas de Ajedrez en Cocentaina \u201cFira de Tots Sants\u201d 2020<\/strong><\/span>, que ha sido organizado por el Club de Ajedrez Cocentaina, con la Colaboraci\u00f3n del M. I. Ayuntamiento de Cocentaina y la Excma. Diputaci\u00f3n Provincial Alicante.<a href=\"https:\/\/d3l56h94xwal1f.cloudfront.net\/wp-content\/uploads\/2020\/10\/19232746\/Cartel-22%C2%BA-Intercambio-Cultural-de-Escuelas-de-Ajedrez-2020-.jpg\" target=\"_blank\" rel=\"noopener noreferrer\"><img loading=\"lazy\" decoding=\"async\" class=\"aligncenter wp-image-3847\" src=\"https:\/\/d3l56h94xwal1f.cloudfront.net\/wp-content\/uploads\/2020\/10\/19232746\/Cartel-22%C2%BA-Intercambio-Cultural-de-Escuelas-de-Ajedrez-2020-.jpg\" alt=\"\" width=\"800\" height=\"1131\" srcset=\"https:\/\/d3l56h94xwal1f.cloudfront.net\/wp-content\/uploads\/2020\/10\/19232746\/Cartel-22%C2%BA-Intercambio-Cultural-de-Escuelas-de-Ajedrez-2020-.jpg 1654w, https:\/\/d3l56h94xwal1f.cloudfront.net\/wp-content\/uploads\/2020\/10\/19232746\/Cartel-22%C2%BA-Intercambio-Cultural-de-Escuelas-de-Ajedrez-2020--212x300.jpg 212w, https:\/\/d3l56h94xwal1f.cloudfront.net\/wp-content\/uploads\/2020\/10\/19232746\/Cartel-22%C2%BA-Intercambio-Cultural-de-Escuelas-de-Ajedrez-2020--724x1024.jpg 724w, https:\/\/d3l56h94xwal1f.cloudfront.net\/wp-content\/uploads\/2020\/10\/19232746\/Cartel-22%C2%BA-Intercambio-Cultural-de-Escuelas-de-Ajedrez-2020--768x1086.jpg 768w, https:\/\/d3l56h94xwal1f.cloudfront.net\/wp-content\/uploads\/2020\/10\/19232746\/Cartel-22%C2%BA-Intercambio-Cultural-de-Escuelas-de-Ajedrez-2020--1086x1536.jpg 1086w, https:\/\/d3l56h94xwal1f.cloudfront.net\/wp-content\/uploads\/2020\/10\/19232746\/Cartel-22%C2%BA-Intercambio-Cultural-de-Escuelas-de-Ajedrez-2020--1448x2048.jpg 1448w, https:\/\/d3l56h94xwal1f.cloudfront.net\/wp-content\/uploads\/2020\/10\/19232746\/Cartel-22%C2%BA-Intercambio-Cultural-de-Escuelas-de-Ajedrez-2020--35x50.jpg 35w\" sizes=\"auto, (max-width: 800px) 100vw, 800px\" \/><\/a><\/p>\n<p style=\"text-align: justify;\">Participaron 12 ni\u00f1os, ni\u00f1as y j\u00f3venes procedentes de Alcoy y Cocentaina, de 5 a 12 a\u00f1os de edad, en un evento cuyos objetivos adem\u00e1s de potenciar la base de este deporte, han sido la de aproximar en paz y amistad a los escolares de estas localidades gracias al ajedrez; adem\u00e1s de conocer, apreciar y disfrutar del Patrimonio Cultural e Hist\u00f3rico de Cocentaina.<\/p>\n<p style=\"text-align: justify;\">Para ello, por la ma\u00f1ana, tuvo lugar la Competici\u00f3n por Equipos, que tuvo un emocionante final de torneo para decidir al Campe\u00f3n, si bien el equipo ganador demostr\u00f3 m\u00e1s nivel que los dem\u00e1s.<\/p>\n<p style=\"text-align: justify;\">Debido a la crisis sanitaria que padecemos, el evento tuvo que organizarse de manera restrictiva a 2 jugadores por equipo, juntando las 8 Entidades participantes en 6 equipos, sin afluencia de p\u00fablico, y con un estricto Protocolo Sanitario.<\/p>\n<div id='gallery-1' class='gallery galleryid-3883 gallery-columns-3 gallery-size-medium'><dl class='gallery-item'>\n\t\t\t<dt class='gallery-icon landscape'>\n\t\t\t\t<a href='https:\/\/ajedreztabiyaalcoy.es\/club\/la-escuela-de-ajedrez-tabiya-alcoy-vence-en-el-22o-intercambio-cultural-de-escuelas-de-ajedrez-en-cocentaina-fira-de-tots-sants-2020\/vista-general-3-7\/'><img loading=\"lazy\" decoding=\"async\" width=\"300\" height=\"187\" src=\"https:\/\/d3l56h94xwal1f.cloudfront.net\/wp-content\/uploads\/2020\/11\/17235741\/Vista-general-3-300x187.jpg\" class=\"attachment-medium size-medium\" alt=\"\" srcset=\"https:\/\/d3l56h94xwal1f.cloudfront.net\/wp-content\/uploads\/2020\/11\/17235741\/Vista-general-3-300x187.jpg 300w, https:\/\/d3l56h94xwal1f.cloudfront.net\/wp-content\/uploads\/2020\/11\/17235741\/Vista-general-3-1024x637.jpg 1024w, https:\/\/d3l56h94xwal1f.cloudfront.net\/wp-content\/uploads\/2020\/11\/17235741\/Vista-general-3-768x478.jpg 768w, https:\/\/d3l56h94xwal1f.cloudfront.net\/wp-content\/uploads\/2020\/11\/17235741\/Vista-general-3-50x31.jpg 50w, https:\/\/d3l56h94xwal1f.cloudfront.net\/wp-content\/uploads\/2020\/11\/17235741\/Vista-general-3.jpg 1166w\" sizes=\"auto, (max-width: 300px) 100vw, 300px\" \/><\/a>\n\t\t\t<\/dt><\/dl><dl class='gallery-item'>\n\t\t\t<dt class='gallery-icon landscape'>\n\t\t\t\t<a href='https:\/\/ajedreztabiyaalcoy.es\/club\/la-escuela-de-ajedrez-tabiya-alcoy-vence-en-el-22o-intercambio-cultural-de-escuelas-de-ajedrez-en-cocentaina-fira-de-tots-sants-2020\/trofeos-1\/'><img loading=\"lazy\" decoding=\"async\" width=\"300\" height=\"203\" src=\"https:\/\/d3l56h94xwal1f.cloudfront.net\/wp-content\/uploads\/2020\/11\/17235841\/Trofeos-1-300x203.jpg\" class=\"attachment-medium size-medium\" alt=\"\" srcset=\"https:\/\/d3l56h94xwal1f.cloudfront.net\/wp-content\/uploads\/2020\/11\/17235841\/Trofeos-1-300x203.jpg 300w, https:\/\/d3l56h94xwal1f.cloudfront.net\/wp-content\/uploads\/2020\/11\/17235841\/Trofeos-1-1024x692.jpg 1024w, https:\/\/d3l56h94xwal1f.cloudfront.net\/wp-content\/uploads\/2020\/11\/17235841\/Trofeos-1-768x519.jpg 768w, https:\/\/d3l56h94xwal1f.cloudfront.net\/wp-content\/uploads\/2020\/11\/17235841\/Trofeos-1-50x34.jpg 50w, https:\/\/d3l56h94xwal1f.cloudfront.net\/wp-content\/uploads\/2020\/11\/17235841\/Trofeos-1.jpg 1177w\" sizes=\"auto, (max-width: 300px) 100vw, 300px\" \/><\/a>\n\t\t\t<\/dt><\/dl><dl class='gallery-item'>\n\t\t\t<dt class='gallery-icon landscape'>\n\t\t\t\t<a href='https:\/\/ajedreztabiyaalcoy.es\/club\/la-escuela-de-ajedrez-tabiya-alcoy-vence-en-el-22o-intercambio-cultural-de-escuelas-de-ajedrez-en-cocentaina-fira-de-tots-sants-2020\/vista-general-1-7\/'><img loading=\"lazy\" decoding=\"async\" width=\"300\" height=\"191\" src=\"https:\/\/d3l56h94xwal1f.cloudfront.net\/wp-content\/uploads\/2020\/11\/18000227\/Vista-general-1-300x191.jpg\" class=\"attachment-medium size-medium\" alt=\"\" srcset=\"https:\/\/d3l56h94xwal1f.cloudfront.net\/wp-content\/uploads\/2020\/11\/18000227\/Vista-general-1-300x191.jpg 300w, https:\/\/d3l56h94xwal1f.cloudfront.net\/wp-content\/uploads\/2020\/11\/18000227\/Vista-general-1-1024x651.jpg 1024w, https:\/\/d3l56h94xwal1f.cloudfront.net\/wp-content\/uploads\/2020\/11\/18000227\/Vista-general-1-768x489.jpg 768w, https:\/\/d3l56h94xwal1f.cloudfront.net\/wp-content\/uploads\/2020\/11\/18000227\/Vista-general-1-50x32.jpg 50w, https:\/\/d3l56h94xwal1f.cloudfront.net\/wp-content\/uploads\/2020\/11\/18000227\/Vista-general-1.jpg 1160w\" sizes=\"auto, (max-width: 300px) 100vw, 300px\" \/><\/a>\n\t\t\t<\/dt><\/dl><br style=\"clear: both\" \/><dl class='gallery-item'>\n\t\t\t<dt class='gallery-icon landscape'>\n\t\t\t\t<a href='https:\/\/ajedreztabiyaalcoy.es\/club\/la-escuela-de-ajedrez-tabiya-alcoy-vence-en-el-22o-intercambio-cultural-de-escuelas-de-ajedrez-en-cocentaina-fira-de-tots-sants-2020\/vista-general-4-5\/'><img loading=\"lazy\" decoding=\"async\" width=\"300\" height=\"184\" src=\"https:\/\/d3l56h94xwal1f.cloudfront.net\/wp-content\/uploads\/2020\/11\/17235929\/Vista-general-4-300x184.jpg\" class=\"attachment-medium size-medium\" alt=\"\" srcset=\"https:\/\/d3l56h94xwal1f.cloudfront.net\/wp-content\/uploads\/2020\/11\/17235929\/Vista-general-4-300x184.jpg 300w, https:\/\/d3l56h94xwal1f.cloudfront.net\/wp-content\/uploads\/2020\/11\/17235929\/Vista-general-4-1024x628.jpg 1024w, https:\/\/d3l56h94xwal1f.cloudfront.net\/wp-content\/uploads\/2020\/11\/17235929\/Vista-general-4-768x471.jpg 768w, https:\/\/d3l56h94xwal1f.cloudfront.net\/wp-content\/uploads\/2020\/11\/17235929\/Vista-general-4-50x31.jpg 50w, https:\/\/d3l56h94xwal1f.cloudfront.net\/wp-content\/uploads\/2020\/11\/17235929\/Vista-general-4.jpg 1270w\" sizes=\"auto, (max-width: 300px) 100vw, 300px\" \/><\/a>\n\t\t\t<\/dt><\/dl><dl class='gallery-item'>\n\t\t\t<dt class='gallery-icon landscape'>\n\t\t\t\t<a href='https:\/\/ajedreztabiyaalcoy.es\/club\/la-escuela-de-ajedrez-tabiya-alcoy-vence-en-el-22o-intercambio-cultural-de-escuelas-de-ajedrez-en-cocentaina-fira-de-tots-sants-2020\/trofeos-2\/'><img loading=\"lazy\" decoding=\"async\" width=\"300\" height=\"158\" src=\"https:\/\/d3l56h94xwal1f.cloudfront.net\/wp-content\/uploads\/2020\/11\/18000304\/Trofeos-2-300x158.jpg\" class=\"attachment-medium size-medium\" alt=\"\" srcset=\"https:\/\/d3l56h94xwal1f.cloudfront.net\/wp-content\/uploads\/2020\/11\/18000304\/Trofeos-2-300x158.jpg 300w, https:\/\/d3l56h94xwal1f.cloudfront.net\/wp-content\/uploads\/2020\/11\/18000304\/Trofeos-2-1024x538.jpg 1024w, https:\/\/d3l56h94xwal1f.cloudfront.net\/wp-content\/uploads\/2020\/11\/18000304\/Trofeos-2-768x404.jpg 768w, https:\/\/d3l56h94xwal1f.cloudfront.net\/wp-content\/uploads\/2020\/11\/18000304\/Trofeos-2-50x26.jpg 50w, https:\/\/d3l56h94xwal1f.cloudfront.net\/wp-content\/uploads\/2020\/11\/18000304\/Trofeos-2.jpg 1240w\" sizes=\"auto, (max-width: 300px) 100vw, 300px\" \/><\/a>\n\t\t\t<\/dt><\/dl><dl class='gallery-item'>\n\t\t\t<dt class='gallery-icon landscape'>\n\t\t\t\t<a href='https:\/\/ajedreztabiyaalcoy.es\/club\/la-escuela-de-ajedrez-tabiya-alcoy-vence-en-el-22o-intercambio-cultural-de-escuelas-de-ajedrez-en-cocentaina-fira-de-tots-sants-2020\/vista-general-2-8\/'><img loading=\"lazy\" decoding=\"async\" width=\"300\" height=\"233\" src=\"https:\/\/d3l56h94xwal1f.cloudfront.net\/wp-content\/uploads\/2020\/11\/17235958\/Vista-general-2-300x233.jpg\" class=\"attachment-medium size-medium\" alt=\"\" srcset=\"https:\/\/d3l56h94xwal1f.cloudfront.net\/wp-content\/uploads\/2020\/11\/17235958\/Vista-general-2-300x233.jpg 300w, https:\/\/d3l56h94xwal1f.cloudfront.net\/wp-content\/uploads\/2020\/11\/17235958\/Vista-general-2-768x596.jpg 768w, https:\/\/d3l56h94xwal1f.cloudfront.net\/wp-content\/uploads\/2020\/11\/17235958\/Vista-general-2-50x39.jpg 50w, https:\/\/d3l56h94xwal1f.cloudfront.net\/wp-content\/uploads\/2020\/11\/17235958\/Vista-general-2.jpg 1003w\" sizes=\"auto, (max-width: 300px) 100vw, 300px\" \/><\/a>\n\t\t\t<\/dt><\/dl><br style=\"clear: both\" \/>\n\t\t<\/div>\n\n<p>Las 8 Entidades que participaron son, la <strong>Escola d&#8217;Escacs de Cocentaina<\/strong>, la <strong>Escuela de Ajedrez Tabiya Alcoy<\/strong>, el <strong>Colegio Salesiano San Vicente Ferrer de Alcoy<\/strong>, el <strong>Colegio La Salle de Alcoy<\/strong>, el <strong>Col\u00b7legi P\u00fablic Miguel Hern\u00e1ndez d&#8217;Alcoi<\/strong>, el <strong>Colegio Salesianos Juan XXIII de Alcoy<\/strong>, el <strong>Col\u00b7legi P\u00fablic Real Blanc de Cocentaina<\/strong>, y el <strong>Col\u00b7legi P\u00fablic San Juan Bosco de Cocentaina<\/strong>.<\/p>\n<p style=\"text-align: justify;\">El torneo se jug\u00f3 por Sistema Liga entre 6 equipos a 2 tableros, en partidas de 10 minutos por jugador m\u00e1s 2 segundos de incremento por jugada, en un gran ambiente. Las partidas fueron muy disputadas y emocionantes, demostrando todos los jugadores un buen y aceptable nivel de juego. Destacar al benjam\u00edn del <strong>Miguel Hern\u00e1ndez d\u2019Alcoi<\/strong> <span style=\"color: #800080;\"><strong>Alex Mag\u00e1n<\/strong><\/span> de 5 a\u00f1os de edad, que demostr\u00f3 un excelente nivel de juego para su edad, logrando vencer a jugadores de mayor experiencia, siendo la sensaci\u00f3n del torneo, junto con el mejor jugador del evento <span style=\"color: #800080;\"><strong>\u00cd\u00f1igo Donoso<\/strong><\/span> del <strong>Tabiya Alcoy<\/strong>.<\/p>\n<div id='gallery-2' class='gallery galleryid-3883 gallery-columns-3 gallery-size-medium'><dl class='gallery-item'>\n\t\t\t<dt class='gallery-icon landscape'>\n\t\t\t\t<a href='https:\/\/ajedreztabiyaalcoy.es\/club\/la-escuela-de-ajedrez-tabiya-alcoy-vence-en-el-22o-intercambio-cultural-de-escuelas-de-ajedrez-en-cocentaina-fira-de-tots-sants-2020\/img_9957\/'><img loading=\"lazy\" decoding=\"async\" width=\"300\" height=\"200\" src=\"https:\/\/d3l56h94xwal1f.cloudfront.net\/wp-content\/uploads\/2020\/11\/17232320\/IMG_9957-300x200.jpg\" class=\"attachment-medium size-medium\" alt=\"\" srcset=\"https:\/\/d3l56h94xwal1f.cloudfront.net\/wp-content\/uploads\/2020\/11\/17232320\/IMG_9957-300x200.jpg 300w, https:\/\/d3l56h94xwal1f.cloudfront.net\/wp-content\/uploads\/2020\/11\/17232320\/IMG_9957-1024x683.jpg 1024w, https:\/\/d3l56h94xwal1f.cloudfront.net\/wp-content\/uploads\/2020\/11\/17232320\/IMG_9957-768x512.jpg 768w, https:\/\/d3l56h94xwal1f.cloudfront.net\/wp-content\/uploads\/2020\/11\/17232320\/IMG_9957-50x33.jpg 50w, https:\/\/d3l56h94xwal1f.cloudfront.net\/wp-content\/uploads\/2020\/11\/17232320\/IMG_9957.jpg 1166w\" sizes=\"auto, (max-width: 300px) 100vw, 300px\" \/><\/a>\n\t\t\t<\/dt><\/dl><dl class='gallery-item'>\n\t\t\t<dt class='gallery-icon landscape'>\n\t\t\t\t<a href='https:\/\/ajedreztabiyaalcoy.es\/club\/la-escuela-de-ajedrez-tabiya-alcoy-vence-en-el-22o-intercambio-cultural-de-escuelas-de-ajedrez-en-cocentaina-fira-de-tots-sants-2020\/img_9958\/'><img loading=\"lazy\" decoding=\"async\" width=\"300\" height=\"200\" src=\"https:\/\/d3l56h94xwal1f.cloudfront.net\/wp-content\/uploads\/2020\/11\/17232432\/IMG_9958-300x200.jpg\" class=\"attachment-medium size-medium\" alt=\"\" srcset=\"https:\/\/d3l56h94xwal1f.cloudfront.net\/wp-content\/uploads\/2020\/11\/17232432\/IMG_9958-300x200.jpg 300w, https:\/\/d3l56h94xwal1f.cloudfront.net\/wp-content\/uploads\/2020\/11\/17232432\/IMG_9958-1024x684.jpg 1024w, https:\/\/d3l56h94xwal1f.cloudfront.net\/wp-content\/uploads\/2020\/11\/17232432\/IMG_9958-768x513.jpg 768w, https:\/\/d3l56h94xwal1f.cloudfront.net\/wp-content\/uploads\/2020\/11\/17232432\/IMG_9958-50x33.jpg 50w, https:\/\/d3l56h94xwal1f.cloudfront.net\/wp-content\/uploads\/2020\/11\/17232432\/IMG_9958.jpg 1207w\" sizes=\"auto, (max-width: 300px) 100vw, 300px\" \/><\/a>\n\t\t\t<\/dt><\/dl><dl class='gallery-item'>\n\t\t\t<dt class='gallery-icon landscape'>\n\t\t\t\t<a href='https:\/\/ajedreztabiyaalcoy.es\/club\/la-escuela-de-ajedrez-tabiya-alcoy-vence-en-el-22o-intercambio-cultural-de-escuelas-de-ajedrez-en-cocentaina-fira-de-tots-sants-2020\/img_9960\/'><img loading=\"lazy\" decoding=\"async\" width=\"300\" height=\"160\" src=\"https:\/\/d3l56h94xwal1f.cloudfront.net\/wp-content\/uploads\/2020\/11\/17232513\/IMG_9960-300x160.jpg\" class=\"attachment-medium size-medium\" alt=\"\" srcset=\"https:\/\/d3l56h94xwal1f.cloudfront.net\/wp-content\/uploads\/2020\/11\/17232513\/IMG_9960-300x160.jpg 300w, https:\/\/d3l56h94xwal1f.cloudfront.net\/wp-content\/uploads\/2020\/11\/17232513\/IMG_9960-1024x544.jpg 1024w, https:\/\/d3l56h94xwal1f.cloudfront.net\/wp-content\/uploads\/2020\/11\/17232513\/IMG_9960-768x408.jpg 768w, https:\/\/d3l56h94xwal1f.cloudfront.net\/wp-content\/uploads\/2020\/11\/17232513\/IMG_9960-50x27.jpg 50w, https:\/\/d3l56h94xwal1f.cloudfront.net\/wp-content\/uploads\/2020\/11\/17232513\/IMG_9960.jpg 1341w\" sizes=\"auto, (max-width: 300px) 100vw, 300px\" \/><\/a>\n\t\t\t<\/dt><\/dl><br style=\"clear: both\" \/><dl class='gallery-item'>\n\t\t\t<dt class='gallery-icon landscape'>\n\t\t\t\t<a href='https:\/\/ajedreztabiyaalcoy.es\/club\/la-escuela-de-ajedrez-tabiya-alcoy-vence-en-el-22o-intercambio-cultural-de-escuelas-de-ajedrez-en-cocentaina-fira-de-tots-sants-2020\/img_9962\/'><img loading=\"lazy\" decoding=\"async\" width=\"300\" height=\"219\" src=\"https:\/\/d3l56h94xwal1f.cloudfront.net\/wp-content\/uploads\/2020\/11\/17232556\/IMG_9962-300x219.jpg\" class=\"attachment-medium size-medium\" alt=\"\" srcset=\"https:\/\/d3l56h94xwal1f.cloudfront.net\/wp-content\/uploads\/2020\/11\/17232556\/IMG_9962-300x219.jpg 300w, https:\/\/d3l56h94xwal1f.cloudfront.net\/wp-content\/uploads\/2020\/11\/17232556\/IMG_9962-768x560.jpg 768w, https:\/\/d3l56h94xwal1f.cloudfront.net\/wp-content\/uploads\/2020\/11\/17232556\/IMG_9962-50x36.jpg 50w, https:\/\/d3l56h94xwal1f.cloudfront.net\/wp-content\/uploads\/2020\/11\/17232556\/IMG_9962.jpg 1025w\" sizes=\"auto, (max-width: 300px) 100vw, 300px\" \/><\/a>\n\t\t\t<\/dt><\/dl><dl class='gallery-item'>\n\t\t\t<dt class='gallery-icon landscape'>\n\t\t\t\t<a href='https:\/\/ajedreztabiyaalcoy.es\/club\/la-escuela-de-ajedrez-tabiya-alcoy-vence-en-el-22o-intercambio-cultural-de-escuelas-de-ajedrez-en-cocentaina-fira-de-tots-sants-2020\/img_9966\/'><img loading=\"lazy\" decoding=\"async\" width=\"300\" height=\"191\" src=\"https:\/\/d3l56h94xwal1f.cloudfront.net\/wp-content\/uploads\/2020\/11\/17232706\/IMG_9966-300x191.jpg\" class=\"attachment-medium size-medium\" alt=\"\" srcset=\"https:\/\/d3l56h94xwal1f.cloudfront.net\/wp-content\/uploads\/2020\/11\/17232706\/IMG_9966-300x191.jpg 300w, https:\/\/d3l56h94xwal1f.cloudfront.net\/wp-content\/uploads\/2020\/11\/17232706\/IMG_9966-1024x652.jpg 1024w, https:\/\/d3l56h94xwal1f.cloudfront.net\/wp-content\/uploads\/2020\/11\/17232706\/IMG_9966-768x489.jpg 768w, https:\/\/d3l56h94xwal1f.cloudfront.net\/wp-content\/uploads\/2020\/11\/17232706\/IMG_9966-50x32.jpg 50w, https:\/\/d3l56h94xwal1f.cloudfront.net\/wp-content\/uploads\/2020\/11\/17232706\/IMG_9966.jpg 1063w\" sizes=\"auto, (max-width: 300px) 100vw, 300px\" \/><\/a>\n\t\t\t<\/dt><\/dl><dl class='gallery-item'>\n\t\t\t<dt class='gallery-icon landscape'>\n\t\t\t\t<a href='https:\/\/ajedreztabiyaalcoy.es\/club\/la-escuela-de-ajedrez-tabiya-alcoy-vence-en-el-22o-intercambio-cultural-de-escuelas-de-ajedrez-en-cocentaina-fira-de-tots-sants-2020\/img_9967\/'><img loading=\"lazy\" decoding=\"async\" width=\"300\" height=\"165\" src=\"https:\/\/d3l56h94xwal1f.cloudfront.net\/wp-content\/uploads\/2020\/11\/17232745\/IMG_9967-300x165.jpg\" class=\"attachment-medium size-medium\" alt=\"\" srcset=\"https:\/\/d3l56h94xwal1f.cloudfront.net\/wp-content\/uploads\/2020\/11\/17232745\/IMG_9967-300x165.jpg 300w, https:\/\/d3l56h94xwal1f.cloudfront.net\/wp-content\/uploads\/2020\/11\/17232745\/IMG_9967-1024x564.jpg 1024w, https:\/\/d3l56h94xwal1f.cloudfront.net\/wp-content\/uploads\/2020\/11\/17232745\/IMG_9967-768x423.jpg 768w, https:\/\/d3l56h94xwal1f.cloudfront.net\/wp-content\/uploads\/2020\/11\/17232745\/IMG_9967-50x28.jpg 50w, https:\/\/d3l56h94xwal1f.cloudfront.net\/wp-content\/uploads\/2020\/11\/17232745\/IMG_9967-120x67.jpg 120w, https:\/\/d3l56h94xwal1f.cloudfront.net\/wp-content\/uploads\/2020\/11\/17232745\/IMG_9967.jpg 1240w\" sizes=\"auto, (max-width: 300px) 100vw, 300px\" \/><\/a>\n\t\t\t<\/dt><\/dl><br style=\"clear: both\" \/><dl class='gallery-item'>\n\t\t\t<dt class='gallery-icon landscape'>\n\t\t\t\t<a href='https:\/\/ajedreztabiyaalcoy.es\/club\/la-escuela-de-ajedrez-tabiya-alcoy-vence-en-el-22o-intercambio-cultural-de-escuelas-de-ajedrez-en-cocentaina-fira-de-tots-sants-2020\/img_9974\/'><img loading=\"lazy\" decoding=\"async\" width=\"300\" height=\"204\" src=\"https:\/\/d3l56h94xwal1f.cloudfront.net\/wp-content\/uploads\/2020\/11\/17232843\/IMG_9974-300x204.jpg\" class=\"attachment-medium size-medium\" alt=\"\" srcset=\"https:\/\/d3l56h94xwal1f.cloudfront.net\/wp-content\/uploads\/2020\/11\/17232843\/IMG_9974-300x204.jpg 300w, https:\/\/d3l56h94xwal1f.cloudfront.net\/wp-content\/uploads\/2020\/11\/17232843\/IMG_9974-1024x697.jpg 1024w, https:\/\/d3l56h94xwal1f.cloudfront.net\/wp-content\/uploads\/2020\/11\/17232843\/IMG_9974-768x523.jpg 768w, https:\/\/d3l56h94xwal1f.cloudfront.net\/wp-content\/uploads\/2020\/11\/17232843\/IMG_9974-50x34.jpg 50w, https:\/\/d3l56h94xwal1f.cloudfront.net\/wp-content\/uploads\/2020\/11\/17232843\/IMG_9974.jpg 1167w\" sizes=\"auto, (max-width: 300px) 100vw, 300px\" \/><\/a>\n\t\t\t<\/dt><\/dl><dl class='gallery-item'>\n\t\t\t<dt class='gallery-icon landscape'>\n\t\t\t\t<a href='https:\/\/ajedreztabiyaalcoy.es\/club\/la-escuela-de-ajedrez-tabiya-alcoy-vence-en-el-22o-intercambio-cultural-de-escuelas-de-ajedrez-en-cocentaina-fira-de-tots-sants-2020\/img_9976\/'><img loading=\"lazy\" decoding=\"async\" width=\"300\" height=\"167\" src=\"https:\/\/d3l56h94xwal1f.cloudfront.net\/wp-content\/uploads\/2020\/11\/17232929\/IMG_9976-300x167.jpg\" class=\"attachment-medium size-medium\" alt=\"\" srcset=\"https:\/\/d3l56h94xwal1f.cloudfront.net\/wp-content\/uploads\/2020\/11\/17232929\/IMG_9976-300x167.jpg 300w, https:\/\/d3l56h94xwal1f.cloudfront.net\/wp-content\/uploads\/2020\/11\/17232929\/IMG_9976-1024x571.jpg 1024w, https:\/\/d3l56h94xwal1f.cloudfront.net\/wp-content\/uploads\/2020\/11\/17232929\/IMG_9976-768x428.jpg 768w, https:\/\/d3l56h94xwal1f.cloudfront.net\/wp-content\/uploads\/2020\/11\/17232929\/IMG_9976-50x28.jpg 50w, https:\/\/d3l56h94xwal1f.cloudfront.net\/wp-content\/uploads\/2020\/11\/17232929\/IMG_9976-260x146.jpg 260w, https:\/\/d3l56h94xwal1f.cloudfront.net\/wp-content\/uploads\/2020\/11\/17232929\/IMG_9976-120x67.jpg 120w, https:\/\/d3l56h94xwal1f.cloudfront.net\/wp-content\/uploads\/2020\/11\/17232929\/IMG_9976.jpg 1361w\" sizes=\"auto, (max-width: 300px) 100vw, 300px\" \/><\/a>\n\t\t\t<\/dt><\/dl><dl class='gallery-item'>\n\t\t\t<dt class='gallery-icon landscape'>\n\t\t\t\t<a href='https:\/\/ajedreztabiyaalcoy.es\/club\/la-escuela-de-ajedrez-tabiya-alcoy-vence-en-el-22o-intercambio-cultural-de-escuelas-de-ajedrez-en-cocentaina-fira-de-tots-sants-2020\/img_9978\/'><img loading=\"lazy\" decoding=\"async\" width=\"300\" height=\"200\" src=\"https:\/\/d3l56h94xwal1f.cloudfront.net\/wp-content\/uploads\/2020\/11\/17233012\/IMG_9978-300x200.jpg\" class=\"attachment-medium size-medium\" alt=\"\" srcset=\"https:\/\/d3l56h94xwal1f.cloudfront.net\/wp-content\/uploads\/2020\/11\/17233012\/IMG_9978-300x200.jpg 300w, https:\/\/d3l56h94xwal1f.cloudfront.net\/wp-content\/uploads\/2020\/11\/17233012\/IMG_9978-1024x683.jpg 1024w, https:\/\/d3l56h94xwal1f.cloudfront.net\/wp-content\/uploads\/2020\/11\/17233012\/IMG_9978-768x512.jpg 768w, https:\/\/d3l56h94xwal1f.cloudfront.net\/wp-content\/uploads\/2020\/11\/17233012\/IMG_9978-50x33.jpg 50w, https:\/\/d3l56h94xwal1f.cloudfront.net\/wp-content\/uploads\/2020\/11\/17233012\/IMG_9978.jpg 1166w\" sizes=\"auto, (max-width: 300px) 100vw, 300px\" \/><\/a>\n\t\t\t<\/dt><\/dl><br style=\"clear: both\" \/><dl class='gallery-item'>\n\t\t\t<dt class='gallery-icon landscape'>\n\t\t\t\t<a href='https:\/\/ajedreztabiyaalcoy.es\/club\/la-escuela-de-ajedrez-tabiya-alcoy-vence-en-el-22o-intercambio-cultural-de-escuelas-de-ajedrez-en-cocentaina-fira-de-tots-sants-2020\/img_9980\/'><img loading=\"lazy\" decoding=\"async\" width=\"300\" height=\"171\" src=\"https:\/\/d3l56h94xwal1f.cloudfront.net\/wp-content\/uploads\/2020\/11\/17233050\/IMG_9980-300x171.jpg\" class=\"attachment-medium size-medium\" alt=\"\" srcset=\"https:\/\/d3l56h94xwal1f.cloudfront.net\/wp-content\/uploads\/2020\/11\/17233050\/IMG_9980-300x171.jpg 300w, https:\/\/d3l56h94xwal1f.cloudfront.net\/wp-content\/uploads\/2020\/11\/17233050\/IMG_9980-1024x584.jpg 1024w, https:\/\/d3l56h94xwal1f.cloudfront.net\/wp-content\/uploads\/2020\/11\/17233050\/IMG_9980-768x438.jpg 768w, https:\/\/d3l56h94xwal1f.cloudfront.net\/wp-content\/uploads\/2020\/11\/17233050\/IMG_9980-50x29.jpg 50w, https:\/\/d3l56h94xwal1f.cloudfront.net\/wp-content\/uploads\/2020\/11\/17233050\/IMG_9980-120x67.jpg 120w, https:\/\/d3l56h94xwal1f.cloudfront.net\/wp-content\/uploads\/2020\/11\/17233050\/IMG_9980.jpg 1361w\" sizes=\"auto, (max-width: 300px) 100vw, 300px\" \/><\/a>\n\t\t\t<\/dt><\/dl><dl class='gallery-item'>\n\t\t\t<dt class='gallery-icon landscape'>\n\t\t\t\t<a href='https:\/\/ajedreztabiyaalcoy.es\/club\/la-escuela-de-ajedrez-tabiya-alcoy-vence-en-el-22o-intercambio-cultural-de-escuelas-de-ajedrez-en-cocentaina-fira-de-tots-sants-2020\/img_9981\/'><img loading=\"lazy\" decoding=\"async\" width=\"300\" height=\"206\" src=\"https:\/\/d3l56h94xwal1f.cloudfront.net\/wp-content\/uploads\/2020\/11\/17233121\/IMG_9981-300x206.jpg\" class=\"attachment-medium size-medium\" alt=\"\" srcset=\"https:\/\/d3l56h94xwal1f.cloudfront.net\/wp-content\/uploads\/2020\/11\/17233121\/IMG_9981-300x206.jpg 300w, https:\/\/d3l56h94xwal1f.cloudfront.net\/wp-content\/uploads\/2020\/11\/17233121\/IMG_9981-1024x702.jpg 1024w, https:\/\/d3l56h94xwal1f.cloudfront.net\/wp-content\/uploads\/2020\/11\/17233121\/IMG_9981-768x527.jpg 768w, https:\/\/d3l56h94xwal1f.cloudfront.net\/wp-content\/uploads\/2020\/11\/17233121\/IMG_9981-50x34.jpg 50w, https:\/\/d3l56h94xwal1f.cloudfront.net\/wp-content\/uploads\/2020\/11\/17233121\/IMG_9981.jpg 1142w\" sizes=\"auto, (max-width: 300px) 100vw, 300px\" \/><\/a>\n\t\t\t<\/dt><\/dl><dl class='gallery-item'>\n\t\t\t<dt class='gallery-icon landscape'>\n\t\t\t\t<a href='https:\/\/ajedreztabiyaalcoy.es\/club\/la-escuela-de-ajedrez-tabiya-alcoy-vence-en-el-22o-intercambio-cultural-de-escuelas-de-ajedrez-en-cocentaina-fira-de-tots-sants-2020\/img_9986\/'><img loading=\"lazy\" decoding=\"async\" width=\"300\" height=\"206\" src=\"https:\/\/d3l56h94xwal1f.cloudfront.net\/wp-content\/uploads\/2020\/11\/17233158\/IMG_9986-300x206.jpg\" class=\"attachment-medium size-medium\" alt=\"\" srcset=\"https:\/\/d3l56h94xwal1f.cloudfront.net\/wp-content\/uploads\/2020\/11\/17233158\/IMG_9986-300x206.jpg 300w, https:\/\/d3l56h94xwal1f.cloudfront.net\/wp-content\/uploads\/2020\/11\/17233158\/IMG_9986-1024x702.jpg 1024w, https:\/\/d3l56h94xwal1f.cloudfront.net\/wp-content\/uploads\/2020\/11\/17233158\/IMG_9986-768x527.jpg 768w, https:\/\/d3l56h94xwal1f.cloudfront.net\/wp-content\/uploads\/2020\/11\/17233158\/IMG_9986-50x34.jpg 50w, https:\/\/d3l56h94xwal1f.cloudfront.net\/wp-content\/uploads\/2020\/11\/17233158\/IMG_9986.jpg 1085w\" sizes=\"auto, (max-width: 300px) 100vw, 300px\" \/><\/a>\n\t\t\t<\/dt><\/dl><br style=\"clear: both\" \/><dl class='gallery-item'>\n\t\t\t<dt class='gallery-icon landscape'>\n\t\t\t\t<a href='https:\/\/ajedreztabiyaalcoy.es\/club\/la-escuela-de-ajedrez-tabiya-alcoy-vence-en-el-22o-intercambio-cultural-de-escuelas-de-ajedrez-en-cocentaina-fira-de-tots-sants-2020\/img_9993\/'><img loading=\"lazy\" decoding=\"async\" width=\"300\" height=\"224\" src=\"https:\/\/d3l56h94xwal1f.cloudfront.net\/wp-content\/uploads\/2020\/11\/17233233\/IMG_9993-300x224.jpg\" class=\"attachment-medium size-medium\" alt=\"\" srcset=\"https:\/\/d3l56h94xwal1f.cloudfront.net\/wp-content\/uploads\/2020\/11\/17233233\/IMG_9993-300x224.jpg 300w, https:\/\/d3l56h94xwal1f.cloudfront.net\/wp-content\/uploads\/2020\/11\/17233233\/IMG_9993-1024x763.jpg 1024w, https:\/\/d3l56h94xwal1f.cloudfront.net\/wp-content\/uploads\/2020\/11\/17233233\/IMG_9993-768x572.jpg 768w, https:\/\/d3l56h94xwal1f.cloudfront.net\/wp-content\/uploads\/2020\/11\/17233233\/IMG_9993-50x37.jpg 50w, https:\/\/d3l56h94xwal1f.cloudfront.net\/wp-content\/uploads\/2020\/11\/17233233\/IMG_9993.jpg 1044w\" sizes=\"auto, (max-width: 300px) 100vw, 300px\" \/><\/a>\n\t\t\t<\/dt><\/dl><dl class='gallery-item'>\n\t\t\t<dt class='gallery-icon landscape'>\n\t\t\t\t<a href='https:\/\/ajedreztabiyaalcoy.es\/club\/la-escuela-de-ajedrez-tabiya-alcoy-vence-en-el-22o-intercambio-cultural-de-escuelas-de-ajedrez-en-cocentaina-fira-de-tots-sants-2020\/img_9996\/'><img loading=\"lazy\" decoding=\"async\" width=\"300\" height=\"198\" src=\"https:\/\/d3l56h94xwal1f.cloudfront.net\/wp-content\/uploads\/2020\/11\/17233312\/IMG_9996-300x198.jpg\" class=\"attachment-medium size-medium\" alt=\"\" srcset=\"https:\/\/d3l56h94xwal1f.cloudfront.net\/wp-content\/uploads\/2020\/11\/17233312\/IMG_9996-300x198.jpg 300w, https:\/\/d3l56h94xwal1f.cloudfront.net\/wp-content\/uploads\/2020\/11\/17233312\/IMG_9996-1024x675.jpg 1024w, https:\/\/d3l56h94xwal1f.cloudfront.net\/wp-content\/uploads\/2020\/11\/17233312\/IMG_9996-768x506.jpg 768w, https:\/\/d3l56h94xwal1f.cloudfront.net\/wp-content\/uploads\/2020\/11\/17233312\/IMG_9996-50x33.jpg 50w, https:\/\/d3l56h94xwal1f.cloudfront.net\/wp-content\/uploads\/2020\/11\/17233312\/IMG_9996.jpg 1161w\" sizes=\"auto, (max-width: 300px) 100vw, 300px\" \/><\/a>\n\t\t\t<\/dt><\/dl><dl class='gallery-item'>\n\t\t\t<dt class='gallery-icon landscape'>\n\t\t\t\t<a href='https:\/\/ajedreztabiyaalcoy.es\/club\/la-escuela-de-ajedrez-tabiya-alcoy-vence-en-el-22o-intercambio-cultural-de-escuelas-de-ajedrez-en-cocentaina-fira-de-tots-sants-2020\/img_9998\/'><img loading=\"lazy\" decoding=\"async\" width=\"300\" height=\"189\" src=\"https:\/\/d3l56h94xwal1f.cloudfront.net\/wp-content\/uploads\/2020\/11\/17233346\/IMG_9998-300x189.jpg\" class=\"attachment-medium size-medium\" alt=\"\" srcset=\"https:\/\/d3l56h94xwal1f.cloudfront.net\/wp-content\/uploads\/2020\/11\/17233346\/IMG_9998-300x189.jpg 300w, https:\/\/d3l56h94xwal1f.cloudfront.net\/wp-content\/uploads\/2020\/11\/17233346\/IMG_9998-1024x645.jpg 1024w, https:\/\/d3l56h94xwal1f.cloudfront.net\/wp-content\/uploads\/2020\/11\/17233346\/IMG_9998-768x484.jpg 768w, https:\/\/d3l56h94xwal1f.cloudfront.net\/wp-content\/uploads\/2020\/11\/17233346\/IMG_9998-50x31.jpg 50w, https:\/\/d3l56h94xwal1f.cloudfront.net\/wp-content\/uploads\/2020\/11\/17233346\/IMG_9998.jpg 1205w\" sizes=\"auto, (max-width: 300px) 100vw, 300px\" \/><\/a>\n\t\t\t<\/dt><\/dl><br style=\"clear: both\" \/><dl class='gallery-item'>\n\t\t\t<dt class='gallery-icon landscape'>\n\t\t\t\t<a href='https:\/\/ajedreztabiyaalcoy.es\/club\/la-escuela-de-ajedrez-tabiya-alcoy-vence-en-el-22o-intercambio-cultural-de-escuelas-de-ajedrez-en-cocentaina-fira-de-tots-sants-2020\/img_0001\/'><img loading=\"lazy\" decoding=\"async\" width=\"300\" height=\"200\" src=\"https:\/\/d3l56h94xwal1f.cloudfront.net\/wp-content\/uploads\/2020\/11\/17232100\/IMG_0001-300x200.jpg\" class=\"attachment-medium size-medium\" alt=\"\" srcset=\"https:\/\/d3l56h94xwal1f.cloudfront.net\/wp-content\/uploads\/2020\/11\/17232100\/IMG_0001-300x200.jpg 300w, https:\/\/d3l56h94xwal1f.cloudfront.net\/wp-content\/uploads\/2020\/11\/17232100\/IMG_0001-1024x683.jpg 1024w, https:\/\/d3l56h94xwal1f.cloudfront.net\/wp-content\/uploads\/2020\/11\/17232100\/IMG_0001-768x512.jpg 768w, https:\/\/d3l56h94xwal1f.cloudfront.net\/wp-content\/uploads\/2020\/11\/17232100\/IMG_0001-50x33.jpg 50w, https:\/\/d3l56h94xwal1f.cloudfront.net\/wp-content\/uploads\/2020\/11\/17232100\/IMG_0001.jpg 1166w\" sizes=\"auto, (max-width: 300px) 100vw, 300px\" \/><\/a>\n\t\t\t<\/dt><\/dl><dl class='gallery-item'>\n\t\t\t<dt class='gallery-icon landscape'>\n\t\t\t\t<a href='https:\/\/ajedreztabiyaalcoy.es\/club\/la-escuela-de-ajedrez-tabiya-alcoy-vence-en-el-22o-intercambio-cultural-de-escuelas-de-ajedrez-en-cocentaina-fira-de-tots-sants-2020\/img_0003\/'><img loading=\"lazy\" decoding=\"async\" width=\"300\" height=\"200\" src=\"https:\/\/d3l56h94xwal1f.cloudfront.net\/wp-content\/uploads\/2020\/11\/17232207\/IMG_0003-300x200.jpg\" class=\"attachment-medium size-medium\" alt=\"\" srcset=\"https:\/\/d3l56h94xwal1f.cloudfront.net\/wp-content\/uploads\/2020\/11\/17232207\/IMG_0003-300x200.jpg 300w, https:\/\/d3l56h94xwal1f.cloudfront.net\/wp-content\/uploads\/2020\/11\/17232207\/IMG_0003-1024x683.jpg 1024w, https:\/\/d3l56h94xwal1f.cloudfront.net\/wp-content\/uploads\/2020\/11\/17232207\/IMG_0003-768x512.jpg 768w, https:\/\/d3l56h94xwal1f.cloudfront.net\/wp-content\/uploads\/2020\/11\/17232207\/IMG_0003-50x33.jpg 50w, https:\/\/d3l56h94xwal1f.cloudfront.net\/wp-content\/uploads\/2020\/11\/17232207\/IMG_0003.jpg 1166w\" sizes=\"auto, (max-width: 300px) 100vw, 300px\" \/><\/a>\n\t\t\t<\/dt><\/dl><dl class='gallery-item'>\n\t\t\t<dt class='gallery-icon landscape'>\n\t\t\t\t<a href='https:\/\/ajedreztabiyaalcoy.es\/club\/la-escuela-de-ajedrez-tabiya-alcoy-vence-en-el-22o-intercambio-cultural-de-escuelas-de-ajedrez-en-cocentaina-fira-de-tots-sants-2020\/img_0005\/'><img loading=\"lazy\" decoding=\"async\" width=\"300\" height=\"200\" src=\"https:\/\/d3l56h94xwal1f.cloudfront.net\/wp-content\/uploads\/2020\/11\/17232238\/IMG_0005-300x200.jpg\" class=\"attachment-medium size-medium\" alt=\"\" srcset=\"https:\/\/d3l56h94xwal1f.cloudfront.net\/wp-content\/uploads\/2020\/11\/17232238\/IMG_0005-300x200.jpg 300w, https:\/\/d3l56h94xwal1f.cloudfront.net\/wp-content\/uploads\/2020\/11\/17232238\/IMG_0005-1024x683.jpg 1024w, https:\/\/d3l56h94xwal1f.cloudfront.net\/wp-content\/uploads\/2020\/11\/17232238\/IMG_0005-768x512.jpg 768w, https:\/\/d3l56h94xwal1f.cloudfront.net\/wp-content\/uploads\/2020\/11\/17232238\/IMG_0005-50x33.jpg 50w, https:\/\/d3l56h94xwal1f.cloudfront.net\/wp-content\/uploads\/2020\/11\/17232238\/IMG_0005.jpg 1166w\" sizes=\"auto, (max-width: 300px) 100vw, 300px\" \/><\/a>\n\t\t\t<\/dt><\/dl><br style=\"clear: both\" \/>\n\t\t<\/div>\n\n<p style=\"text-align: justify;\">LOS RESULTADOS FINALES<\/p>\n<p style=\"text-align: justify;\">Qued\u00f3 <span style=\"color: #ff0000;\"><strong>Campe\u00f3n<\/strong><\/span> la <strong>Escuela de Ajedrez Tabiya Alcoy<\/strong> con 9\u20195 puntos cuyos componentes fueron <span style=\"color: #800080;\"><strong>\u00cd\u00f1igo Donoso<\/strong><\/span> y <strong><span style=\"color: #800080;\">\u00c1lvaro Agull\u00f3<\/span><\/strong>. Ganaron en todos los encuentros, cediendo s\u00f3lo unas tablas. Su 1er. tablero venci\u00f3 en todas sus partidas, y su 2\u00ba tablero s\u00f3lo cedi\u00f3 las tablas mencionadas.<\/p>\n<div id=\"attachment_3907\" style=\"width: 810px\" class=\"wp-caption aligncenter\"><a href=\"https:\/\/d3l56h94xwal1f.cloudfront.net\/wp-content\/uploads\/2020\/11\/17233606\/1%C2%BA-Escuela-Tabiya-Alcoy.jpg\" target=\"_blank\" rel=\"noopener noreferrer\"><img loading=\"lazy\" decoding=\"async\" aria-describedby=\"caption-attachment-3907\" class=\"wp-image-3907\" src=\"https:\/\/d3l56h94xwal1f.cloudfront.net\/wp-content\/uploads\/2020\/11\/17233606\/1%C2%BA-Escuela-Tabiya-Alcoy.jpg\" alt=\"\" width=\"800\" height=\"755\" srcset=\"https:\/\/d3l56h94xwal1f.cloudfront.net\/wp-content\/uploads\/2020\/11\/17233606\/1%C2%BA-Escuela-Tabiya-Alcoy.jpg 961w, https:\/\/d3l56h94xwal1f.cloudfront.net\/wp-content\/uploads\/2020\/11\/17233606\/1%C2%BA-Escuela-Tabiya-Alcoy-300x283.jpg 300w, https:\/\/d3l56h94xwal1f.cloudfront.net\/wp-content\/uploads\/2020\/11\/17233606\/1%C2%BA-Escuela-Tabiya-Alcoy-768x725.jpg 768w, https:\/\/d3l56h94xwal1f.cloudfront.net\/wp-content\/uploads\/2020\/11\/17233606\/1%C2%BA-Escuela-Tabiya-Alcoy-50x47.jpg 50w\" sizes=\"auto, (max-width: 800px) 100vw, 800px\" \/><\/a><p id=\"caption-attachment-3907\" class=\"wp-caption-text\">1\u00ba &#8211; Escuela de Ajedrez Tabiya Alcoy. \u00cd\u00f1igo Donoso (dcha) y \u00c1lvaro Agull\u00f3 (izq).<\/p><\/div>\n<p style=\"text-align: justify;\"><span style=\"color: #ff0000;\"><strong>Subcampe\u00f3n<\/strong><\/span> con 6 puntos qued\u00f3 el <strong>Colegio Salesiano San Vicente Ferrer de Alcoy y el Colegio Salesianos Juan XXIII de Alcoy<\/strong> cuyos componentes fueron <span style=\"color: #800080;\"><strong>H\u00e9ctor Haro<\/strong><\/span> y <strong><span style=\"color: #800080;\">Miguel Hern\u00e1ndez<\/span><\/strong>. S\u00f3lo perdieron frente al equipo Campe\u00f3n, empataron uno, y ganaron 3.<\/p>\n<div id=\"attachment_3908\" style=\"width: 810px\" class=\"wp-caption aligncenter\"><a href=\"https:\/\/d3l56h94xwal1f.cloudfront.net\/wp-content\/uploads\/2020\/11\/17233806\/2%C2%BA-C.-Salesiano-S.-Vte.-Ferrer-y-C.-Salesianos-Juan-XXIII.jpg\" target=\"_blank\" rel=\"noopener noreferrer\"><img loading=\"lazy\" decoding=\"async\" aria-describedby=\"caption-attachment-3908\" class=\"wp-image-3908\" src=\"https:\/\/d3l56h94xwal1f.cloudfront.net\/wp-content\/uploads\/2020\/11\/17233806\/2%C2%BA-C.-Salesiano-S.-Vte.-Ferrer-y-C.-Salesianos-Juan-XXIII.jpg\" alt=\"\" width=\"800\" height=\"690\" srcset=\"https:\/\/d3l56h94xwal1f.cloudfront.net\/wp-content\/uploads\/2020\/11\/17233806\/2%C2%BA-C.-Salesiano-S.-Vte.-Ferrer-y-C.-Salesianos-Juan-XXIII.jpg 1052w, https:\/\/d3l56h94xwal1f.cloudfront.net\/wp-content\/uploads\/2020\/11\/17233806\/2%C2%BA-C.-Salesiano-S.-Vte.-Ferrer-y-C.-Salesianos-Juan-XXIII-300x259.jpg 300w, https:\/\/d3l56h94xwal1f.cloudfront.net\/wp-content\/uploads\/2020\/11\/17233806\/2%C2%BA-C.-Salesiano-S.-Vte.-Ferrer-y-C.-Salesianos-Juan-XXIII-1024x883.jpg 1024w, https:\/\/d3l56h94xwal1f.cloudfront.net\/wp-content\/uploads\/2020\/11\/17233806\/2%C2%BA-C.-Salesiano-S.-Vte.-Ferrer-y-C.-Salesianos-Juan-XXIII-768x662.jpg 768w, https:\/\/d3l56h94xwal1f.cloudfront.net\/wp-content\/uploads\/2020\/11\/17233806\/2%C2%BA-C.-Salesiano-S.-Vte.-Ferrer-y-C.-Salesianos-Juan-XXIII-50x43.jpg 50w\" sizes=\"auto, (max-width: 800px) 100vw, 800px\" \/><\/a><p id=\"caption-attachment-3908\" class=\"wp-caption-text\">2\u00ba &#8211; Colegio Salesiano San Vicente Ferrer y Colegio Salesianos Juan XXIII de Alcoy. H\u00e9ctor Haro (izq) y Miguel Hern\u00e1ndez (dcha).<\/p><\/div>\n<p style=\"text-align: justify;\"><span style=\"color: #ff0000;\"><strong>3er. Clasificado<\/strong><\/span> fue el <strong>Colegio La Salle de Alcoy<\/strong> con 5 puntos, y sus componentes fueron <span style=\"color: #800080;\"><strong>\u00c1lvaro N\u00e1cher<\/strong><\/span> y <span style=\"color: #800080;\"><strong>Rom\u00e1n Moratal<\/strong><\/span>. Ganaron un encuentro, empataron dos, y perdieron dos.<\/p>\n<div id=\"attachment_3909\" style=\"width: 810px\" class=\"wp-caption aligncenter\"><a href=\"https:\/\/d3l56h94xwal1f.cloudfront.net\/wp-content\/uploads\/2020\/11\/17234103\/3%C2%BA-Colegio-La-Salle.jpg\" target=\"_blank\" rel=\"noopener noreferrer\"><img loading=\"lazy\" decoding=\"async\" aria-describedby=\"caption-attachment-3909\" class=\"wp-image-3909\" src=\"https:\/\/d3l56h94xwal1f.cloudfront.net\/wp-content\/uploads\/2020\/11\/17234103\/3%C2%BA-Colegio-La-Salle.jpg\" alt=\"\" width=\"800\" height=\"638\" srcset=\"https:\/\/d3l56h94xwal1f.cloudfront.net\/wp-content\/uploads\/2020\/11\/17234103\/3%C2%BA-Colegio-La-Salle.jpg 1137w, https:\/\/d3l56h94xwal1f.cloudfront.net\/wp-content\/uploads\/2020\/11\/17234103\/3%C2%BA-Colegio-La-Salle-300x239.jpg 300w, https:\/\/d3l56h94xwal1f.cloudfront.net\/wp-content\/uploads\/2020\/11\/17234103\/3%C2%BA-Colegio-La-Salle-1024x817.jpg 1024w, https:\/\/d3l56h94xwal1f.cloudfront.net\/wp-content\/uploads\/2020\/11\/17234103\/3%C2%BA-Colegio-La-Salle-768x613.jpg 768w, https:\/\/d3l56h94xwal1f.cloudfront.net\/wp-content\/uploads\/2020\/11\/17234103\/3%C2%BA-Colegio-La-Salle-50x40.jpg 50w\" sizes=\"auto, (max-width: 800px) 100vw, 800px\" \/><\/a><p id=\"caption-attachment-3909\" class=\"wp-caption-text\">3\u00ba &#8211; Colegio La Salle de Alcoy. \u00c1lvaro N\u00e1cher (izq) y Rom\u00e1n Moratal (dcha).<\/p><\/div>\n<p style=\"text-align: justify;\"><span style=\"color: #ff0000;\"><strong>4\u00ba Clasificado<\/strong><\/span> qued\u00f3 el <strong>Col\u00b7legi P\u00fablic Real Blanc i el Col\u00b7legi P\u00fablic San Juan Bosco de Cocentaina<\/strong> con 4\u20195 puntos. Ellos son <span style=\"color: #800080;\"><strong>Iv\u00e1n Alonso<\/strong><\/span> y <span style=\"color: #800080;\"><strong>Mireia Flors<\/strong><\/span>. Ganaron dos encuentros, empataron otro, y perdieron dos.<\/p>\n<div id=\"attachment_3910\" style=\"width: 810px\" class=\"wp-caption aligncenter\"><a href=\"https:\/\/d3l56h94xwal1f.cloudfront.net\/wp-content\/uploads\/2020\/11\/17234403\/4%C2%BA-C.P.-San-Juan-Bosco-y-C.P.-Real-Blanc.jpg\" target=\"_blank\" rel=\"noopener noreferrer\"><img loading=\"lazy\" decoding=\"async\" aria-describedby=\"caption-attachment-3910\" class=\"wp-image-3910\" src=\"https:\/\/d3l56h94xwal1f.cloudfront.net\/wp-content\/uploads\/2020\/11\/17234403\/4%C2%BA-C.P.-San-Juan-Bosco-y-C.P.-Real-Blanc.jpg\" alt=\"\" width=\"800\" height=\"722\" srcset=\"https:\/\/d3l56h94xwal1f.cloudfront.net\/wp-content\/uploads\/2020\/11\/17234403\/4%C2%BA-C.P.-San-Juan-Bosco-y-C.P.-Real-Blanc.jpg 1005w, https:\/\/d3l56h94xwal1f.cloudfront.net\/wp-content\/uploads\/2020\/11\/17234403\/4%C2%BA-C.P.-San-Juan-Bosco-y-C.P.-Real-Blanc-300x271.jpg 300w, https:\/\/d3l56h94xwal1f.cloudfront.net\/wp-content\/uploads\/2020\/11\/17234403\/4%C2%BA-C.P.-San-Juan-Bosco-y-C.P.-Real-Blanc-768x693.jpg 768w, https:\/\/d3l56h94xwal1f.cloudfront.net\/wp-content\/uploads\/2020\/11\/17234403\/4%C2%BA-C.P.-San-Juan-Bosco-y-C.P.-Real-Blanc-50x45.jpg 50w\" sizes=\"auto, (max-width: 800px) 100vw, 800px\" \/><\/a><p id=\"caption-attachment-3910\" class=\"wp-caption-text\">4\u00ba &#8211; Col\u00b7legi P\u00fablic San Juan Bosco i Col\u00b7legi P\u00fablic Real Blanc de Cocentaina. Iv\u00e1n Alonso (dcha) y Mireia Flors (izq).<\/p><\/div>\n<p style=\"text-align: justify;\"><span style=\"color: #ff0000;\"><strong>5\u00b0 Clasificado<\/strong><\/span> con 3 puntos fue el <strong>Col\u00b7legi P\u00fablic Miguel Hern\u00e1ndez d\u2019Alcoi<\/strong>, y sus componentes fueron <span style=\"color: #800080;\"><strong>Pau Sanchis<\/strong><\/span> y <span style=\"color: #800080;\"><strong>Alex Mag\u00e1n<\/strong><\/span>. Empataron tres encuentros y perdieron dos.<\/p>\n<div id=\"attachment_3911\" style=\"width: 810px\" class=\"wp-caption aligncenter\"><a href=\"https:\/\/d3l56h94xwal1f.cloudfront.net\/wp-content\/uploads\/2020\/11\/17234705\/5%C2%BA-Col%C2%B7legi-P%C3%BAblic-Miguel-Hern%C3%A1ndez.jpg\" target=\"_blank\" rel=\"noopener noreferrer\"><img loading=\"lazy\" decoding=\"async\" aria-describedby=\"caption-attachment-3911\" class=\"wp-image-3911\" src=\"https:\/\/d3l56h94xwal1f.cloudfront.net\/wp-content\/uploads\/2020\/11\/17234705\/5%C2%BA-Col%C2%B7legi-P%C3%BAblic-Miguel-Hern%C3%A1ndez.jpg\" alt=\"\" width=\"800\" height=\"695\" srcset=\"https:\/\/d3l56h94xwal1f.cloudfront.net\/wp-content\/uploads\/2020\/11\/17234705\/5%C2%BA-Col%C2%B7legi-P%C3%BAblic-Miguel-Hern%C3%A1ndez.jpg 1024w, https:\/\/d3l56h94xwal1f.cloudfront.net\/wp-content\/uploads\/2020\/11\/17234705\/5%C2%BA-Col%C2%B7legi-P%C3%BAblic-Miguel-Hern%C3%A1ndez-300x260.jpg 300w, https:\/\/d3l56h94xwal1f.cloudfront.net\/wp-content\/uploads\/2020\/11\/17234705\/5%C2%BA-Col%C2%B7legi-P%C3%BAblic-Miguel-Hern%C3%A1ndez-768x667.jpg 768w, https:\/\/d3l56h94xwal1f.cloudfront.net\/wp-content\/uploads\/2020\/11\/17234705\/5%C2%BA-Col%C2%B7legi-P%C3%BAblic-Miguel-Hern%C3%A1ndez-50x43.jpg 50w\" sizes=\"auto, (max-width: 800px) 100vw, 800px\" \/><\/a><p id=\"caption-attachment-3911\" class=\"wp-caption-text\">5\u00ba &#8211; Col\u00b7legi P\u00fablic Miguel Hern\u00e1ndez d&#8217;Alcoi. Pau Sanchis (dcha) y Alex Mag\u00e1n (izq).<\/p><\/div>\n<p style=\"text-align: justify;\"><span style=\"color: #ff0000;\"><strong>6\u00b0 Clasificado<\/strong><\/span> con 2 puntos qued\u00f3 la <strong>Escola d\u2019Escacs Cocentaina<\/strong>, y sus componentes fueron <span style=\"color: #800080;\"><strong>David L\u00f3pez<\/strong><\/span> y <span style=\"color: #800080;\"><strong>Nicol\u00e1s Gimeno<\/strong><\/span>. Empataron un encuentro y perdieron cuatro.<\/p>\n<div id=\"attachment_3912\" style=\"width: 810px\" class=\"wp-caption aligncenter\"><a href=\"https:\/\/d3l56h94xwal1f.cloudfront.net\/wp-content\/uploads\/2020\/11\/17234920\/6%C2%BA-Escola-dEscacs-Cocentaina.jpg\" target=\"_blank\" rel=\"noopener noreferrer\"><img loading=\"lazy\" decoding=\"async\" aria-describedby=\"caption-attachment-3912\" class=\"wp-image-3912\" src=\"https:\/\/d3l56h94xwal1f.cloudfront.net\/wp-content\/uploads\/2020\/11\/17234920\/6%C2%BA-Escola-dEscacs-Cocentaina.jpg\" alt=\"\" width=\"800\" height=\"663\" srcset=\"https:\/\/d3l56h94xwal1f.cloudfront.net\/wp-content\/uploads\/2020\/11\/17234920\/6%C2%BA-Escola-dEscacs-Cocentaina.jpg 1077w, https:\/\/d3l56h94xwal1f.cloudfront.net\/wp-content\/uploads\/2020\/11\/17234920\/6%C2%BA-Escola-dEscacs-Cocentaina-300x249.jpg 300w, https:\/\/d3l56h94xwal1f.cloudfront.net\/wp-content\/uploads\/2020\/11\/17234920\/6%C2%BA-Escola-dEscacs-Cocentaina-1024x849.jpg 1024w, https:\/\/d3l56h94xwal1f.cloudfront.net\/wp-content\/uploads\/2020\/11\/17234920\/6%C2%BA-Escola-dEscacs-Cocentaina-768x637.jpg 768w, https:\/\/d3l56h94xwal1f.cloudfront.net\/wp-content\/uploads\/2020\/11\/17234920\/6%C2%BA-Escola-dEscacs-Cocentaina-50x41.jpg 50w\" sizes=\"auto, (max-width: 800px) 100vw, 800px\" \/><\/a><p id=\"caption-attachment-3912\" class=\"wp-caption-text\">6\u00ba &#8211; Escola d&#8217;Escacs Cocentaina. David L\u00f3pez (dcha) y Nicol\u00e1s Gimeno (izq).<\/p><\/div>\n<p><img decoding=\"async\" class=\"aligncenter\" src=\"https:\/\/ajedreztabiyaalcoy.es\/club\/wp-content\/uploads\/2016\/04\/barra065.gif\" alt=\"barra065\" \/><\/p>\n<h3 style=\"text-align: justify;\"><span style=\"color: #008080;\"><strong>Toda la informaci\u00f3n del evento en internet actualizada, con datos de los equipos y jugadores, y sus resultados.<\/strong><\/span><\/h3>\n<p><span style=\"color: #ff0000;\"><strong><span style=\"font-size: 14pt;\"><a style=\"color: #ff0000;\" href=\"https:\/\/chess-results.com\/tnr538811.aspx?lan=2\" target=\"_blank\" rel=\"noopener noreferrer\">https:\/\/chess-results.com\/tnr538811.aspx?lan=2<\/a><\/span><\/strong><\/span><\/p>\n<p><div id=\"attachment_3875\" style=\"width: 810px\" class=\"wp-caption aligncenter\"><a href=\"https:\/\/d3l56h94xwal1f.cloudfront.net\/wp-content\/uploads\/2020\/10\/25020928\/Listado-de-Equipos-.jpg\" target=\"_blank\" rel=\"noopener noreferrer\"><img loading=\"lazy\" decoding=\"async\" aria-describedby=\"caption-attachment-3875\" class=\"wp-image-3875\" src=\"https:\/\/d3l56h94xwal1f.cloudfront.net\/wp-content\/uploads\/2020\/10\/25020928\/Listado-de-Equipos-.jpg\" alt=\"\" width=\"800\" height=\"618\" srcset=\"https:\/\/d3l56h94xwal1f.cloudfront.net\/wp-content\/uploads\/2020\/10\/25020928\/Listado-de-Equipos-.jpg 1581w, https:\/\/d3l56h94xwal1f.cloudfront.net\/wp-content\/uploads\/2020\/10\/25020928\/Listado-de-Equipos--300x232.jpg 300w, https:\/\/d3l56h94xwal1f.cloudfront.net\/wp-content\/uploads\/2020\/10\/25020928\/Listado-de-Equipos--1024x791.jpg 1024w, https:\/\/d3l56h94xwal1f.cloudfront.net\/wp-content\/uploads\/2020\/10\/25020928\/Listado-de-Equipos--768x594.jpg 768w, https:\/\/d3l56h94xwal1f.cloudfront.net\/wp-content\/uploads\/2020\/10\/25020928\/Listado-de-Equipos--1536x1187.jpg 1536w, https:\/\/d3l56h94xwal1f.cloudfront.net\/wp-content\/uploads\/2020\/10\/25020928\/Listado-de-Equipos--50x39.jpg 50w\" sizes=\"auto, (max-width: 800px) 100vw, 800px\" \/><\/a><p id=\"caption-attachment-3875\" class=\"wp-caption-text\">Listado de Equipos<\/p><\/div> <div id=\"attachment_3876\" style=\"width: 810px\" class=\"wp-caption aligncenter\"><a href=\"https:\/\/d3l56h94xwal1f.cloudfront.net\/wp-content\/uploads\/2020\/10\/25021054\/Composici%C3%B3n-de-los-Equipos-.jpg\" target=\"_blank\" rel=\"noopener noreferrer\"><img loading=\"lazy\" decoding=\"async\" aria-describedby=\"caption-attachment-3876\" class=\"wp-image-3876\" src=\"https:\/\/d3l56h94xwal1f.cloudfront.net\/wp-content\/uploads\/2020\/10\/25021054\/Composici%C3%B3n-de-los-Equipos-.jpg\" alt=\"\" width=\"800\" height=\"1122\" srcset=\"https:\/\/d3l56h94xwal1f.cloudfront.net\/wp-content\/uploads\/2020\/10\/25021054\/Composici%C3%B3n-de-los-Equipos-.jpg 1575w, https:\/\/d3l56h94xwal1f.cloudfront.net\/wp-content\/uploads\/2020\/10\/25021054\/Composici%C3%B3n-de-los-Equipos--214x300.jpg 214w, https:\/\/d3l56h94xwal1f.cloudfront.net\/wp-content\/uploads\/2020\/10\/25021054\/Composici%C3%B3n-de-los-Equipos--730x1024.jpg 730w, https:\/\/d3l56h94xwal1f.cloudfront.net\/wp-content\/uploads\/2020\/10\/25021054\/Composici%C3%B3n-de-los-Equipos--768x1077.jpg 768w, https:\/\/d3l56h94xwal1f.cloudfront.net\/wp-content\/uploads\/2020\/10\/25021054\/Composici%C3%B3n-de-los-Equipos--1096x1536.jpg 1096w, https:\/\/d3l56h94xwal1f.cloudfront.net\/wp-content\/uploads\/2020\/10\/25021054\/Composici%C3%B3n-de-los-Equipos--1461x2048.jpg 1461w, https:\/\/d3l56h94xwal1f.cloudfront.net\/wp-content\/uploads\/2020\/10\/25021054\/Composici%C3%B3n-de-los-Equipos--36x50.jpg 36w\" sizes=\"auto, (max-width: 800px) 100vw, 800px\" \/><\/a><p id=\"caption-attachment-3876\" class=\"wp-caption-text\">Composici\u00f3n de los Equipos<\/p><\/div> <div id=\"attachment_3884\" style=\"width: 810px\" class=\"wp-caption aligncenter\"><a href=\"https:\/\/d3l56h94xwal1f.cloudfront.net\/wp-content\/uploads\/2020\/11\/17230941\/Emparejamientos-de-los-Equipos.jpg\" target=\"_blank\" rel=\"noopener noreferrer\"><img loading=\"lazy\" decoding=\"async\" aria-describedby=\"caption-attachment-3884\" class=\"wp-image-3884\" src=\"https:\/\/d3l56h94xwal1f.cloudfront.net\/wp-content\/uploads\/2020\/11\/17230941\/Emparejamientos-de-los-Equipos.jpg\" alt=\"\" width=\"800\" height=\"1066\" srcset=\"https:\/\/d3l56h94xwal1f.cloudfront.net\/wp-content\/uploads\/2020\/11\/17230941\/Emparejamientos-de-los-Equipos.jpg 1241w, https:\/\/d3l56h94xwal1f.cloudfront.net\/wp-content\/uploads\/2020\/11\/17230941\/Emparejamientos-de-los-Equipos-225x300.jpg 225w, https:\/\/d3l56h94xwal1f.cloudfront.net\/wp-content\/uploads\/2020\/11\/17230941\/Emparejamientos-de-los-Equipos-768x1024.jpg 768w, https:\/\/d3l56h94xwal1f.cloudfront.net\/wp-content\/uploads\/2020\/11\/17230941\/Emparejamientos-de-los-Equipos-1152x1536.jpg 1152w, https:\/\/d3l56h94xwal1f.cloudfront.net\/wp-content\/uploads\/2020\/11\/17230941\/Emparejamientos-de-los-Equipos-38x50.jpg 38w\" sizes=\"auto, (max-width: 800px) 100vw, 800px\" \/><\/a><p id=\"caption-attachment-3884\" class=\"wp-caption-text\">Resultados de los Emparejamientos de los Equipos<\/p><\/div> <div id=\"attachment_3885\" style=\"width: 810px\" class=\"wp-caption aligncenter\"><a href=\"https:\/\/d3l56h94xwal1f.cloudfront.net\/wp-content\/uploads\/2020\/11\/17231140\/Emparejamientos-por-mesas-de-todas-las-Rondas-1.jpg\" target=\"_blank\" rel=\"noopener noreferrer\"><img loading=\"lazy\" decoding=\"async\" aria-describedby=\"caption-attachment-3885\" class=\"wp-image-3885\" src=\"https:\/\/d3l56h94xwal1f.cloudfront.net\/wp-content\/uploads\/2020\/11\/17231140\/Emparejamientos-por-mesas-de-todas-las-Rondas-1.jpg\" alt=\"\" width=\"800\" height=\"1069\" srcset=\"https:\/\/d3l56h94xwal1f.cloudfront.net\/wp-content\/uploads\/2020\/11\/17231140\/Emparejamientos-por-mesas-de-todas-las-Rondas-1.jpg 1654w, https:\/\/d3l56h94xwal1f.cloudfront.net\/wp-content\/uploads\/2020\/11\/17231140\/Emparejamientos-por-mesas-de-todas-las-Rondas-1-225x300.jpg 225w, https:\/\/d3l56h94xwal1f.cloudfront.net\/wp-content\/uploads\/2020\/11\/17231140\/Emparejamientos-por-mesas-de-todas-las-Rondas-1-766x1024.jpg 766w, https:\/\/d3l56h94xwal1f.cloudfront.net\/wp-content\/uploads\/2020\/11\/17231140\/Emparejamientos-por-mesas-de-todas-las-Rondas-1-768x1026.jpg 768w, https:\/\/d3l56h94xwal1f.cloudfront.net\/wp-content\/uploads\/2020\/11\/17231140\/Emparejamientos-por-mesas-de-todas-las-Rondas-1-1150x1536.jpg 1150w, https:\/\/d3l56h94xwal1f.cloudfront.net\/wp-content\/uploads\/2020\/11\/17231140\/Emparejamientos-por-mesas-de-todas-las-Rondas-1-1533x2048.jpg 1533w, https:\/\/d3l56h94xwal1f.cloudfront.net\/wp-content\/uploads\/2020\/11\/17231140\/Emparejamientos-por-mesas-de-todas-las-Rondas-1-37x50.jpg 37w\" sizes=\"auto, (max-width: 800px) 100vw, 800px\" \/><\/a><p id=\"caption-attachment-3885\" class=\"wp-caption-text\">Emparejamientos por mesas de todas las Rondas &#8211; p\u00e1gina 1<\/p><\/div> <div id=\"attachment_3886\" style=\"width: 810px\" class=\"wp-caption aligncenter\"><a href=\"https:\/\/d3l56h94xwal1f.cloudfront.net\/wp-content\/uploads\/2020\/11\/17231247\/Emparejamientos-por-mesas-de-todas-las-Rondas-2.jpg\" target=\"_blank\" rel=\"noopener noreferrer\"><img loading=\"lazy\" decoding=\"async\" aria-describedby=\"caption-attachment-3886\" class=\"wp-image-3886\" src=\"https:\/\/d3l56h94xwal1f.cloudfront.net\/wp-content\/uploads\/2020\/11\/17231247\/Emparejamientos-por-mesas-de-todas-las-Rondas-2.jpg\" alt=\"\" width=\"800\" height=\"841\" srcset=\"https:\/\/d3l56h94xwal1f.cloudfront.net\/wp-content\/uploads\/2020\/11\/17231247\/Emparejamientos-por-mesas-de-todas-las-Rondas-2.jpg 1654w, https:\/\/d3l56h94xwal1f.cloudfront.net\/wp-content\/uploads\/2020\/11\/17231247\/Emparejamientos-por-mesas-de-todas-las-Rondas-2-285x300.jpg 285w, https:\/\/d3l56h94xwal1f.cloudfront.net\/wp-content\/uploads\/2020\/11\/17231247\/Emparejamientos-por-mesas-de-todas-las-Rondas-2-974x1024.jpg 974w, https:\/\/d3l56h94xwal1f.cloudfront.net\/wp-content\/uploads\/2020\/11\/17231247\/Emparejamientos-por-mesas-de-todas-las-Rondas-2-768x807.jpg 768w, https:\/\/d3l56h94xwal1f.cloudfront.net\/wp-content\/uploads\/2020\/11\/17231247\/Emparejamientos-por-mesas-de-todas-las-Rondas-2-1461x1536.jpg 1461w, https:\/\/d3l56h94xwal1f.cloudfront.net\/wp-content\/uploads\/2020\/11\/17231247\/Emparejamientos-por-mesas-de-todas-las-Rondas-2-48x50.jpg 48w\" sizes=\"auto, (max-width: 800px) 100vw, 800px\" \/><\/a><p id=\"caption-attachment-3886\" class=\"wp-caption-text\">Emparejamientos por mesas de todas las Rondas &#8211; p\u00e1gina 2<\/p><\/div> <div id=\"attachment_3887\" style=\"width: 810px\" class=\"wp-caption aligncenter\"><a href=\"https:\/\/d3l56h94xwal1f.cloudfront.net\/wp-content\/uploads\/2020\/11\/17231423\/Emparejamientos-por-mesas-de-todas-las-Rondas-3.jpg\" target=\"_blank\" rel=\"noopener noreferrer\"><img loading=\"lazy\" decoding=\"async\" aria-describedby=\"caption-attachment-3887\" class=\"wp-image-3887\" src=\"https:\/\/d3l56h94xwal1f.cloudfront.net\/wp-content\/uploads\/2020\/11\/17231423\/Emparejamientos-por-mesas-de-todas-las-Rondas-3.jpg\" alt=\"\" width=\"800\" height=\"499\" srcset=\"https:\/\/d3l56h94xwal1f.cloudfront.net\/wp-content\/uploads\/2020\/11\/17231423\/Emparejamientos-por-mesas-de-todas-las-Rondas-3.jpg 1654w, https:\/\/d3l56h94xwal1f.cloudfront.net\/wp-content\/uploads\/2020\/11\/17231423\/Emparejamientos-por-mesas-de-todas-las-Rondas-3-300x187.jpg 300w, https:\/\/d3l56h94xwal1f.cloudfront.net\/wp-content\/uploads\/2020\/11\/17231423\/Emparejamientos-por-mesas-de-todas-las-Rondas-3-1024x638.jpg 1024w, https:\/\/d3l56h94xwal1f.cloudfront.net\/wp-content\/uploads\/2020\/11\/17231423\/Emparejamientos-por-mesas-de-todas-las-Rondas-3-768x479.jpg 768w, https:\/\/d3l56h94xwal1f.cloudfront.net\/wp-content\/uploads\/2020\/11\/17231423\/Emparejamientos-por-mesas-de-todas-las-Rondas-3-1536x957.jpg 1536w, https:\/\/d3l56h94xwal1f.cloudfront.net\/wp-content\/uploads\/2020\/11\/17231423\/Emparejamientos-por-mesas-de-todas-las-Rondas-3-50x31.jpg 50w\" sizes=\"auto, (max-width: 800px) 100vw, 800px\" \/><\/a><p id=\"caption-attachment-3887\" class=\"wp-caption-text\">Emparejamientos por mesas de todas las Rondas &#8211; p\u00e1gina 3<\/p><\/div> <div id=\"attachment_3888\" style=\"width: 810px\" class=\"wp-caption aligncenter\"><a href=\"https:\/\/d3l56h94xwal1f.cloudfront.net\/wp-content\/uploads\/2020\/11\/17231531\/Clasificaci%C3%B3n-Final.jpg\" target=\"_blank\" rel=\"noopener noreferrer\"><img loading=\"lazy\" decoding=\"async\" aria-describedby=\"caption-attachment-3888\" class=\"wp-image-3888\" src=\"https:\/\/d3l56h94xwal1f.cloudfront.net\/wp-content\/uploads\/2020\/11\/17231531\/Clasificaci%C3%B3n-Final.jpg\" alt=\"\" width=\"800\" height=\"554\" srcset=\"https:\/\/d3l56h94xwal1f.cloudfront.net\/wp-content\/uploads\/2020\/11\/17231531\/Clasificaci%C3%B3n-Final.jpg 1241w, https:\/\/d3l56h94xwal1f.cloudfront.net\/wp-content\/uploads\/2020\/11\/17231531\/Clasificaci%C3%B3n-Final-300x208.jpg 300w, https:\/\/d3l56h94xwal1f.cloudfront.net\/wp-content\/uploads\/2020\/11\/17231531\/Clasificaci%C3%B3n-Final-1024x710.jpg 1024w, https:\/\/d3l56h94xwal1f.cloudfront.net\/wp-content\/uploads\/2020\/11\/17231531\/Clasificaci%C3%B3n-Final-768x532.jpg 768w, https:\/\/d3l56h94xwal1f.cloudfront.net\/wp-content\/uploads\/2020\/11\/17231531\/Clasificaci%C3%B3n-Final-50x35.jpg 50w\" sizes=\"auto, (max-width: 800px) 100vw, 800px\" \/><\/a><p id=\"caption-attachment-3888\" class=\"wp-caption-text\">Clasificaci\u00f3n Final<\/p><\/div><\/p>\n<p><img decoding=\"async\" class=\"aligncenter\" src=\"https:\/\/ajedreztabiyaalcoy.es\/club\/wp-content\/uploads\/2016\/04\/barra065.gif\" alt=\"barra065\" \/><\/p>\n<p style=\"text-align: justify;\">A continuaci\u00f3n se celebr\u00f3 el torneo individual para decidir al mejor jugador del evento, entre los mejores tableros, <span style=\"color: #800080;\"><strong>\u00cd\u00f1igo Donoso<\/strong><\/span> del <strong>Tabiya Alcoy<\/strong> mejor primer tablero, y <span style=\"color: #800080;\"><strong>\u00c1lvaro Agull\u00f3<\/strong><\/span> del <strong>Tabiya Alcoy<\/strong> mejor segundo tablero. Se jug\u00f3 por sistema eliminatorias a una sola partida de 5 minutos, presenciando un bonito espect\u00e1culo de rapidez y reflejos en tan poco tiempo, por parte de estas promesas del ajedrez.<\/p>\n<div id=\"attachment_3913\" style=\"width: 810px\" class=\"wp-caption aligncenter\"><a href=\"https:\/\/d3l56h94xwal1f.cloudfront.net\/wp-content\/uploads\/2020\/11\/17235138\/Final-Mejor-Jugador.jpg\" target=\"_blank\" rel=\"noopener noreferrer\"><img loading=\"lazy\" decoding=\"async\" aria-describedby=\"caption-attachment-3913\" class=\"wp-image-3913\" src=\"https:\/\/d3l56h94xwal1f.cloudfront.net\/wp-content\/uploads\/2020\/11\/17235138\/Final-Mejor-Jugador.jpg\" alt=\"\" width=\"800\" height=\"534\" srcset=\"https:\/\/d3l56h94xwal1f.cloudfront.net\/wp-content\/uploads\/2020\/11\/17235138\/Final-Mejor-Jugador.jpg 1166w, https:\/\/d3l56h94xwal1f.cloudfront.net\/wp-content\/uploads\/2020\/11\/17235138\/Final-Mejor-Jugador-300x200.jpg 300w, https:\/\/d3l56h94xwal1f.cloudfront.net\/wp-content\/uploads\/2020\/11\/17235138\/Final-Mejor-Jugador-1024x683.jpg 1024w, https:\/\/d3l56h94xwal1f.cloudfront.net\/wp-content\/uploads\/2020\/11\/17235138\/Final-Mejor-Jugador-768x512.jpg 768w, https:\/\/d3l56h94xwal1f.cloudfront.net\/wp-content\/uploads\/2020\/11\/17235138\/Final-Mejor-Jugador-50x33.jpg 50w\" sizes=\"auto, (max-width: 800px) 100vw, 800px\" \/><\/a><p id=\"caption-attachment-3913\" class=\"wp-caption-text\">Final Mejor Jugador<\/p><\/div>\n<p style=\"text-align: justify;\">Result\u00f3 vencedor y <span style=\"color: #ff0000;\"><strong>mejor jugador<\/strong><\/span> del evento <span style=\"color: #800080;\"><strong>\u00cd\u00f1igo Donoso<\/strong><\/span> del <strong>Tabiya Alcoy<\/strong>, que recibi\u00f3 como premio un trofeo. <span style=\"color: #ff0000;\"><strong>2\u00ba mejor jugador<\/strong><\/span> del torneo tambi\u00e9n con trofeo qued\u00f3 <span style=\"color: #800080;\"><strong>\u00c1lvaro Agull\u00f3<\/strong><\/span> del <strong>Tabiya Alcoy<\/strong>. Los dos tambi\u00e9n recibir\u00e1n una suscripci\u00f3n anual a la prestigiosa Revista Pe\u00f3n de Rey, de la Escuela de Ajedrez del Gran Maestro Miguel Illescas.<\/p>\n<p><div id=\"attachment_3914\" style=\"width: 810px\" class=\"wp-caption aligncenter\"><a href=\"https:\/\/d3l56h94xwal1f.cloudfront.net\/wp-content\/uploads\/2020\/11\/17235301\/Mejor-Jugador-%C3%8D%C3%B1igo-Donoso.jpg\" target=\"_blank\" rel=\"noopener noreferrer\"><img loading=\"lazy\" decoding=\"async\" aria-describedby=\"caption-attachment-3914\" class=\"wp-image-3914\" src=\"https:\/\/d3l56h94xwal1f.cloudfront.net\/wp-content\/uploads\/2020\/11\/17235301\/Mejor-Jugador-%C3%8D%C3%B1igo-Donoso.jpg\" alt=\"\" width=\"800\" height=\"979\" srcset=\"https:\/\/d3l56h94xwal1f.cloudfront.net\/wp-content\/uploads\/2020\/11\/17235301\/Mejor-Jugador-%C3%8D%C3%B1igo-Donoso.jpg 709w, https:\/\/d3l56h94xwal1f.cloudfront.net\/wp-content\/uploads\/2020\/11\/17235301\/Mejor-Jugador-%C3%8D%C3%B1igo-Donoso-245x300.jpg 245w, https:\/\/d3l56h94xwal1f.cloudfront.net\/wp-content\/uploads\/2020\/11\/17235301\/Mejor-Jugador-%C3%8D%C3%B1igo-Donoso-41x50.jpg 41w\" sizes=\"auto, (max-width: 800px) 100vw, 800px\" \/><\/a><p id=\"caption-attachment-3914\" class=\"wp-caption-text\">Mejor Jugador \u00cd\u00f1igo Donoso<\/p><\/div> <div id=\"attachment_3915\" style=\"width: 810px\" class=\"wp-caption aligncenter\"><a href=\"https:\/\/d3l56h94xwal1f.cloudfront.net\/wp-content\/uploads\/2020\/11\/17235428\/2%C2%BA-Mejor-Jugador-%C3%81lvaro-Agull%C3%B3.jpg\" target=\"_blank\" rel=\"noopener noreferrer\"><img loading=\"lazy\" decoding=\"async\" aria-describedby=\"caption-attachment-3915\" class=\"wp-image-3915\" src=\"https:\/\/d3l56h94xwal1f.cloudfront.net\/wp-content\/uploads\/2020\/11\/17235428\/2%C2%BA-Mejor-Jugador-%C3%81lvaro-Agull%C3%B3.jpg\" alt=\"\" width=\"800\" height=\"993\" srcset=\"https:\/\/d3l56h94xwal1f.cloudfront.net\/wp-content\/uploads\/2020\/11\/17235428\/2%C2%BA-Mejor-Jugador-%C3%81lvaro-Agull%C3%B3.jpg 731w, https:\/\/d3l56h94xwal1f.cloudfront.net\/wp-content\/uploads\/2020\/11\/17235428\/2%C2%BA-Mejor-Jugador-%C3%81lvaro-Agull%C3%B3-242x300.jpg 242w, https:\/\/d3l56h94xwal1f.cloudfront.net\/wp-content\/uploads\/2020\/11\/17235428\/2%C2%BA-Mejor-Jugador-%C3%81lvaro-Agull%C3%B3-40x50.jpg 40w\" sizes=\"auto, (max-width: 800px) 100vw, 800px\" \/><\/a><p id=\"caption-attachment-3915\" class=\"wp-caption-text\">2\u00ba Mejor Jugador \u00c1lvaro Agull\u00f3<\/p><\/div><\/p>\n<p style=\"text-align: justify;\">En la clausura, se entregaron diversos obsequios a todos los participantes, y Trofeos Conmemorativos a todos los equipos.<\/p>\n<p style=\"text-align: justify;\">En definitiva, un \u00e9xito a seguir en la promoci\u00f3n del ajedrez escolar por parte del Club de Ajedrez Cocentaina, con el apoyo y colaboraci\u00f3n del M. I. Ayuntamiento de Cocentaina, y la Excma. Diputaci\u00f3n Provincial de Alicante.<\/p>\n<p style=\"text-align: justify;\"><span style=\"text-decoration: underline;\">Problema de ajedrez a resolver por todos los participantes y que figura en el Cartel : \u00a0Blancas juegan y dan Jaque Mate en 2 jugadas. Tema t\u00e1ctico rey encerrado.<\/span><\/p>\n<p><a href=\"https:\/\/d3l56h94xwal1f.cloudfront.net\/wp-content\/uploads\/2020\/10\/19233012\/Posici%C3%B3n.jpg\"><img loading=\"lazy\" decoding=\"async\" class=\"aligncenter size-full wp-image-3848\" src=\"https:\/\/d3l56h94xwal1f.cloudfront.net\/wp-content\/uploads\/2020\/10\/19233012\/Posici%C3%B3n.jpg\" alt=\"\" width=\"366\" height=\"367\" srcset=\"https:\/\/d3l56h94xwal1f.cloudfront.net\/wp-content\/uploads\/2020\/10\/19233012\/Posici%C3%B3n.jpg 366w, https:\/\/d3l56h94xwal1f.cloudfront.net\/wp-content\/uploads\/2020\/10\/19233012\/Posici%C3%B3n-300x300.jpg 300w, https:\/\/d3l56h94xwal1f.cloudfront.net\/wp-content\/uploads\/2020\/10\/19233012\/Posici%C3%B3n-150x150.jpg 150w, https:\/\/d3l56h94xwal1f.cloudfront.net\/wp-content\/uploads\/2020\/10\/19233012\/Posici%C3%B3n-50x50.jpg 50w\" sizes=\"auto, (max-width: 366px) 100vw, 366px\" \/><\/a><\/p>\n<p style=\"text-align: center;\">\u00bf Ser\u00edas capaz de ganar con blancas ?. Jaque Mate en 2 jugadas.<\/p>\n<h3 style=\"text-align: center;\"><strong><span style=\"color: #000080;\">La soluci\u00f3n:\u00a0 <span style=\"color: #ff0000;\">1- Cg6+ , hxg6; 2- Th1++<\/span>\u00a0<\/span><\/strong><\/h3>\n","protected":false},"excerpt":{"rendered":"<p>Se celebr\u00f3 el Domingo 25 de Octubre el 22\u00b0 Intercambio Cultural de Escuelas de Ajedrez en Cocentaina \u201cFira de Tots Sants\u201d 2020, que ha sido organizado por el Club de Ajedrez Cocentaina, con la Colaboraci\u00f3n&#8230;<\/p>\n","protected":false},"author":2,"featured_media":3926,"comment_status":"open","ping_status":"open","sticky":false,"template":"","format":"standard","meta":{"rop_custom_images_group":[],"rop_custom_messages_group":[],"rop_publish_now":"initial","rop_publish_now_accounts":[],"rop_publish_now_history":[],"rop_publish_now_status":"pending","footnotes":""},"categories":[4],"tags":[],"class_list":["post-3883","post","type-post","status-publish","format-standard","has-post-thumbnail","hentry","category-torneos"],"wppr_data":{"cwp_meta_box_check":"No"},"_links":{"self":[{"href":"https:\/\/ajedreztabiyaalcoy.es\/club\/wp-json\/wp\/v2\/posts\/3883","targetHints":{"allow":["GET"]}}],"collection":[{"href":"https:\/\/ajedreztabiyaalcoy.es\/club\/wp-json\/wp\/v2\/posts"}],"about":[{"href":"https:\/\/ajedreztabiyaalcoy.es\/club\/wp-json\/wp\/v2\/types\/post"}],"author":[{"embeddable":true,"href":"https:\/\/ajedreztabiyaalcoy.es\/club\/wp-json\/wp\/v2\/users\/2"}],"replies":[{"embeddable":true,"href":"https:\/\/ajedreztabiyaalcoy.es\/club\/wp-json\/wp\/v2\/comments?post=3883"}],"version-history":[{"count":1,"href":"https:\/\/ajedreztabiyaalcoy.es\/club\/wp-json\/wp\/v2\/posts\/3883\/revisions"}],"predecessor-version":[{"id":3925,"href":"https:\/\/ajedreztabiyaalcoy.es\/club\/wp-json\/wp\/v2\/posts\/3883\/revisions\/3925"}],"wp:featuredmedia":[{"embeddable":true,"href":"https:\/\/ajedreztabiyaalcoy.es\/club\/wp-json\/wp\/v2\/media\/3926"}],"wp:attachment":[{"href":"https:\/\/ajedreztabiyaalcoy.es\/club\/wp-json\/wp\/v2\/media?parent=3883"}],"wp:term":[{"taxonomy":"category","embeddable":true,"href":"https:\/\/ajedreztabiyaalcoy.es\/club\/wp-json\/wp\/v2\/categories?post=3883"},{"taxonomy":"post_tag","embeddable":true,"href":"https:\/\/ajedreztabiyaalcoy.es\/club\/wp-json\/wp\/v2\/tags?post=3883"}],"curies":[{"name":"wp","href":"https:\/\/api.w.org\/{rel}","templated":true}]}}