{"id":4077,"date":"2021-07-26T09:23:59","date_gmt":"2021-07-26T07:23:59","guid":{"rendered":"https:\/\/ajedreztabiyaalcoy.es\/club\/?p=4077"},"modified":"2021-07-26T09:44:52","modified_gmt":"2021-07-26T07:44:52","slug":"queja-a-la-federacion-espanola-de-ajedrez-asunto-campeonato-de-espana-por-equipos-de-club-de-2a-division-2021","status":"publish","type":"post","link":"https:\/\/ajedreztabiyaalcoy.es\/club\/queja-a-la-federacion-espanola-de-ajedrez-asunto-campeonato-de-espana-por-equipos-de-club-de-2a-division-2021\/","title":{"rendered":"Queja a la Federaci\u00f3n Espa\u00f1ola de Ajedrez &#8211; Asunto Campeonato de Espa\u00f1a por Equipos de Club de 2\u00aa Divisi\u00f3n 2021"},"content":{"rendered":"<p><span style=\"font-size: 14pt; color: #ff0000;\">Hace unos d\u00edas hemos enviado esta <strong>QUEJA<\/strong> a la Federaci\u00f3n Espa\u00f1ola de Ajedrez.<\/span><\/p>\n<p style=\"text-align: justify;\"><span style=\"text-decoration: underline;\">Al Presidente Sr. Javier Ochoa y al Secretario General Sr. Ram\u00f3n Padull\u00e9s de la Federaci\u00f3n Espa\u00f1ola de Ajedrez (FEDA) :<\/span><\/p>\n<p style=\"text-align: justify;\">Mediante este escrito, el Club de Ajedrez Tabiya Alcoy les presenta una QUEJA por las Bases que han aplicado en la Convocatoria del Campeonato de Espa\u00f1a por Equipos de Club de 2\u00aa Divisi\u00f3n de este a\u00f1o 2021 (CECLUB 2\u00aa Divisi\u00f3n 2021). Circular 20\/2021 de la FEDA. Los hechos son los siguientes,<\/p>\n<p style=\"text-align: justify;\">a) Este a\u00f1o era nuestra intenci\u00f3n participar en dicha competici\u00f3n, para lo cual ten\u00edamos pensado reforzar nuestro Club y equipo, incorporando a varios Maestros dispuestos a jugar.<\/p>\n<p style=\"text-align: justify;\">b) El 15 de Abril les enviamos un correo electr\u00f3nico donde entre otras cosas, les solicit\u00e1bamos que en las Bases de la Circular de este a\u00f1o del Campeonato de Espa\u00f1a de Ajedrez por Equipos de Club de 2\u00aa Divisi\u00f3n, se modificase por causas de fuerza mayor de la pandemia o crisis sanitaria que estamos padeciendo en la actualidad, el siguiente punto, <span style=\"background-color: #ffff99;\">&#8220;2.5. Las condiciones de participaci\u00f3n son las siguientes: &#8211; Que cada uno de los primeros cuatro tableros del orden de fuerzas haya disputado al menos dos partidas en el Campeonato Auton\u00f3mico por Equipos o bien haya estado federado en el mismo Club que propone su inscripci\u00f3n durante las tres \u00faltimas temporadas (excepto en los equipos nombrados como clasificados, con car\u00e1cter general, y en el caso previsto en el apartado 7 en cuanto a la jugadora.).&#8221;<\/span><br \/>\nLo ped\u00edamos, ya que en varias Federaciones Auton\u00f3micas no han podido realizar su Campeonato Auton\u00f3mico por Equipos antes del Campeonato de Espa\u00f1a, por causas de fuerza mayor de la pandemia o crisis sanitaria que estamos padeciendo en la actualidad, como es nuestro caso en que nuestra Categor\u00eda Auton\u00f3mica empezar\u00e1 en Septiembre de 2021, es decir, posteriormente al Campeonato de Espa\u00f1a en que queremos participar, y por tanto no podemos cumplir que los jugadores hayan disputado al menos dos partidas en dicho Campeonato Auton\u00f3mico por Equipos.<\/p>\n<p style=\"text-align: justify;\">c) El 16 de Abril nos contest\u00f3 el Secretario General Sr. Ram\u00f3n Padull\u00e9s diciendo <span style=\"background-color: #6adbf7;\">\u201cEn cuanto al cambio de bases, seguramente se har\u00e1, pero habr\u00e1 que esperar a la convocatoria y reglamentaci\u00f3n espec\u00edfica que se apruebe.\u201d<\/span><\/p>\n<p style=\"text-align: justify;\">d) Vista esta contestaci\u00f3n, y aplicando la l\u00f3gica y sentido com\u00fan de adecuarse a la crisis sanitaria que padecemos, echamos para adelante el proyecto de participar e incorporar a los Maestros, con Licencia Federativa por nuestro Club.<\/p>\n<p style=\"text-align: justify;\">e) Cual ha sido nuestra sorpresa cuando sali\u00f3 la Circular 20\/2021 de la Convocatoria del Campeonato de Espa\u00f1a por Equipos de Club de 2\u00aa Divisi\u00f3n de este a\u00f1o 2021 (CECLUB 2\u00aa Divisi\u00f3n 2021), y vimos que dicho punto 2.5. no se hab\u00eda modificado, y por lo tanto todos los esfuerzos que realizamos, incluidos los econ\u00f3micos, para incorporar a los Maestros, no han servido de nada, ya que ellos no pueden participar al no haber cumplido con las 2 partidas jugadas en nuestro Campeonato Auton\u00f3mico por Equipos.<\/p>\n<p style=\"text-align: justify;\">f) \u00bf Por qu\u00e9 no han adaptado Ustedes dicho punto 2.5. a las circunstancias actuales de la pandemia de este a\u00f1o ?. \u00bf Tanto costaba hacer una excepci\u00f3n a este punto 2.5. a los Clubs en cuyas Federaciones Auton\u00f3micas no se han podido realizar los Campeonatos Auton\u00f3micos por Equipos, ya que ha sido por culpa de la pandemia, y es una causa de fuerza mayor ?.<\/p>\n<p style=\"text-align: justify;\">Nuestro Club no va a participar, ya que el equipo estaba compuesto mayoritariamente por los Maestros que hab\u00edamos incorporado, y ellos no pueden participar al no haberse modificado dicho punto 2.5. Quiz\u00e1 hemos pecado de ingenuos al pensar que Ustedes iban a aplicar la l\u00f3gica y el sentido com\u00fan, pero nos han decepcionado en dicha decisi\u00f3n de no modificar el punto 2.5. en una situaci\u00f3n de fuerza mayor, es un error y no es correcto. Pues, \u00bf qu\u00e9 culpa tenemos nosotros y otros Clubs en la misma situaci\u00f3n, de no haber jugado los Campeonatos Auton\u00f3micos por Equipos por culpa de la dichosa pandemia ?. Encima doble castigo.<\/p>\n<p style=\"text-align: justify;\">Ustedes nos han perjudicado econ\u00f3micamente, y nos han ocasionado un trastorno con los Maestros que hemos incorporado, pues ahora tenemos que deshacerlo todo.<\/p>\n<p style=\"text-align: justify;\">Al a\u00f1o que viene lo volveremos a intentar, y no se preocupen que ya hemos aprendido la lecci\u00f3n.<\/p>\n<p style=\"text-align: justify;\">Atentamente, La Junta Directiva. Fdo :\u00a0 Joaqu\u00edn\u00a0 Corb\u00ed\u00a0 Mart\u00ed. Presidente.<\/p>\n","protected":false},"excerpt":{"rendered":"<p>Hace unos d\u00edas hemos enviado esta QUEJA a la Federaci\u00f3n Espa\u00f1ola de Ajedrez. Al Presidente Sr. Javier Ochoa y al Secretario General Sr. Ram\u00f3n Padull\u00e9s de la Federaci\u00f3n Espa\u00f1ola de Ajedrez (FEDA) : Mediante este&#8230;<\/p>\n","protected":false},"author":2,"featured_media":4079,"comment_status":"open","ping_status":"open","sticky":false,"template":"","format":"standard","meta":{"rop_custom_images_group":[],"rop_custom_messages_group":[],"rop_publish_now":"initial","rop_publish_now_accounts":[],"rop_publish_now_history":[],"rop_publish_now_status":"pending","footnotes":""},"categories":[1],"tags":[],"class_list":["post-4077","post","type-post","status-publish","format-standard","has-post-thumbnail","hentry","category-sin-categoria"],"wppr_data":{"cwp_meta_box_check":"No"},"_links":{"self":[{"href":"https:\/\/ajedreztabiyaalcoy.es\/club\/wp-json\/wp\/v2\/posts\/4077","targetHints":{"allow":["GET"]}}],"collection":[{"href":"https:\/\/ajedreztabiyaalcoy.es\/club\/wp-json\/wp\/v2\/posts"}],"about":[{"href":"https:\/\/ajedreztabiyaalcoy.es\/club\/wp-json\/wp\/v2\/types\/post"}],"author":[{"embeddable":true,"href":"https:\/\/ajedreztabiyaalcoy.es\/club\/wp-json\/wp\/v2\/users\/2"}],"replies":[{"embeddable":true,"href":"https:\/\/ajedreztabiyaalcoy.es\/club\/wp-json\/wp\/v2\/comments?post=4077"}],"version-history":[{"count":1,"href":"https:\/\/ajedreztabiyaalcoy.es\/club\/wp-json\/wp\/v2\/posts\/4077\/revisions"}],"predecessor-version":[{"id":4078,"href":"https:\/\/ajedreztabiyaalcoy.es\/club\/wp-json\/wp\/v2\/posts\/4077\/revisions\/4078"}],"wp:featuredmedia":[{"embeddable":true,"href":"https:\/\/ajedreztabiyaalcoy.es\/club\/wp-json\/wp\/v2\/media\/4079"}],"wp:attachment":[{"href":"https:\/\/ajedreztabiyaalcoy.es\/club\/wp-json\/wp\/v2\/media?parent=4077"}],"wp:term":[{"taxonomy":"category","embeddable":true,"href":"https:\/\/ajedreztabiyaalcoy.es\/club\/wp-json\/wp\/v2\/categories?post=4077"},{"taxonomy":"post_tag","embeddable":true,"href":"https:\/\/ajedreztabiyaalcoy.es\/club\/wp-json\/wp\/v2\/tags?post=4077"}],"curies":[{"name":"wp","href":"https:\/\/api.w.org\/{rel}","templated":true}]}}