{"id":420,"date":"2009-10-29T04:35:18","date_gmt":"2009-10-29T02:35:18","guid":{"rendered":"https:\/\/ajedreztabiyaalcoy.es\/club\/?p=420"},"modified":"2009-10-29T04:35:18","modified_gmt":"2009-10-29T02:35:18","slug":"el-m-i-cristhian-cruz-de-peru-vence-en-cocentaina","status":"publish","type":"post","link":"https:\/\/ajedreztabiyaalcoy.es\/club\/el-m-i-cristhian-cruz-de-peru-vence-en-cocentaina\/","title":{"rendered":"EL  JOVEN  MAESTRO  INTERNACIONAL  CRISTHIAN  CRUZ  DE  PER\u00da  VENCE  EN  COCENTAINA"},"content":{"rendered":"<p style=\"text-align: center;\"><strong>\u00a0<\/strong><\/p>\n<p style=\"text-align: center;\"><strong><span style=\"text-decoration: underline;\">CR\u00d3NICA\u00a0 DEL\u00a0 1er.\u00a0 TORNEO\u00a0 INTERNACIONAL\u00a0 DE\u00a0 AJEDREZ <\/span><\/strong><\/p>\n<p align=\"center\"><strong><span style=\"text-decoration: underline;\">DE\u00a0 COCENTAINA\u00a0 \u201cFIRA\u00a0 DE\u00a0 TOTS\u00a0 SANTS\u201d\u00a0 2009<\/span><\/strong><\/p>\n<p align=\"center\"><em><span style=\"text-decoration: underline;\">Por el Director y \u00c1rbitro Principal del torneo Joaqu\u00edn Corb\u00ed Mart\u00ed.<\/span><\/em><\/p>\n<p style=\"text-align: justify;\"><strong>El Club de Ajedrez Cocentaina<\/strong> organiz\u00f3 su 1er. Torneo Internacional, con el fin de darle a la localidad de Cocentaina su prestigio en el panorama ajedrec\u00edstico nacional e internacional. Este evento ha nacido con un novedoso formato de premios generales y especiales, siendo acumulables, en total m\u00e1s de 2.000 euros, con numerosos trofeos, medallas, y dem\u00e1s regalos como libros, y suscripciones a revistas de ajedrez, lo cual hizo las delicias de los participantes.\u00a0<\/p>\n<p style=\"text-align: justify;\">Participaron 55 jugadores provenientes de la Comunidad Valenciana, y de otros puntos de la geograf\u00eda espa\u00f1ola como Albacete y Barcelona. Se jug\u00f3 en los magn\u00edficos salones del Hotel Od\u00f3n de Cocentaina, donde rein\u00f3 la deportividad en todos los jugadores, en un buen ambiente deportivo. Se jug\u00f3 por Sistema Suizo al mejor de 6 partidas \u00f3 rondas, en partidas de 15 minutos por jugador.<\/p>\n<p style=\"text-align: justify;\">De los 55 participantes, 8 Maestros Internacionales, 2 Maestros FIDE, y la mitad con puntuaci\u00f3n internacional ELO, hizo que el torneo tuviera un fuerte nivel. Y la mayor\u00eda de los ni\u00f1os y j\u00f3venes fueron aportados por los Clubes del Cocentaina, Tabiya Alcoy, Alicante, Onteniente, y Ruy L\u00f3pez de Elda.<\/p>\n<div id=\"attachment_422\" style=\"width: 410px\" class=\"wp-caption aligncenter\"><a href=\"https:\/\/ajedreztabiyaalcoy.es\/club\/wp-content\/uploads\/2009\/10\/Vista-general1.JPG\"><img loading=\"lazy\" decoding=\"async\" aria-describedby=\"caption-attachment-422\" class=\"size-large wp-image-422 \" title=\"Vista general\" src=\"https:\/\/ajedreztabiyaalcoy.es\/club\/wp-content\/uploads\/2009\/10\/Vista-general1-1023x682.jpg\" alt=\"Los magn\u00edficos salones del Hotel Od\u00f3n\" width=\"400\" height=\"267\" \/><\/a><p id=\"caption-attachment-422\" class=\"wp-caption-text\">Los magn\u00edficos salones del Hotel Od\u00f3n<\/p><\/div>\n<p style=\"text-align: justify;\">La prueba no tuvo un dominador claro, ya que hubo mucha igualdad por arriba con los jugadores titulados, coloc\u00e1ndose el Maestro FIDE <strong>Mariano Varga<\/strong> en cabeza con 4 puntos de 4, tras vencer a los Maestros Internacionales <strong>Rufino Camarena<\/strong> y <strong>Antonio Granero<\/strong>, para perder las dos partidas restantes. Recogieron el relevo los Maestros Internacionales <strong>Cristhian Cruz<\/strong>, <strong>Carlos Garc\u00eda<\/strong> y <strong>Cristian Dolezal<\/strong>, quienes luchaban entre s\u00ed en las primeras mesas. Finalmente logr\u00f3 el Campeonato el Maestro Internacional peruano <strong>Cristhian Cruz<\/strong>, fuerte jugador de 17 a\u00f1os con 2 Normas de Gran Maestro y con m\u00e1s de 2500 ELO FIDE, que tan s\u00f3lo cedi\u00f3 dos empates. Adem\u00e1s de ganar el meritorio primer puesto, con su premio en met\u00e1lico, tambi\u00e9n gan\u00f3 el premio especial de Campe\u00f3n del torneo, que consiste en estar invitado para la pr\u00f3xima edici\u00f3n con un fijo en met\u00e1lico equivalente a lo ganado este a\u00f1o m\u00e1s los gastos de viaje.\u00a0<\/p>\n<div id=\"attachment_425\" style=\"width: 410px\" class=\"wp-caption aligncenter\"><a href=\"https:\/\/ajedreztabiyaalcoy.es\/club\/wp-content\/uploads\/2009\/10\/El-Campe\u00f3n-M.I.-Cristhian-Cruz-de-Per\u00fa.JPG\"><img loading=\"lazy\" decoding=\"async\" aria-describedby=\"caption-attachment-425\" class=\"size-large wp-image-425 \" title=\"El Campe\u00f3n M.I. Cristhian Cruz de Per\u00fa\" src=\"https:\/\/ajedreztabiyaalcoy.es\/club\/wp-content\/uploads\/2009\/10\/El-Campe\u00f3n-M.I.-Cristhian-Cruz-de-Per\u00fa-1024x673.jpg\" alt=\"El Campe\u00f3n M.I. Cristhian Cruz de Per\u00fa\" width=\"400\" height=\"267\" \/><\/a><p id=\"caption-attachment-425\" class=\"wp-caption-text\">El Campe\u00f3n M.I. Cristhian Cruz de Per\u00fa<\/p><\/div>\n<p style=\"text-align: justify;\">A continuaci\u00f3n quedaron con los mismos puntos que el Campe\u00f3n varios jugadores, destacando el 2\u00ba puesto del Maestro Internacional <strong>Slobodan Kovacevic<\/strong> que tan s\u00f3lo se enfrent\u00f3 a un titulado, el 3er. y 4\u00ba puestos de los Maestros Internacionales <strong>Cristian Dolezal<\/strong> y <strong>Carlos Garc\u00eda<\/strong> que no perdieron partida, cediendo tan s\u00f3lo dos empates. Caus\u00f3 sensaci\u00f3n por su excelente juego, el joven de 12 a\u00f1os <strong>Samuel Navarrete<\/strong> del Alicante, que estuvo siempre luchando en las primeras mesas con los mejores, consiguiendo un merecido 5\u00ba puesto con premio en la Clasificaci\u00f3n General, adem\u00e1s del premio por ser el 1er. Sub 14 con suscripci\u00f3n anual a la Revista Pe\u00f3n de Rey, de EDAMI, Escuela de Ajedrez Miguel Illescas, ubicada en Barcelona, de gran prestigio nacional e internacional.\u00a0<\/p>\n<div id=\"attachment_426\" style=\"width: 410px\" class=\"wp-caption aligncenter\"><a href=\"https:\/\/ajedreztabiyaalcoy.es\/club\/wp-content\/uploads\/2009\/10\/5\u00ba-el-joven-Samuel-Navarrete-gan\u00f3-4-premios.JPG\"><img loading=\"lazy\" decoding=\"async\" aria-describedby=\"caption-attachment-426\" class=\"size-large wp-image-426 \" title=\"5\u00ba el joven Samuel Navarrete gan\u00f3 4 premios\" src=\"https:\/\/ajedreztabiyaalcoy.es\/club\/wp-content\/uploads\/2009\/10\/5\u00ba-el-joven-Samuel-Navarrete-gan\u00f3-4-premios-1023x682.jpg\" alt=\"Gran actuaci\u00f3n del joven Samuel Navarrete que obtuvo 4 premios\" width=\"400\" height=\"267\" \/><\/a><p id=\"caption-attachment-426\" class=\"wp-caption-text\">Gran actuaci\u00f3n del joven Samuel Navarrete que obtuvo 4 premios<\/p><\/div>\n<p style=\"text-align: justify;\">Entre los 12 premiados de la Clasificaci\u00f3n General, mencionar las buenas actuaciones de los titulados Maestros Internacionales <strong>Antonio Granero<\/strong> de Ibi que qued\u00f3 el 6\u00ba, <strong>Arturo Vidarte<\/strong> de Per\u00fa que logr\u00f3 el 7\u00ba puesto, y el Maestro FIDE <strong>Mariano Varga<\/strong> de Argentina que qued\u00f3 el 9\u00ba, obteniendo el premio especial del 50 % de invitaci\u00f3n al importante Festival Internacional del Hotel Bali de Benidorm, por ser el\u00a0 1er. Clasificado de 2000 a 2300 ELO FIDE.<\/p>\n<p style=\"text-align: justify;\">Tambi\u00e9n destac\u00f3 por su buen juego el joven de 12 a\u00f1os nacido en Onteniente <strong>Javier Navarro<\/strong> del Tabiya Alcoy que qued\u00f3 en el puesto 11\u00ba, derrotando a jugadores m\u00e1s experimentados y con m\u00e1s de 2000 ELO FIDE. Tuvo la oportunidad de dar la sorpresa en la \u00faltima ronda de quedar entre los 5 primeros de no perder frente al Maestro Internacional <strong>Kovacevic<\/strong>. <strong>Javier Navarro<\/strong> se llev\u00f3 5 premios, entre ellos 2\u00ba Sub 14, 1er. Local, 1er. Sub 12 Local, con sus consiguientes trofeos, premios en met\u00e1lico, 1 libro sobre Bobby Fischer, y una suscripci\u00f3n anual a la prestigiosa Revista Pe\u00f3n de Rey.\u00a0<\/p>\n<div id=\"attachment_439\" style=\"width: 410px\" class=\"wp-caption aligncenter\"><a href=\"https:\/\/ajedreztabiyaalcoy.es\/club\/wp-content\/uploads\/2009\/10\/11\u00ba-el-joven-Javier-Navarro-consigui\u00f3-5-premios.JPG\"><img loading=\"lazy\" decoding=\"async\" aria-describedby=\"caption-attachment-439\" class=\"size-large wp-image-439 \" title=\"11\u00ba el joven Javier Navarro consigui\u00f3 5 premios\" src=\"https:\/\/ajedreztabiyaalcoy.es\/club\/wp-content\/uploads\/2009\/10\/11\u00ba-el-joven-Javier-Navarro-consigui\u00f3-5-premios-1024x680.jpg\" alt=\"Excelente actuaci\u00f3n del joven Javier Navarro que consigui\u00f3 5 premios\" width=\"400\" height=\"267\" \/><\/a><p id=\"caption-attachment-439\" class=\"wp-caption-text\">Excelente actuaci\u00f3n del joven Javier Navarro que consigui\u00f3 5 premios<\/p><\/div>\n<p style=\"text-align: justify;\">El 1er. Jugador de la Comunidad Valenciana con menos de 2000 ELO FIDE fue el joven <strong>Samuel Navarrete<\/strong> del Alicante, que adem\u00e1s gan\u00f3 el premio especial del 50 % de invitaci\u00f3n al importante Festival Internacional del Hotel Bali de Benidorm. El 2\u00ba fue el tambi\u00e9n joven <strong>Javier Navarro<\/strong> del Tabiya Alcoy.<\/p>\n<p style=\"text-align: justify;\">En cuanto a los j\u00f3venes Sub 14, adem\u00e1s de las excelentes actuaciones de <strong>Samuel Navarrete<\/strong> y <strong>Javier Navarro<\/strong>, tambi\u00e9n hicieron un aceptable torneo los jugadores del Tabiya Alcoy <strong>Antonio Cabrera<\/strong>, <strong>Joan Pons<\/strong> y <strong>Borja Sol\u00eds<\/strong>, as\u00ed como <strong>Jes\u00fas L\u00f3pez<\/strong> y <strong>Pau Serra<\/strong> del Cocentaina, <strong>Gonzalo Tormo<\/strong> del Onteniente, e <strong>Ilya Barkov<\/strong> del Alicante que tuvieron que enfrentarse a jugadores m\u00e1s experimentados.<\/p>\n<p style=\"text-align: justify;\">Subcampe\u00f3n Local qued\u00f3 el jugador del Tabiya Alcoy <strong>Antonio Cabrera<\/strong>, y <strong>Emilio Rico <\/strong>del Cocentaina fue 3\u00ba Local. Subcampe\u00f3n Sub 12 Local qued\u00f3 <strong>Joan Pons<\/strong> del Tabiya Alcoy, mientras <strong>Borja Sol\u00eds<\/strong> del Tabiya Alcoy fue 3\u00ba Sub 12 Local.<\/p>\n<p style=\"text-align: justify;\">El torneo dio la oportunidad a jugadores locales y no locales, j\u00f3venes y seniors, de enfrentarse a Maestros titulados y a jugadores m\u00e1s experimentados, con el fin de presentar dura batalla y aprender. As\u00ed vimos luchar contra Maestros a <strong>Emilio Rico<\/strong> y <strong>Aitor Dom\u00e9nech<\/strong> del Cocentaina,\u00a0 y a <strong>Jose Antonio Pons<\/strong>, <strong>Javier Navarro<\/strong> y <strong>Antonio Cabrera<\/strong> del Tabiya Alcoy.<\/p>\n<p style=\"text-align: justify;\">Los participantes recibieron durante el torneo refrescos, revistas de ajedrez, y medallas todos los Sub 14.<\/p>\n<p style=\"text-align: justify;\">En definitiva una gran fiesta del ajedrez en Cocentaina de las que hacen afici\u00f3n, de la mano del Club de Ajedrez Cocentaina, cuyos Directivos <strong>Joaqu\u00edn Corb\u00ed<\/strong> Presidente, <strong>Manuel P\u00e9rez<\/strong> Vicepresidente, y <strong>Emilio Rico<\/strong> Secretario, estuvieron presentes, junto con varios Colaboradores del Torneo. Hizo acto de presencia en el torneo el Concejal de Fira de Tots Sants D. <strong>Marcos Castell\u00f3<\/strong>, y presidi\u00f3 la entrega de premios el Concejal de Deportes D. <strong>Sa\u00fcl Botella<\/strong>, que mostr\u00f3 en representaci\u00f3n del Ayuntamiento de Cocentaina su apoyo a este evento para futuras ediciones. Un saludo a todos, deseando que nos veamos otra vez en este interesante torneo el a\u00f1o que viene.<\/p>\n<p style=\"text-align: justify;\"><span style=\"font-size: medium;\"><span style=\"color: #ff0000;\">CLASIFICACI\u00d3N\u00a0 FINAL<\/span><\/span><\/p>\n<p style=\"text-align: justify;\"><span style=\"font-size: medium;\"><span style=\"color: #ff0000;\"><a href=\"https:\/\/ajedreztabiyaalcoy.es\/club\/wp-content\/uploads\/2009\/10\/1er.-Torneo-Internacional-de-Ajedrez-de-Cocentaina-2009-Premios.pdf\">1er. Torneo Internacional de Ajedrez de Cocentaina &#8220;Fira de Tots Sants&#8221; 2009 &#8211; Premios<\/a><\/span><\/span><\/p>\n<p style=\"text-align: justify;\">\u00a0<span style=\"color: #00ccff;\"><span style=\"font-size: medium;\"><span style=\"color: #00ccff;\">GALER\u00cdA\u00a0 DE\u00a0 FOTOS<\/span><\/span><\/span><span style=\"color: #00ccff;\"><div id='gallery-1' class='gallery galleryid-420 gallery-columns-3 gallery-size-thumbnail'><dl class='gallery-item'>\n\t\t\t<dt class='gallery-icon landscape'>\n\t\t\t\t<a href='https:\/\/ajedreztabiyaalcoy.es\/club\/wp-content\/uploads\/2009\/10\/Vista-general11.jpg'><img loading=\"lazy\" decoding=\"async\" width=\"150\" height=\"150\" src=\"https:\/\/ajedreztabiyaalcoy.es\/club\/wp-content\/uploads\/2009\/10\/Vista-general11-150x150.jpg\" class=\"attachment-thumbnail size-thumbnail\" alt=\"\" aria-describedby=\"gallery-1-422\" \/><\/a>\n\t\t\t<\/dt>\n\t\t\t\t<dd class='wp-caption-text gallery-caption' id='gallery-1-422'>\n\t\t\t\tLos magn\u00edficos salones del Hotel Od\u00f3n\n\t\t\t\t<\/dd><\/dl><dl class='gallery-item'>\n\t\t\t<dt class='gallery-icon landscape'>\n\t\t\t\t<a href='https:\/\/ajedreztabiyaalcoy.es\/club\/wp-content\/uploads\/2009\/10\/El-Campe\u00f3n-M.I.-Cristhian-Cruz-de-Per\u00fa1.jpg'><img loading=\"lazy\" decoding=\"async\" width=\"150\" height=\"150\" src=\"https:\/\/ajedreztabiyaalcoy.es\/club\/wp-content\/uploads\/2009\/10\/El-Campe\u00f3n-M.I.-Cristhian-Cruz-de-Per\u00fa1-150x150.jpg\" class=\"attachment-thumbnail size-thumbnail\" alt=\"\" aria-describedby=\"gallery-1-425\" \/><\/a>\n\t\t\t<\/dt>\n\t\t\t\t<dd class='wp-caption-text gallery-caption' id='gallery-1-425'>\n\t\t\t\tEl Campe\u00f3n M.I. Cristhian Cruz de Per\u00fa\n\t\t\t\t<\/dd><\/dl><dl class='gallery-item'>\n\t\t\t<dt class='gallery-icon landscape'>\n\t\t\t\t<a href='https:\/\/ajedreztabiyaalcoy.es\/club\/wp-content\/uploads\/2009\/10\/2\u00ba-M.I.-Slobodan-Kovacevic1.jpg'><img loading=\"lazy\" decoding=\"async\" width=\"150\" height=\"150\" src=\"https:\/\/ajedreztabiyaalcoy.es\/club\/wp-content\/uploads\/2009\/10\/2\u00ba-M.I.-Slobodan-Kovacevic1-150x150.jpg\" class=\"attachment-thumbnail size-thumbnail\" alt=\"\" aria-describedby=\"gallery-1-447\" \/><\/a>\n\t\t\t<\/dt>\n\t\t\t\t<dd class='wp-caption-text gallery-caption' id='gallery-1-447'>\n\t\t\t\t2\u00ba M.I. Slobodan Kovacevic\n\t\t\t\t<\/dd><\/dl><br style=\"clear: both\" \/><dl class='gallery-item'>\n\t\t\t<dt class='gallery-icon landscape'>\n\t\t\t\t<a href='https:\/\/ajedreztabiyaalcoy.es\/club\/wp-content\/uploads\/2009\/10\/3\u00ba-M.I.-Cristian-Dolezal1.jpg'><img loading=\"lazy\" decoding=\"async\" width=\"150\" height=\"150\" src=\"https:\/\/ajedreztabiyaalcoy.es\/club\/wp-content\/uploads\/2009\/10\/3\u00ba-M.I.-Cristian-Dolezal1-150x150.jpg\" class=\"attachment-thumbnail size-thumbnail\" alt=\"\" aria-describedby=\"gallery-1-448\" \/><\/a>\n\t\t\t<\/dt>\n\t\t\t\t<dd class='wp-caption-text gallery-caption' id='gallery-1-448'>\n\t\t\t\t3\u00ba M.I. Cristian Dolezal\n\t\t\t\t<\/dd><\/dl><dl class='gallery-item'>\n\t\t\t<dt class='gallery-icon landscape'>\n\t\t\t\t<a href='https:\/\/ajedreztabiyaalcoy.es\/club\/wp-content\/uploads\/2009\/10\/4\u00ba-M.I.-Carlos-Garc\u00eda1.jpg'><img loading=\"lazy\" decoding=\"async\" width=\"150\" height=\"150\" src=\"https:\/\/ajedreztabiyaalcoy.es\/club\/wp-content\/uploads\/2009\/10\/4\u00ba-M.I.-Carlos-Garc\u00eda1-150x150.jpg\" class=\"attachment-thumbnail size-thumbnail\" alt=\"\" aria-describedby=\"gallery-1-451\" \/><\/a>\n\t\t\t<\/dt>\n\t\t\t\t<dd class='wp-caption-text gallery-caption' id='gallery-1-451'>\n\t\t\t\t4\u00ba M.I. Carlos Garc\u00eda\n\t\t\t\t<\/dd><\/dl><dl class='gallery-item'>\n\t\t\t<dt class='gallery-icon landscape'>\n\t\t\t\t<a href='https:\/\/ajedreztabiyaalcoy.es\/club\/wp-content\/uploads\/2009\/10\/5\u00ba-el-joven-Samuel-Navarrete-gan\u00f3-4-premios1.jpg'><img loading=\"lazy\" decoding=\"async\" width=\"150\" height=\"150\" src=\"https:\/\/ajedreztabiyaalcoy.es\/club\/wp-content\/uploads\/2009\/10\/5\u00ba-el-joven-Samuel-Navarrete-gan\u00f3-4-premios1-150x150.jpg\" class=\"attachment-thumbnail size-thumbnail\" alt=\"\" aria-describedby=\"gallery-1-426\" \/><\/a>\n\t\t\t<\/dt>\n\t\t\t\t<dd class='wp-caption-text gallery-caption' id='gallery-1-426'>\n\t\t\t\tGran actuaci\u00f3n del joven Samuel Navarrete que obtuvo 4 premios\n\t\t\t\t<\/dd><\/dl><br style=\"clear: both\" \/><dl class='gallery-item'>\n\t\t\t<dt class='gallery-icon landscape'>\n\t\t\t\t<a href='https:\/\/ajedreztabiyaalcoy.es\/club\/wp-content\/uploads\/2009\/10\/11\u00ba-el-joven-Javier-Navarro-consigui\u00f3-5-premios1.jpg'><img loading=\"lazy\" decoding=\"async\" width=\"150\" height=\"150\" src=\"https:\/\/ajedreztabiyaalcoy.es\/club\/wp-content\/uploads\/2009\/10\/11\u00ba-el-joven-Javier-Navarro-consigui\u00f3-5-premios1-150x150.jpg\" class=\"attachment-thumbnail size-thumbnail\" alt=\"\" aria-describedby=\"gallery-1-439\" \/><\/a>\n\t\t\t<\/dt>\n\t\t\t\t<dd class='wp-caption-text gallery-caption' id='gallery-1-439'>\n\t\t\t\tExcelente actuaci\u00f3n del joven Javier Navarro que consigui\u00f3 5 premios\n\t\t\t\t<\/dd><\/dl><dl class='gallery-item'>\n\t\t\t<dt class='gallery-icon landscape'>\n\t\t\t\t<a href='https:\/\/ajedreztabiyaalcoy.es\/club\/wp-content\/uploads\/2009\/10\/Antonio-Cabrera-2\u00ba-Local1.jpg'><img loading=\"lazy\" decoding=\"async\" width=\"150\" height=\"150\" src=\"https:\/\/ajedreztabiyaalcoy.es\/club\/wp-content\/uploads\/2009\/10\/Antonio-Cabrera-2\u00ba-Local1-150x150.jpg\" class=\"attachment-thumbnail size-thumbnail\" alt=\"\" aria-describedby=\"gallery-1-452\" \/><\/a>\n\t\t\t<\/dt>\n\t\t\t\t<dd class='wp-caption-text gallery-caption' id='gallery-1-452'>\n\t\t\t\tAntonio Cabrera 2\u00ba Local\n\t\t\t\t<\/dd><\/dl><dl class='gallery-item'>\n\t\t\t<dt class='gallery-icon landscape'>\n\t\t\t\t<a href='https:\/\/ajedreztabiyaalcoy.es\/club\/wp-content\/uploads\/2009\/10\/Joan-Pons-2\u00ba-Sub-12-Local1.jpg'><img loading=\"lazy\" decoding=\"async\" width=\"150\" height=\"150\" src=\"https:\/\/ajedreztabiyaalcoy.es\/club\/wp-content\/uploads\/2009\/10\/Joan-Pons-2\u00ba-Sub-12-Local1-150x150.jpg\" class=\"attachment-thumbnail size-thumbnail\" alt=\"\" aria-describedby=\"gallery-1-458\" \/><\/a>\n\t\t\t<\/dt>\n\t\t\t\t<dd class='wp-caption-text gallery-caption' id='gallery-1-458'>\n\t\t\t\tJoan Pons 2\u00ba Sub 12 Local\n\t\t\t\t<\/dd><\/dl><br style=\"clear: both\" \/><dl class='gallery-item'>\n\t\t\t<dt class='gallery-icon landscape'>\n\t\t\t\t<a href='https:\/\/ajedreztabiyaalcoy.es\/club\/wp-content\/uploads\/2009\/10\/IMG_15701.jpg'><img loading=\"lazy\" decoding=\"async\" width=\"150\" height=\"150\" src=\"https:\/\/ajedreztabiyaalcoy.es\/club\/wp-content\/uploads\/2009\/10\/IMG_15701-150x150.jpg\" class=\"attachment-thumbnail size-thumbnail\" alt=\"\" \/><\/a>\n\t\t\t<\/dt><\/dl><dl class='gallery-item'>\n\t\t\t<dt class='gallery-icon landscape'>\n\t\t\t\t<a href='https:\/\/ajedreztabiyaalcoy.es\/club\/wp-content\/uploads\/2009\/10\/IMG_15721.jpg'><img loading=\"lazy\" decoding=\"async\" width=\"150\" height=\"150\" src=\"https:\/\/ajedreztabiyaalcoy.es\/club\/wp-content\/uploads\/2009\/10\/IMG_15721-150x150.jpg\" class=\"attachment-thumbnail size-thumbnail\" alt=\"\" \/><\/a>\n\t\t\t<\/dt><\/dl><dl class='gallery-item'>\n\t\t\t<dt class='gallery-icon landscape'>\n\t\t\t\t<a href='https:\/\/ajedreztabiyaalcoy.es\/club\/wp-content\/uploads\/2009\/10\/IMG_15741.jpg'><img loading=\"lazy\" decoding=\"async\" width=\"150\" height=\"150\" src=\"https:\/\/ajedreztabiyaalcoy.es\/club\/wp-content\/uploads\/2009\/10\/IMG_15741-150x150.jpg\" class=\"attachment-thumbnail size-thumbnail\" alt=\"\" \/><\/a>\n\t\t\t<\/dt><\/dl><br style=\"clear: both\" \/><dl class='gallery-item'>\n\t\t\t<dt class='gallery-icon landscape'>\n\t\t\t\t<a href='https:\/\/ajedreztabiyaalcoy.es\/club\/wp-content\/uploads\/2009\/10\/IMG_15761.jpg'><img loading=\"lazy\" decoding=\"async\" width=\"150\" height=\"150\" src=\"https:\/\/ajedreztabiyaalcoy.es\/club\/wp-content\/uploads\/2009\/10\/IMG_15761-150x150.jpg\" class=\"attachment-thumbnail size-thumbnail\" alt=\"\" \/><\/a>\n\t\t\t<\/dt><\/dl><dl class='gallery-item'>\n\t\t\t<dt class='gallery-icon landscape'>\n\t\t\t\t<a href='https:\/\/ajedreztabiyaalcoy.es\/club\/wp-content\/uploads\/2009\/10\/IMG_15791.jpg'><img loading=\"lazy\" decoding=\"async\" width=\"150\" height=\"150\" src=\"https:\/\/ajedreztabiyaalcoy.es\/club\/wp-content\/uploads\/2009\/10\/IMG_15791-150x150.jpg\" class=\"attachment-thumbnail size-thumbnail\" alt=\"\" \/><\/a>\n\t\t\t<\/dt><\/dl><dl class='gallery-item'>\n\t\t\t<dt class='gallery-icon landscape'>\n\t\t\t\t<a href='https:\/\/ajedreztabiyaalcoy.es\/club\/wp-content\/uploads\/2009\/10\/IMG_15801.jpg'><img loading=\"lazy\" decoding=\"async\" width=\"150\" height=\"150\" src=\"https:\/\/ajedreztabiyaalcoy.es\/club\/wp-content\/uploads\/2009\/10\/IMG_15801-150x150.jpg\" class=\"attachment-thumbnail size-thumbnail\" alt=\"\" \/><\/a>\n\t\t\t<\/dt><\/dl><br style=\"clear: both\" \/><dl class='gallery-item'>\n\t\t\t<dt class='gallery-icon landscape'>\n\t\t\t\t<a href='https:\/\/ajedreztabiyaalcoy.es\/club\/wp-content\/uploads\/2009\/10\/IMG_15821.jpg'><img loading=\"lazy\" decoding=\"async\" width=\"150\" height=\"150\" src=\"https:\/\/ajedreztabiyaalcoy.es\/club\/wp-content\/uploads\/2009\/10\/IMG_15821-150x150.jpg\" class=\"attachment-thumbnail size-thumbnail\" alt=\"\" \/><\/a>\n\t\t\t<\/dt><\/dl>\n\t\t\t<br style='clear: both' \/>\n\t\t<\/div>\n<\/p>\n<p><\/span><\/p>\n","protected":false},"excerpt":{"rendered":"<p>\u00a0 CR\u00d3NICA\u00a0 DEL\u00a0 1er.\u00a0 TORNEO\u00a0 INTERNACIONAL\u00a0 DE\u00a0 AJEDREZ DE\u00a0 COCENTAINA\u00a0 \u201cFIRA\u00a0 DE\u00a0 TOTS\u00a0 SANTS\u201d\u00a0 2009 Por el Director y \u00c1rbitro Principal del torneo Joaqu\u00edn Corb\u00ed Mart\u00ed. El Club de Ajedrez Cocentaina organiz\u00f3 su 1er. Torneo&#8230;<\/p>\n","protected":false},"author":2,"featured_media":0,"comment_status":"open","ping_status":"open","sticky":false,"template":"","format":"standard","meta":{"rop_custom_images_group":[],"rop_custom_messages_group":[],"rop_publish_now":"initial","rop_publish_now_accounts":[],"rop_publish_now_history":[],"rop_publish_now_status":"pending","footnotes":""},"categories":[4],"tags":[],"class_list":["post-420","post","type-post","status-publish","format-standard","hentry","category-torneos"],"wppr_data":[],"_links":{"self":[{"href":"https:\/\/ajedreztabiyaalcoy.es\/club\/wp-json\/wp\/v2\/posts\/420","targetHints":{"allow":["GET"]}}],"collection":[{"href":"https:\/\/ajedreztabiyaalcoy.es\/club\/wp-json\/wp\/v2\/posts"}],"about":[{"href":"https:\/\/ajedreztabiyaalcoy.es\/club\/wp-json\/wp\/v2\/types\/post"}],"author":[{"embeddable":true,"href":"https:\/\/ajedreztabiyaalcoy.es\/club\/wp-json\/wp\/v2\/users\/2"}],"replies":[{"embeddable":true,"href":"https:\/\/ajedreztabiyaalcoy.es\/club\/wp-json\/wp\/v2\/comments?post=420"}],"version-history":[{"count":1,"href":"https:\/\/ajedreztabiyaalcoy.es\/club\/wp-json\/wp\/v2\/posts\/420\/revisions"}],"predecessor-version":[{"id":513,"href":"https:\/\/ajedreztabiyaalcoy.es\/club\/wp-json\/wp\/v2\/posts\/420\/revisions\/513"}],"wp:attachment":[{"href":"https:\/\/ajedreztabiyaalcoy.es\/club\/wp-json\/wp\/v2\/media?parent=420"}],"wp:term":[{"taxonomy":"category","embeddable":true,"href":"https:\/\/ajedreztabiyaalcoy.es\/club\/wp-json\/wp\/v2\/categories?post=420"},{"taxonomy":"post_tag","embeddable":true,"href":"https:\/\/ajedreztabiyaalcoy.es\/club\/wp-json\/wp\/v2\/tags?post=420"}],"curies":[{"name":"wp","href":"https:\/\/api.w.org\/{rel}","templated":true}]}}