{"id":4376,"date":"2021-10-11T21:41:43","date_gmt":"2021-10-11T19:41:43","guid":{"rendered":"https:\/\/ajedreztabiyaalcoy.es\/club\/?p=4376"},"modified":"2021-10-16T15:07:10","modified_gmt":"2021-10-16T13:07:10","slug":"12o-torneo-internacional-de-ajedrez-de-cocentaina-fira-de-tots-sants-2021","status":"publish","type":"post","link":"https:\/\/ajedreztabiyaalcoy.es\/club\/12o-torneo-internacional-de-ajedrez-de-cocentaina-fira-de-tots-sants-2021\/","title":{"rendered":"\u00a1 12\u00ba TORNEO INTERNACIONAL DE AJEDREZ\u00a0DE COCENTAINA\u00a0&#8220;FIRA DE TOTS SANTS&#8221; 2021 !"},"content":{"rendered":"<p style=\"text-align: justify;\">El pr\u00f3ximo Domingo 17 de Octubre por la ma\u00f1ana, el <strong>Club de Ajedrez Cocentaina<\/strong> organizar\u00e1 su <span style=\"color: #800080;\"><strong>12\u00ba Torneo Internacional de Ajedrez \u201cFira de Tots Sants\u201d<\/strong><\/span>, con el fin de darle a la localidad de Cocentaina su prestigio en el panorama ajedrec\u00edstico nacional e internacional. Se realizar\u00e1 en el Hotel Od\u00f3n de Cocentaina.<\/p>\n<p style=\"text-align: justify;\">Despu\u00e9s del \u00e9xito de hace 2 a\u00f1os con la numerosa participaci\u00f3n de 106 participantes, con Maestros, fuertes jugadores, j\u00f3venes y ni\u00f1os, en un Torneo Absoluto y en otro Torneo Infantil, este a\u00f1o debido a la crisis sanitaria que padecemos, s\u00f3lo se realizar\u00e1 igual que el a\u00f1o pasado el <strong>Torneo Cerrado Magistral de Maestros y fuertes jugadores<\/strong>, con 10 participantes. Adem\u00e1s del aliciente de que los jugadores que no son titulados podr\u00e1n medir sus fuerzas con los Maestros, el torneo es <strong>valedero para ELO FIDE BLITZ o Puntuaci\u00f3n Internacional de Ritmo Rel\u00e1mpago<\/strong>, ya que cada jugador jugar\u00e1 a 5 minutos m\u00e1s 3 segundos de incremento por jugada.<\/p>\n<p style=\"text-align: justify;\">Debido al Protocolo Sanitario, no se permite la presencia de p\u00fablico, pero todos los aficionados podr\u00e1n seguir las emocionantes partidas en directo por internet, a partir de las 10\u201930 horas de la ma\u00f1ana del Domingo 17 de Octubre, en la p\u00e1gina\u00a0 chess24 punto com \u00a0\u00a0 <a href=\"https:\/\/chess24.com\/es\">https:\/\/chess24.com\/es<\/a> \u00a0, que es una de las mejores p\u00e1ginas de retransmisi\u00f3n en directo por internet de Espa\u00f1a y del Mundo, y tambi\u00e9n en la p\u00e1gina de DGT (Digital Game Technology) que figura aqu\u00ed.<\/p>\n<p style=\"text-align: justify;\">Est\u00e1 prevista la participaci\u00f3n de jugadores de la Comunidad Valenciana, de la geograf\u00eda nacional e internacional, as\u00ed como Maestros de gran nivel, y tambi\u00e9n por supuesto los jugadores del Club Cocentaina (Organizador). Entre ellos podemos contar con la participaci\u00f3n del Gran Maestro natural de Cuba <strong>Arian Gonz\u00e1lez<\/strong>, y el Maestro Internacional <strong>Antonio Granero<\/strong>, varias veces Campe\u00f3n Auton\u00f3mico Absoluto de la Comunidad Valenciana, y tambi\u00e9n componente del \u00a0actual equipo Campe\u00f3n de Espa\u00f1a por Equipos de Clubes de Divisi\u00f3n de Honor, que es la m\u00e1xima Categor\u00eda Nacional.<\/p>\n<p><div id=\"attachment_4377\" style=\"width: 810px\" class=\"wp-caption alignnone\"><a href=\"https:\/\/d3l56h94xwal1f.cloudfront.net\/wp-content\/uploads\/2021\/10\/11212608\/1-Listado-de-participantes-Cocentaina-2021.png\" target=\"_blank\" rel=\"noopener\"><img loading=\"lazy\" decoding=\"async\" aria-describedby=\"caption-attachment-4377\" class=\"wp-image-4377\" src=\"https:\/\/d3l56h94xwal1f.cloudfront.net\/wp-content\/uploads\/2021\/10\/11212608\/1-Listado-de-participantes-Cocentaina-2021.png\" alt=\"\" width=\"800\" height=\"423\" srcset=\"https:\/\/d3l56h94xwal1f.cloudfront.net\/wp-content\/uploads\/2021\/10\/11212608\/1-Listado-de-participantes-Cocentaina-2021.png 1084w, https:\/\/d3l56h94xwal1f.cloudfront.net\/wp-content\/uploads\/2021\/10\/11212608\/1-Listado-de-participantes-Cocentaina-2021-300x159.png 300w, https:\/\/d3l56h94xwal1f.cloudfront.net\/wp-content\/uploads\/2021\/10\/11212608\/1-Listado-de-participantes-Cocentaina-2021-1024x541.png 1024w, https:\/\/d3l56h94xwal1f.cloudfront.net\/wp-content\/uploads\/2021\/10\/11212608\/1-Listado-de-participantes-Cocentaina-2021-768x406.png 768w, https:\/\/d3l56h94xwal1f.cloudfront.net\/wp-content\/uploads\/2021\/10\/11212608\/1-Listado-de-participantes-Cocentaina-2021-50x26.png 50w\" sizes=\"auto, (max-width: 800px) 100vw, 800px\" \/><\/a><p id=\"caption-attachment-4377\" class=\"wp-caption-text\">Listado de participantes<\/p><\/div> <div id=\"attachment_4378\" style=\"width: 810px\" class=\"wp-caption alignnone\"><a href=\"https:\/\/d3l56h94xwal1f.cloudfront.net\/wp-content\/uploads\/2021\/10\/11212725\/2-Ranking-inicial-por-sorteo-Cocentaina-2021.jpg\" target=\"_blank\" rel=\"noopener\"><img loading=\"lazy\" decoding=\"async\" aria-describedby=\"caption-attachment-4378\" class=\"wp-image-4378\" src=\"https:\/\/d3l56h94xwal1f.cloudfront.net\/wp-content\/uploads\/2021\/10\/11212725\/2-Ranking-inicial-por-sorteo-Cocentaina-2021.jpg\" alt=\"\" width=\"800\" height=\"676\" srcset=\"https:\/\/d3l56h94xwal1f.cloudfront.net\/wp-content\/uploads\/2021\/10\/11212725\/2-Ranking-inicial-por-sorteo-Cocentaina-2021.jpg 1653w, https:\/\/d3l56h94xwal1f.cloudfront.net\/wp-content\/uploads\/2021\/10\/11212725\/2-Ranking-inicial-por-sorteo-Cocentaina-2021-300x253.jpg 300w, https:\/\/d3l56h94xwal1f.cloudfront.net\/wp-content\/uploads\/2021\/10\/11212725\/2-Ranking-inicial-por-sorteo-Cocentaina-2021-1024x865.jpg 1024w, https:\/\/d3l56h94xwal1f.cloudfront.net\/wp-content\/uploads\/2021\/10\/11212725\/2-Ranking-inicial-por-sorteo-Cocentaina-2021-768x649.jpg 768w, https:\/\/d3l56h94xwal1f.cloudfront.net\/wp-content\/uploads\/2021\/10\/11212725\/2-Ranking-inicial-por-sorteo-Cocentaina-2021-1536x1297.jpg 1536w, https:\/\/d3l56h94xwal1f.cloudfront.net\/wp-content\/uploads\/2021\/10\/11212725\/2-Ranking-inicial-por-sorteo-Cocentaina-2021-50x42.jpg 50w\" sizes=\"auto, (max-width: 800px) 100vw, 800px\" \/><\/a><p id=\"caption-attachment-4378\" class=\"wp-caption-text\">Ranking inicial por sorteo<\/p><\/div><\/p>\n<p><span style=\"font-size: 14pt;\"><strong><span style=\"color: #ff0000;\"><a style=\"color: #ff0000;\" href=\"https:\/\/d3l56h94xwal1f.cloudfront.net\/wp-content\/uploads\/2021\/10\/11212959\/3-Emparejamientos-de-todas-las-rondas-Cocentaina-2021.pdf\" target=\"_blank\" rel=\"noopener\">EMPAREJAMIENTOS DE TODAS LAS RONDAS<\/a><\/span><\/strong><\/span><\/p>\n<p><img loading=\"lazy\" decoding=\"async\" class=\"aligncenter\" src=\"https:\/\/ajedreztabiyaalcoy.es\/club\/wp-content\/uploads\/2016\/04\/barra065.gif\" alt=\"barra065\" width=\"575\" height=\"10\" \/><\/p>\n<h3 style=\"text-align: center;\">Enlace en info64 con la informaci\u00f3n completa<\/h3>\n<p><span style=\"color: #800080;\"><strong><span style=\"font-size: 14pt;\"><a style=\"color: #800080;\" href=\"https:\/\/info64.org\/12-torneo-internacional-ajedrez-de-cocentaina-2021\" target=\"_blank\" rel=\"noopener\">https:\/\/info64.org\/12-torneo-internacional-ajedrez-de-cocentaina-2021<\/a><\/span><\/strong><\/span><\/p>\n<h3 style=\"text-align: center;\">Enlace en chess24 para seguir la partidas en directo a partir de las 10&#8217;30 horas<\/h3>\n<p><span style=\"color: #0000ff; font-size: 14pt;\"><strong><a style=\"color: #0000ff;\" href=\"https:\/\/chess24.com\/es\/watch\/live-tournaments\/cocentaina-2021-blitz\/1\/1\/1\" target=\"_blank\" rel=\"noopener\"><span style=\"color: #ff6600;\">https:\/\/chess24.com\/es\/watch\/live-tournaments\/cocentaina-2021-blitz\/1\/1\/1<\/span><\/a><\/strong><\/span><\/p>\n<h3 style=\"text-align: center;\">Enlace en DGT (Digital Game Technology) para seguir la partidas en directo a partir de las 10&#8217;30 horas<\/h3>\n<p><span style=\"font-size: 14pt; color: #008000;\"><strong><a style=\"color: #008000;\" href=\"https:\/\/view.livechesscloud.com\/#800925d7-95e8-4774-bc4e-921b3328a81f\" target=\"_blank\" rel=\"noopener\">https:\/\/view.livechesscloud.com\/#800925d7-95e8-4774-bc4e-921b3328a81f<\/a><\/strong><\/span><\/p>\n<p style=\"text-align: center;\"><strong><span style=\"background-color: #ffff99; font-size: 14pt;\">El fuerte jugador Gin\u00e9s Ra\u00fal Dur\u00e1 comentar\u00e1 las partidas en directo a partir de las 10&#8217;30 horas, en su canal <\/span><\/strong><strong><span style=\"background-color: #ffff99; font-size: 14pt;\">de YouTube\u00a0 \u00a0ChessMagis\u00a0 \u00a0 <span style=\"color: #0000ff;\"><a style=\"background-color: #ffff99; color: #0000ff;\" href=\"https:\/\/www.youtube.com\/channel\/UCgmGlemE8hG8pGo66nUv3Fw\" target=\"_blank\" rel=\"noopener\">https:\/\/www.youtube.com\/channel\/UCgmGlemE8hG8pGo66nUv3Fw<\/a><\/span><\/span><\/strong><\/p>\n<p style=\"text-align: center;\"><span style=\"font-size: 14pt; background-color: #ffff99;\"><strong>Observa, aprende, divi\u00e9rtete, y participa de los comentarios de las partidas con <\/strong><\/span><\/p>\n<p style=\"text-align: center;\"><span style=\"font-size: 14pt; background-color: #ffff99;\"><strong>Gin\u00e9s Ra\u00fal Dur\u00e1 conectando con el siguiente enlace a partir de las 10&#8217;30 horas\u00a0\u00a0<\/strong><\/span><\/p>\n<p style=\"text-align: center;\"><span style=\"font-size: 14pt; background-color: #ffff99;\"><strong>\u00a0 <span style=\"color: #ff0000;\"><a style=\"color: #ff0000; background-color: #ffff99;\" href=\"https:\/\/www.youtube.com\/watch?v=EBmQvs3wUxA\" target=\"_blank\" rel=\"noopener\">https:\/\/www.youtube.com\/watch?v=EBmQvs3wUxA<\/a><\/span><\/strong><\/span><\/p>\n<p><img loading=\"lazy\" decoding=\"async\" class=\"aligncenter\" src=\"https:\/\/ajedreztabiyaalcoy.es\/club\/wp-content\/uploads\/2016\/04\/barra065.gif\" alt=\"barra065\" width=\"575\" height=\"10\" \/><\/p>\n<h3 style=\"text-align: center;\"><em>Cu\u00f1a en Radio Cocentaina La Veu del Comtat<\/em><\/h3>\n<h3>Radio Cocentaina La Veu del Comtat\u00a0 \u00a0 \u00a0 \u00a0 \u00a0 \u00a0<span style=\"font-size: 14pt; color: #ff6600; font-family: arial, helvetica, sans-serif;\"><strong><a style=\"color: #ff6600;\" href=\"https:\/\/www.radiococentaina.com\/\" target=\"_blank\" rel=\"noopener noreferrer\">https:\/\/www.radiococentaina.com<\/a><\/strong><\/span><\/h3>\n<audio class=\"wp-audio-shortcode\" id=\"audio-4376-1\" preload=\"none\" style=\"width: 100%;\" controls=\"controls\"><source type=\"audio\/mpeg\" src=\"https:\/\/d3l56h94xwal1f.cloudfront.net\/wp-content\/uploads\/2021\/10\/15045627\/ESCACS-1-torneig-internacional-17-oct-21.mp3?_=1\" \/><a href=\"https:\/\/d3l56h94xwal1f.cloudfront.net\/wp-content\/uploads\/2021\/10\/15045627\/ESCACS-1-torneig-internacional-17-oct-21.mp3\">https:\/\/d3l56h94xwal1f.cloudfront.net\/wp-content\/uploads\/2021\/10\/15045627\/ESCACS-1-torneig-internacional-17-oct-21.mp3<\/a><\/audio>\n<p>&nbsp;<\/p>\n<p style=\"text-align: center;\"><span style=\"font-size: 14pt; background-color: #00ffff;\"><strong>Excelente publicidad del Torneo por parte de EDAMI <\/strong><\/span><\/p>\n<p style=\"text-align: center;\"><span style=\"font-size: 14pt; background-color: #00ffff;\"><strong>(ESCUELA DE AJEDREZ MIGUEL ILLESCAS)<\/strong><\/span><\/p>\n<div style=\"text-align: center;\"><span style=\"font-size: 14pt;\"><strong><span style=\"font-family: trebuchet ms, sans-serif;\"><span style=\"color: #999999;\"><a href=\"http:\/\/www.ajedrez21.com\/\" target=\"_blank\" rel=\"noopener noreferrer\" data-auth=\"NotApplicable\" data-linkindex=\"15\"><span style=\"color: #ff0000;\">www.ajedrez21.com<\/span><\/a><\/span><\/span><\/strong><\/span><\/div>\n<div style=\"text-align: center;\"><span style=\"font-size: 14pt;\"><strong><a href=\"http:\/\/www.edami.com\/\" target=\"_blank\" rel=\"noopener noreferrer\" data-auth=\"NotApplicable\" data-linkindex=\"16\"><span style=\"color: #008000;\">www.edami.com<\/span><\/a><\/strong><\/span><\/div>\n<div style=\"text-align: center;\"><span style=\"font-size: 14pt;\"><strong><span style=\"font-family: trebuchet ms, sans-serif;\"><span style=\"color: #999999;\"><a href=\"http:\/\/www.peonderey.com\/\" target=\"_blank\" rel=\"noopener noreferrer\" data-auth=\"NotApplicable\" data-linkindex=\"17\"><span style=\"color: #800080;\">www.peonderey.com<\/span><\/a><\/span><\/span><\/strong><\/span><\/div>\n<div>\u00a0<\/div>\n<ul>\n<li><span style=\"font-size: 14pt;\"><strong>P\u00e1gina web Pe\u00f3n de Rey:\u00a0<span style=\"color: #0000ff;\"><a style=\"color: #0000ff;\" href=\"https:\/\/www.peonderey.com\/2021\/10\/14\/12o-torneo-internacional-de-ajedrez-de-cocentaina-fira-de-tots-sants-2021\/\" target=\"_blank\" rel=\"noopener noreferrer\" data-auth=\"NotApplicable\" data-linkindex=\"0\">12\u00ba Torneo Internacional de Ajedrez de Cocentaina &#8220;Fira de Tots Sants&#8221; 2021 &#8211; Pe\u00f3n de Rey (peonderey.com)<\/a><\/span><\/strong><\/span><\/li>\n<li><span style=\"font-size: 14pt;\"><strong>Facebook:\u00a0<span style=\"color: #ff6600;\"><a style=\"color: #ff6600;\" href=\"https:\/\/www.facebook.com\/revistaPDR\/posts\/5123014751048203\" target=\"_blank\" rel=\"noopener noreferrer\" data-auth=\"NotApplicable\" data-linkindex=\"1\">https:\/\/www.facebook.com\/revistaPDR\/posts\/5123014751048203<\/a><\/span><\/strong><\/span><\/li>\n<li><span style=\"font-size: 14pt;\"><strong>Instagram:\u00a0\u00a0<span style=\"color: #800000;\"><a style=\"color: #800000;\" href=\"https:\/\/www.instagram.com\/p\/CVBELASI4ck\/?utm_source=ig_web_copy_link\" target=\"_blank\" rel=\"noopener noreferrer\" data-auth=\"NotApplicable\" data-linkindex=\"2\">https:\/\/www.instagram.com\/p\/CVBELASI4ck\/?utm_source=ig_web_copy_link<\/a><\/span><\/strong><\/span><\/li>\n<li><span style=\"font-size: 14pt;\"><strong>Twitter:\u00a0<span style=\"color: #ff00ff;\"><a style=\"color: #ff00ff;\" href=\"https:\/\/twitter.com\/revistaPDR\/status\/1448695100075221022\" target=\"_blank\" rel=\"noopener noreferrer\" data-auth=\"NotApplicable\" data-linkindex=\"3\">https:\/\/twitter.com\/revistaPDR\/status\/1448695100075221022<\/a><\/span><\/strong><\/span><\/li>\n<\/ul>\n<p><a href=\"https:\/\/d3l56h94xwal1f.cloudfront.net\/wp-content\/uploads\/2021\/10\/11213952\/Cartel-Torneo-Internacional-Cocentaina-2021-C.jpg\" target=\"_blank\" rel=\"noopener\"><img loading=\"lazy\" decoding=\"async\" class=\"alignnone wp-image-4380\" src=\"https:\/\/d3l56h94xwal1f.cloudfront.net\/wp-content\/uploads\/2021\/10\/11213952\/Cartel-Torneo-Internacional-Cocentaina-2021-C.jpg\" alt=\"\" width=\"800\" height=\"1132\" srcset=\"https:\/\/d3l56h94xwal1f.cloudfront.net\/wp-content\/uploads\/2021\/10\/11213952\/Cartel-Torneo-Internacional-Cocentaina-2021-C.jpg 1240w, https:\/\/d3l56h94xwal1f.cloudfront.net\/wp-content\/uploads\/2021\/10\/11213952\/Cartel-Torneo-Internacional-Cocentaina-2021-C-212x300.jpg 212w, https:\/\/d3l56h94xwal1f.cloudfront.net\/wp-content\/uploads\/2021\/10\/11213952\/Cartel-Torneo-Internacional-Cocentaina-2021-C-724x1024.jpg 724w, https:\/\/d3l56h94xwal1f.cloudfront.net\/wp-content\/uploads\/2021\/10\/11213952\/Cartel-Torneo-Internacional-Cocentaina-2021-C-768x1086.jpg 768w, https:\/\/d3l56h94xwal1f.cloudfront.net\/wp-content\/uploads\/2021\/10\/11213952\/Cartel-Torneo-Internacional-Cocentaina-2021-C-1086x1536.jpg 1086w, https:\/\/d3l56h94xwal1f.cloudfront.net\/wp-content\/uploads\/2021\/10\/11213952\/Cartel-Torneo-Internacional-Cocentaina-2021-C-35x50.jpg 35w\" sizes=\"auto, (max-width: 800px) 100vw, 800px\" \/><\/a><\/p>\n<p><a href=\"https:\/\/d3l56h94xwal1f.cloudfront.net\/wp-content\/uploads\/2021\/10\/15064611\/Cartel-Torneo-Internacional-Cocentaina-2021-V.jpg\" target=\"_blank\" rel=\"noopener\"><img loading=\"lazy\" decoding=\"async\" class=\"alignnone wp-image-4417\" src=\"https:\/\/d3l56h94xwal1f.cloudfront.net\/wp-content\/uploads\/2021\/10\/15064611\/Cartel-Torneo-Internacional-Cocentaina-2021-V.jpg\" alt=\"\" width=\"800\" height=\"1132\" srcset=\"https:\/\/d3l56h94xwal1f.cloudfront.net\/wp-content\/uploads\/2021\/10\/15064611\/Cartel-Torneo-Internacional-Cocentaina-2021-V.jpg 1240w, https:\/\/d3l56h94xwal1f.cloudfront.net\/wp-content\/uploads\/2021\/10\/15064611\/Cartel-Torneo-Internacional-Cocentaina-2021-V-212x300.jpg 212w, https:\/\/d3l56h94xwal1f.cloudfront.net\/wp-content\/uploads\/2021\/10\/15064611\/Cartel-Torneo-Internacional-Cocentaina-2021-V-724x1024.jpg 724w, https:\/\/d3l56h94xwal1f.cloudfront.net\/wp-content\/uploads\/2021\/10\/15064611\/Cartel-Torneo-Internacional-Cocentaina-2021-V-768x1086.jpg 768w, https:\/\/d3l56h94xwal1f.cloudfront.net\/wp-content\/uploads\/2021\/10\/15064611\/Cartel-Torneo-Internacional-Cocentaina-2021-V-1086x1536.jpg 1086w, https:\/\/d3l56h94xwal1f.cloudfront.net\/wp-content\/uploads\/2021\/10\/15064611\/Cartel-Torneo-Internacional-Cocentaina-2021-V-35x50.jpg 35w\" sizes=\"auto, (max-width: 800px) 100vw, 800px\" \/><\/a><\/p>\n","protected":false},"excerpt":{"rendered":"<p>El pr\u00f3ximo Domingo 17 de Octubre por la ma\u00f1ana, el Club de Ajedrez Cocentaina organizar\u00e1 su 12\u00ba Torneo Internacional de Ajedrez \u201cFira de Tots Sants\u201d, con el fin de darle a la localidad de Cocentaina&#8230;<\/p>\n","protected":false},"author":2,"featured_media":4383,"comment_status":"open","ping_status":"open","sticky":false,"template":"","format":"standard","meta":{"rop_custom_images_group":[],"rop_custom_messages_group":[],"rop_publish_now":"initial","rop_publish_now_accounts":[],"rop_publish_now_history":[],"rop_publish_now_status":"pending","footnotes":""},"categories":[4],"tags":[],"class_list":["post-4376","post","type-post","status-publish","format-standard","has-post-thumbnail","hentry","category-torneos"],"wppr_data":{"cwp_meta_box_check":"No"},"_links":{"self":[{"href":"https:\/\/ajedreztabiyaalcoy.es\/club\/wp-json\/wp\/v2\/posts\/4376","targetHints":{"allow":["GET"]}}],"collection":[{"href":"https:\/\/ajedreztabiyaalcoy.es\/club\/wp-json\/wp\/v2\/posts"}],"about":[{"href":"https:\/\/ajedreztabiyaalcoy.es\/club\/wp-json\/wp\/v2\/types\/post"}],"author":[{"embeddable":true,"href":"https:\/\/ajedreztabiyaalcoy.es\/club\/wp-json\/wp\/v2\/users\/2"}],"replies":[{"embeddable":true,"href":"https:\/\/ajedreztabiyaalcoy.es\/club\/wp-json\/wp\/v2\/comments?post=4376"}],"version-history":[{"count":18,"href":"https:\/\/ajedreztabiyaalcoy.es\/club\/wp-json\/wp\/v2\/posts\/4376\/revisions"}],"predecessor-version":[{"id":4425,"href":"https:\/\/ajedreztabiyaalcoy.es\/club\/wp-json\/wp\/v2\/posts\/4376\/revisions\/4425"}],"wp:featuredmedia":[{"embeddable":true,"href":"https:\/\/ajedreztabiyaalcoy.es\/club\/wp-json\/wp\/v2\/media\/4383"}],"wp:attachment":[{"href":"https:\/\/ajedreztabiyaalcoy.es\/club\/wp-json\/wp\/v2\/media?parent=4376"}],"wp:term":[{"taxonomy":"category","embeddable":true,"href":"https:\/\/ajedreztabiyaalcoy.es\/club\/wp-json\/wp\/v2\/categories?post=4376"},{"taxonomy":"post_tag","embeddable":true,"href":"https:\/\/ajedreztabiyaalcoy.es\/club\/wp-json\/wp\/v2\/tags?post=4376"}],"curies":[{"name":"wp","href":"https:\/\/api.w.org\/{rel}","templated":true}]}}