{"id":4594,"date":"2022-02-25T04:06:59","date_gmt":"2022-02-25T03:06:59","guid":{"rendered":"https:\/\/ajedreztabiyaalcoy.es\/club\/?p=4594"},"modified":"2022-02-25T04:51:48","modified_gmt":"2022-02-25T03:51:48","slug":"alex-magan-del-club-de-ajedrez-tabiya-alcoy-brillante-campeon-provincial-de-alicante-sub-8","status":"publish","type":"post","link":"https:\/\/ajedreztabiyaalcoy.es\/club\/alex-magan-del-club-de-ajedrez-tabiya-alcoy-brillante-campeon-provincial-de-alicante-sub-8\/","title":{"rendered":"\u00a1\u00a1\u00a1  ALEX  MAG\u00c1N  DEL  CLUB  DE  AJEDREZ  TABIYA  ALCOY  BRILLANTE  CAMPE\u00d3N  PROVINCIAL  DE  ALICANTE  SUB  8  !!!"},"content":{"rendered":"<p><span style=\"font-size: 14pt; background-color: #ffff99;\"><strong><u>CAMPEONATOS\u00a0 PROVINCIALES\u00a0 <\/u><\/strong><strong><u>DE\u00a0 AJEDREZ\u00a0 DE\u00a0 ALICANTE\u00a0 <\/u><\/strong><strong><u>SUBS\u00a0 8\u00a0 &#8211;\u00a0 10\u00a0 &#8211;\u00a0 12\u00a0 &#8211;\u00a0 18<\/u><\/strong><\/span><\/p>\n<p><span style=\"background-color: #00ffff; font-size: 14pt;\"><strong>\u00a1\u00a1\u00a1 ALEX MAG\u00c1N DEL CLUB DE AJEDREZ TABIYA ALCOY BRILLANTE CAMPE\u00d3N PROVINCIAL SUB 8 !!!<\/strong><\/span><\/p>\n<div id=\"attachment_4595\" style=\"width: 741px\" class=\"wp-caption alignnone\"><a href=\"https:\/\/d3l56h94xwal1f.cloudfront.net\/wp-content\/uploads\/2022\/02\/25032728\/Alex-Magan-Campeon-Provincial-de-Alicante-Sub-8.jpg\" target=\"_blank\" rel=\"noopener\"><img loading=\"lazy\" decoding=\"async\" aria-describedby=\"caption-attachment-4595\" class=\"wp-image-4595\" src=\"https:\/\/d3l56h94xwal1f.cloudfront.net\/wp-content\/uploads\/2022\/02\/25032728\/Alex-Magan-Campeon-Provincial-de-Alicante-Sub-8.jpg\" alt=\"\" width=\"731\" height=\"2465\" srcset=\"https:\/\/d3l56h94xwal1f.cloudfront.net\/wp-content\/uploads\/2022\/02\/25032728\/Alex-Magan-Campeon-Provincial-de-Alicante-Sub-8.jpg 731w, https:\/\/d3l56h94xwal1f.cloudfront.net\/wp-content\/uploads\/2022\/02\/25032728\/Alex-Magan-Campeon-Provincial-de-Alicante-Sub-8-89x300.jpg 89w, https:\/\/d3l56h94xwal1f.cloudfront.net\/wp-content\/uploads\/2022\/02\/25032728\/Alex-Magan-Campeon-Provincial-de-Alicante-Sub-8-304x1024.jpg 304w, https:\/\/d3l56h94xwal1f.cloudfront.net\/wp-content\/uploads\/2022\/02\/25032728\/Alex-Magan-Campeon-Provincial-de-Alicante-Sub-8-607x2048.jpg 607w, https:\/\/d3l56h94xwal1f.cloudfront.net\/wp-content\/uploads\/2022\/02\/25032728\/Alex-Magan-Campeon-Provincial-de-Alicante-Sub-8-15x50.jpg 15w\" sizes=\"auto, (max-width: 731px) 100vw, 731px\" \/><\/a><p id=\"caption-attachment-4595\" class=\"wp-caption-text\">Alex Mag\u00e1n del Club de Ajedrez Tabiya Alcoy Campe\u00f3n Provincial de Alicante Sub 8<\/p><\/div>\n<p style=\"text-align: justify;\">Organizado por el Club de Ajedrez Dama Negra y la Federaci\u00f3n de Ajedrez de la Comunidad Valenciana, se han celebrado recientemente en la localidad de San Vicente del Raspeig, los <strong>Campeonatos Provinciales de Ajedrez de Alicante<\/strong> en sus diferentes <strong>Categor\u00edas Subs 8 \u2013 10 \u2013 12 \u2013 18<\/strong>, con el objeto de promocionar el ajedrez de base de nuestra provincia.<\/p>\n<p style=\"text-align: justify;\">La competici\u00f3n se jug\u00f3, al mejor de 7 rondas en sesi\u00f3n de ma\u00f1ana, con un ritmo de juego de 7 minutos + 3 segundo de incremento por jugador. Participaron 84 jugadores, provenientes de Clubs de toda la provincia y algunos de la provincia de Valencia.<\/p>\n<p style=\"text-align: justify;\"><strong>Participaron del Club de Ajedrez Tabiya Alcoy 7 jugadores y del Club de Ajedrez Cocentaina 4 jugadores<\/strong> que tuvieron una aceptable actuaci\u00f3n unos, y una excelente actuaci\u00f3n otros, en un evento de fuerte nivel, cada uno en su categor\u00eda.<\/p>\n<p><a href=\"https:\/\/d3l56h94xwal1f.cloudfront.net\/wp-content\/uploads\/2022\/02\/25034333\/Vista-general-1.jpg\" target=\"_blank\" rel=\"noopener\"><img loading=\"lazy\" decoding=\"async\" class=\"alignnone wp-image-4596\" src=\"https:\/\/d3l56h94xwal1f.cloudfront.net\/wp-content\/uploads\/2022\/02\/25034333\/Vista-general-1.jpg\" alt=\"\" width=\"800\" height=\"476\" srcset=\"https:\/\/d3l56h94xwal1f.cloudfront.net\/wp-content\/uploads\/2022\/02\/25034333\/Vista-general-1.jpg 1380w, https:\/\/d3l56h94xwal1f.cloudfront.net\/wp-content\/uploads\/2022\/02\/25034333\/Vista-general-1-300x178.jpg 300w, https:\/\/d3l56h94xwal1f.cloudfront.net\/wp-content\/uploads\/2022\/02\/25034333\/Vista-general-1-1024x609.jpg 1024w, https:\/\/d3l56h94xwal1f.cloudfront.net\/wp-content\/uploads\/2022\/02\/25034333\/Vista-general-1-768x457.jpg 768w, https:\/\/d3l56h94xwal1f.cloudfront.net\/wp-content\/uploads\/2022\/02\/25034333\/Vista-general-1-50x30.jpg 50w\" sizes=\"auto, (max-width: 800px) 100vw, 800px\" \/><\/a><\/p>\n<p><a href=\"https:\/\/d3l56h94xwal1f.cloudfront.net\/wp-content\/uploads\/2022\/02\/25034423\/Vista-general-2.jpg\" target=\"_blank\" rel=\"noopener\"><img loading=\"lazy\" decoding=\"async\" class=\"alignnone wp-image-4597\" src=\"https:\/\/d3l56h94xwal1f.cloudfront.net\/wp-content\/uploads\/2022\/02\/25034423\/Vista-general-2.jpg\" alt=\"\" width=\"800\" height=\"579\" srcset=\"https:\/\/d3l56h94xwal1f.cloudfront.net\/wp-content\/uploads\/2022\/02\/25034423\/Vista-general-2.jpg 1268w, https:\/\/d3l56h94xwal1f.cloudfront.net\/wp-content\/uploads\/2022\/02\/25034423\/Vista-general-2-300x217.jpg 300w, https:\/\/d3l56h94xwal1f.cloudfront.net\/wp-content\/uploads\/2022\/02\/25034423\/Vista-general-2-1024x741.jpg 1024w, https:\/\/d3l56h94xwal1f.cloudfront.net\/wp-content\/uploads\/2022\/02\/25034423\/Vista-general-2-768x556.jpg 768w, https:\/\/d3l56h94xwal1f.cloudfront.net\/wp-content\/uploads\/2022\/02\/25034423\/Vista-general-2-50x36.jpg 50w\" sizes=\"auto, (max-width: 800px) 100vw, 800px\" \/><\/a><\/p>\n<p><div id=\"attachment_4598\" style=\"width: 810px\" class=\"wp-caption alignnone\"><a href=\"https:\/\/d3l56h94xwal1f.cloudfront.net\/wp-content\/uploads\/2022\/02\/25034509\/Los-jugadores-del-Club-Tabiya-Alcoy.jpg\" target=\"_blank\" rel=\"noopener\"><img loading=\"lazy\" decoding=\"async\" aria-describedby=\"caption-attachment-4598\" class=\"wp-image-4598\" src=\"https:\/\/d3l56h94xwal1f.cloudfront.net\/wp-content\/uploads\/2022\/02\/25034509\/Los-jugadores-del-Club-Tabiya-Alcoy.jpg\" alt=\"\" width=\"800\" height=\"486\" srcset=\"https:\/\/d3l56h94xwal1f.cloudfront.net\/wp-content\/uploads\/2022\/02\/25034509\/Los-jugadores-del-Club-Tabiya-Alcoy.jpg 1422w, https:\/\/d3l56h94xwal1f.cloudfront.net\/wp-content\/uploads\/2022\/02\/25034509\/Los-jugadores-del-Club-Tabiya-Alcoy-300x182.jpg 300w, https:\/\/d3l56h94xwal1f.cloudfront.net\/wp-content\/uploads\/2022\/02\/25034509\/Los-jugadores-del-Club-Tabiya-Alcoy-1024x622.jpg 1024w, https:\/\/d3l56h94xwal1f.cloudfront.net\/wp-content\/uploads\/2022\/02\/25034509\/Los-jugadores-del-Club-Tabiya-Alcoy-768x467.jpg 768w, https:\/\/d3l56h94xwal1f.cloudfront.net\/wp-content\/uploads\/2022\/02\/25034509\/Los-jugadores-del-Club-Tabiya-Alcoy-50x30.jpg 50w\" sizes=\"auto, (max-width: 800px) 100vw, 800px\" \/><\/a><p id=\"caption-attachment-4598\" class=\"wp-caption-text\">Los jugadores del Club de Ajedrez Tabiya Alcoy en los Campeonatos Provinciales de Alicante Subs<\/p><\/div> <div id=\"attachment_4599\" style=\"width: 810px\" class=\"wp-caption alignnone\"><a href=\"https:\/\/d3l56h94xwal1f.cloudfront.net\/wp-content\/uploads\/2022\/02\/25034728\/Los-jugadores-del-Club-Cocentaina.jpg\" target=\"_blank\" rel=\"noopener\"><img loading=\"lazy\" decoding=\"async\" aria-describedby=\"caption-attachment-4599\" class=\"wp-image-4599\" src=\"https:\/\/d3l56h94xwal1f.cloudfront.net\/wp-content\/uploads\/2022\/02\/25034728\/Los-jugadores-del-Club-Cocentaina.jpg\" alt=\"\" width=\"800\" height=\"417\" srcset=\"https:\/\/d3l56h94xwal1f.cloudfront.net\/wp-content\/uploads\/2022\/02\/25034728\/Los-jugadores-del-Club-Cocentaina.jpg 1477w, https:\/\/d3l56h94xwal1f.cloudfront.net\/wp-content\/uploads\/2022\/02\/25034728\/Los-jugadores-del-Club-Cocentaina-300x156.jpg 300w, https:\/\/d3l56h94xwal1f.cloudfront.net\/wp-content\/uploads\/2022\/02\/25034728\/Los-jugadores-del-Club-Cocentaina-1024x534.jpg 1024w, https:\/\/d3l56h94xwal1f.cloudfront.net\/wp-content\/uploads\/2022\/02\/25034728\/Los-jugadores-del-Club-Cocentaina-768x400.jpg 768w, https:\/\/d3l56h94xwal1f.cloudfront.net\/wp-content\/uploads\/2022\/02\/25034728\/Los-jugadores-del-Club-Cocentaina-50x26.jpg 50w\" sizes=\"auto, (max-width: 800px) 100vw, 800px\" \/><\/a><p id=\"caption-attachment-4599\" class=\"wp-caption-text\">Los jugadores del Club de Ajedrez Cocentaina en los Campeonatos Provinciales de Alicante Subs<\/p><\/div><\/p>\n<p style=\"text-align: justify;\"><strong>Las Clasificaciones Finales<\/strong> que obtuvieron fueron,<\/p>\n<p style=\"text-align: justify;\"><strong><span style=\"color: #ff0000;\"><em><u>En Sub 8 ( 15 \u00a0participantes )<\/u><\/em>\u00a0<\/span><\/strong>\u00a0\u00a0\u00a0\u00a0\u00a0\u00a0\u00a0\u00a0 \u00a0\u00a0\u00a0\u00a0\u00a0\u00a0\u00a0\u00a0<\/p>\n<ul style=\"text-align: justify;\">\n<li><strong>Campe\u00f3n Alex Mag\u00e1n<\/strong> (Tabiya Alcoy)\u00a0\u00a0\u00a0\u00a0\u00a0\u00a0 7\u00a0 \u00a0\u00a0\u00a0\u00a0\u00a0 puntos de 7<\/li>\n<li><strong>4\u00ba Manuel Delgado<\/strong> (Tabiya Alcoy)\u00a0 \u00a0 \u00a0 \u00a0 \u00a0 \u00a0 5\u00a0\u00a0\u00a0\u00a0\u00a0\u00a0\u00a0\u00a0\u00a0\u00a0\u00a0\u00a0\u00a0\u00a0\u00a0\u00a0 \u201c<\/li>\n<li><strong>11\u00ba Marc Verdejo<\/strong> (Tabiya Alcoy)\u00a0 \u00a0 \u00a0 \u00a0 \u00a0 \u00a0 \u00a0 \u00a0 3\u00a0\u00a0\u00a0\u00a0\u00a0\u00a0\u00a0\u00a0\u00a0\u00a0\u00a0\u00a0\u00a0\u00a0\u00a0\u00a0 \u201c<\/li>\n<\/ul>\n<p style=\"text-align: justify;\">Gran actuaci\u00f3n de <strong>Alex<\/strong>, que derrot\u00f3 a todos sus rivales de manera contundente, demostrando un gran nivel con tan s\u00f3lo 7 a\u00f1os. Mencionar que <strong>Alex Mag\u00e1n<\/strong> cursa estudios en el <strong>Colegio P\u00fablico Miguel Hern\u00e1ndez de Alcoy<\/strong>. Excelente actuaci\u00f3n de <strong>Manuel<\/strong>, que siempre estuvo jugando en las primeras mesas con los mejores, quedando empatado a puntos con el segundo y tercer clasificados, aunque tuvo peor desempate. Para ser su primer a\u00f1o en una competici\u00f3n federada, puede considerarse de mucho m\u00e9rito. <strong>Manuel Delgado<\/strong> estudia en el <strong>Colegio La Salle de Alcoy<\/strong>.\u00a0 Y buena actuaci\u00f3n de <strong>Marc<\/strong> de 6 a\u00f1os siendo su primer a\u00f1o en Sub 8, y tambi\u00e9n su primera competici\u00f3n federada.<\/p>\n<p><span style=\"color: #000000;\"><strong>ENLACE\u00a0 EN\u00a0 INFO64\u00a0 CON\u00a0 TODOS\u00a0 LOS\u00a0 DATOS\u00a0 Y\u00a0 LA\u00a0 CLASIFICACI\u00d3N\u00a0 FINAL\u00a0 SUB\u00a0 8<\/strong><\/span><\/p>\n<p><span style=\"color: #0000ff;\"><strong><a style=\"color: #0000ff;\" href=\"https:\/\/info64.org\/campeonato-provincial-alicante-sub-08-1\/standings\" target=\"_blank\" rel=\"noopener\">https:\/\/info64.org\/campeonato-provincial-alicante-sub-08-1\/standings<\/a><\/strong><\/span><\/p>\n<p><div id=\"attachment_4601\" style=\"width: 810px\" class=\"wp-caption alignnone\"><a href=\"https:\/\/d3l56h94xwal1f.cloudfront.net\/wp-content\/uploads\/2022\/02\/25034924\/Alex-Magan.jpg\" target=\"_blank\" rel=\"noopener\"><img loading=\"lazy\" decoding=\"async\" aria-describedby=\"caption-attachment-4601\" class=\"wp-image-4601\" src=\"https:\/\/d3l56h94xwal1f.cloudfront.net\/wp-content\/uploads\/2022\/02\/25034924\/Alex-Magan.jpg\" alt=\"\" width=\"800\" height=\"662\" srcset=\"https:\/\/d3l56h94xwal1f.cloudfront.net\/wp-content\/uploads\/2022\/02\/25034924\/Alex-Magan.jpg 1151w, https:\/\/d3l56h94xwal1f.cloudfront.net\/wp-content\/uploads\/2022\/02\/25034924\/Alex-Magan-300x248.jpg 300w, https:\/\/d3l56h94xwal1f.cloudfront.net\/wp-content\/uploads\/2022\/02\/25034924\/Alex-Magan-1024x847.jpg 1024w, https:\/\/d3l56h94xwal1f.cloudfront.net\/wp-content\/uploads\/2022\/02\/25034924\/Alex-Magan-768x635.jpg 768w, https:\/\/d3l56h94xwal1f.cloudfront.net\/wp-content\/uploads\/2022\/02\/25034924\/Alex-Magan-50x41.jpg 50w\" sizes=\"auto, (max-width: 800px) 100vw, 800px\" \/><\/a><p id=\"caption-attachment-4601\" class=\"wp-caption-text\">Alex Mag\u00e1n<\/p><\/div> <div id=\"attachment_4602\" style=\"width: 810px\" class=\"wp-caption alignnone\"><a href=\"https:\/\/d3l56h94xwal1f.cloudfront.net\/wp-content\/uploads\/2022\/02\/25035018\/Manuel-Delgado.jpg\" target=\"_blank\" rel=\"noopener\"><img loading=\"lazy\" decoding=\"async\" aria-describedby=\"caption-attachment-4602\" class=\"wp-image-4602\" src=\"https:\/\/d3l56h94xwal1f.cloudfront.net\/wp-content\/uploads\/2022\/02\/25035018\/Manuel-Delgado.jpg\" alt=\"\" width=\"800\" height=\"1058\" srcset=\"https:\/\/d3l56h94xwal1f.cloudfront.net\/wp-content\/uploads\/2022\/02\/25035018\/Manuel-Delgado.jpg 912w, https:\/\/d3l56h94xwal1f.cloudfront.net\/wp-content\/uploads\/2022\/02\/25035018\/Manuel-Delgado-227x300.jpg 227w, https:\/\/d3l56h94xwal1f.cloudfront.net\/wp-content\/uploads\/2022\/02\/25035018\/Manuel-Delgado-774x1024.jpg 774w, https:\/\/d3l56h94xwal1f.cloudfront.net\/wp-content\/uploads\/2022\/02\/25035018\/Manuel-Delgado-768x1016.jpg 768w, https:\/\/d3l56h94xwal1f.cloudfront.net\/wp-content\/uploads\/2022\/02\/25035018\/Manuel-Delgado-38x50.jpg 38w\" sizes=\"auto, (max-width: 800px) 100vw, 800px\" \/><\/a><p id=\"caption-attachment-4602\" class=\"wp-caption-text\">Manuel Delgado<\/p><\/div> <div id=\"attachment_4603\" style=\"width: 810px\" class=\"wp-caption alignnone\"><a href=\"https:\/\/d3l56h94xwal1f.cloudfront.net\/wp-content\/uploads\/2022\/02\/25035112\/Marc-Verdejo.jpg\" target=\"_blank\" rel=\"noopener\"><img loading=\"lazy\" decoding=\"async\" aria-describedby=\"caption-attachment-4603\" class=\"wp-image-4603\" src=\"https:\/\/d3l56h94xwal1f.cloudfront.net\/wp-content\/uploads\/2022\/02\/25035112\/Marc-Verdejo.jpg\" alt=\"\" width=\"800\" height=\"786\" srcset=\"https:\/\/d3l56h94xwal1f.cloudfront.net\/wp-content\/uploads\/2022\/02\/25035112\/Marc-Verdejo.jpg 1055w, https:\/\/d3l56h94xwal1f.cloudfront.net\/wp-content\/uploads\/2022\/02\/25035112\/Marc-Verdejo-300x295.jpg 300w, https:\/\/d3l56h94xwal1f.cloudfront.net\/wp-content\/uploads\/2022\/02\/25035112\/Marc-Verdejo-1024x1007.jpg 1024w, https:\/\/d3l56h94xwal1f.cloudfront.net\/wp-content\/uploads\/2022\/02\/25035112\/Marc-Verdejo-768x755.jpg 768w, https:\/\/d3l56h94xwal1f.cloudfront.net\/wp-content\/uploads\/2022\/02\/25035112\/Marc-Verdejo-50x50.jpg 50w\" sizes=\"auto, (max-width: 800px) 100vw, 800px\" \/><\/a><p id=\"caption-attachment-4603\" class=\"wp-caption-text\">Marc Verdejo<\/p><\/div> <div id=\"attachment_4604\" style=\"width: 810px\" class=\"wp-caption alignnone\"><a href=\"https:\/\/d3l56h94xwal1f.cloudfront.net\/wp-content\/uploads\/2022\/02\/25035204\/Alex-Magan-izq-y-Manuel-Delgado-dcha.jpg\" target=\"_blank\" rel=\"noopener\"><img loading=\"lazy\" decoding=\"async\" aria-describedby=\"caption-attachment-4604\" class=\"wp-image-4604\" src=\"https:\/\/d3l56h94xwal1f.cloudfront.net\/wp-content\/uploads\/2022\/02\/25035204\/Alex-Magan-izq-y-Manuel-Delgado-dcha.jpg\" alt=\"\" width=\"800\" height=\"503\" srcset=\"https:\/\/d3l56h94xwal1f.cloudfront.net\/wp-content\/uploads\/2022\/02\/25035204\/Alex-Magan-izq-y-Manuel-Delgado-dcha.jpg 1320w, https:\/\/d3l56h94xwal1f.cloudfront.net\/wp-content\/uploads\/2022\/02\/25035204\/Alex-Magan-izq-y-Manuel-Delgado-dcha-300x189.jpg 300w, https:\/\/d3l56h94xwal1f.cloudfront.net\/wp-content\/uploads\/2022\/02\/25035204\/Alex-Magan-izq-y-Manuel-Delgado-dcha-1024x644.jpg 1024w, https:\/\/d3l56h94xwal1f.cloudfront.net\/wp-content\/uploads\/2022\/02\/25035204\/Alex-Magan-izq-y-Manuel-Delgado-dcha-768x483.jpg 768w, https:\/\/d3l56h94xwal1f.cloudfront.net\/wp-content\/uploads\/2022\/02\/25035204\/Alex-Magan-izq-y-Manuel-Delgado-dcha-50x31.jpg 50w\" sizes=\"auto, (max-width: 800px) 100vw, 800px\" \/><\/a><p id=\"caption-attachment-4604\" class=\"wp-caption-text\">Alex Mag\u00e1n (izq) y Manuel Delgado (dcha)<\/p><\/div><\/p>\n<p style=\"text-align: justify;\"><strong><span style=\"color: #ff0000;\"><em><u>En Sub 10 ( 17 \u00a0participantes )<\/u><\/em><\/span><\/strong><\/p>\n<ul style=\"text-align: justify;\">\n<li><strong>14\u00ba Roger Jover<\/strong> (Cocentaina)\u00a0\u00a0\u00a0\u00a0\u00a0\u00a0\u00a0 \u00a0\u00a0\u00a0\u00a0\u00a0\u00a0\u00a0\u00a0\u00a0 2\u20195\u00a0 \u00a0 puntos de 7<\/li>\n<li><strong>16\u00ba Izan Ar\u00e1nega<\/strong> (Cocentaina)\u00a0\u00a0\u00a0\u00a0\u00a0\u00a0\u00a0\u00a0\u00a0\u00a0\u00a0\u00a0\u00a0\u00a0\u00a0 0\u00a0 \u00a0\u00a0\u00a0\u00a0\u00a0 \u00a0\u00a0\u00a0\u00a0\u00a0\u00a0\u00a0\u00a0 \u201c<\/li>\n<\/ul>\n<p style=\"text-align: justify;\"><strong>Izan<\/strong> y <strong>Roger<\/strong> pudieron mejorar en la clasificaci\u00f3n, de jugar m\u00e1s precisos en algunas partidas, y pagaron su falta de experiencia al ser su primera participaci\u00f3n en esta Categor\u00eda.<\/p>\n<p><span style=\"color: #000000;\"><strong>ENLACE\u00a0 EN\u00a0 INFO64\u00a0 CON\u00a0 TODOS\u00a0 LOS\u00a0 DATOS\u00a0 Y\u00a0 LA\u00a0 CLASIFICACI\u00d3N\u00a0 FINAL\u00a0 SUB\u00a0 10<\/strong><\/span><\/p>\n<p><span style=\"color: #0000ff;\"><strong><a style=\"color: #0000ff;\" href=\"https:\/\/info64.org\/campeonato-provincial-alicante-sub-10-1\/standings\" target=\"_blank\" rel=\"noopener\">https:\/\/info64.org\/campeonato-provincial-alicante-sub-10-1\/standings<\/a><\/strong><\/span><\/p>\n<p><div id=\"attachment_4605\" style=\"width: 810px\" class=\"wp-caption alignnone\"><a href=\"https:\/\/d3l56h94xwal1f.cloudfront.net\/wp-content\/uploads\/2022\/02\/25035319\/Roger-Jover.jpg\" target=\"_blank\" rel=\"noopener\"><img loading=\"lazy\" decoding=\"async\" aria-describedby=\"caption-attachment-4605\" class=\"wp-image-4605\" src=\"https:\/\/d3l56h94xwal1f.cloudfront.net\/wp-content\/uploads\/2022\/02\/25035319\/Roger-Jover.jpg\" alt=\"\" width=\"800\" height=\"943\" srcset=\"https:\/\/d3l56h94xwal1f.cloudfront.net\/wp-content\/uploads\/2022\/02\/25035319\/Roger-Jover.jpg 1061w, https:\/\/d3l56h94xwal1f.cloudfront.net\/wp-content\/uploads\/2022\/02\/25035319\/Roger-Jover-254x300.jpg 254w, https:\/\/d3l56h94xwal1f.cloudfront.net\/wp-content\/uploads\/2022\/02\/25035319\/Roger-Jover-868x1024.jpg 868w, https:\/\/d3l56h94xwal1f.cloudfront.net\/wp-content\/uploads\/2022\/02\/25035319\/Roger-Jover-768x906.jpg 768w, https:\/\/d3l56h94xwal1f.cloudfront.net\/wp-content\/uploads\/2022\/02\/25035319\/Roger-Jover-42x50.jpg 42w\" sizes=\"auto, (max-width: 800px) 100vw, 800px\" \/><\/a><p id=\"caption-attachment-4605\" class=\"wp-caption-text\">Roger Jover<\/p><\/div> <div id=\"attachment_4606\" style=\"width: 810px\" class=\"wp-caption alignnone\"><a href=\"https:\/\/d3l56h94xwal1f.cloudfront.net\/wp-content\/uploads\/2022\/02\/25035503\/Izan-Arenaga.jpg\" target=\"_blank\" rel=\"noopener\"><img loading=\"lazy\" decoding=\"async\" aria-describedby=\"caption-attachment-4606\" class=\"wp-image-4606\" src=\"https:\/\/d3l56h94xwal1f.cloudfront.net\/wp-content\/uploads\/2022\/02\/25035503\/Izan-Arenaga.jpg\" alt=\"\" width=\"800\" height=\"550\" srcset=\"https:\/\/d3l56h94xwal1f.cloudfront.net\/wp-content\/uploads\/2022\/02\/25035503\/Izan-Arenaga.jpg 1288w, https:\/\/d3l56h94xwal1f.cloudfront.net\/wp-content\/uploads\/2022\/02\/25035503\/Izan-Arenaga-300x206.jpg 300w, https:\/\/d3l56h94xwal1f.cloudfront.net\/wp-content\/uploads\/2022\/02\/25035503\/Izan-Arenaga-1024x704.jpg 1024w, https:\/\/d3l56h94xwal1f.cloudfront.net\/wp-content\/uploads\/2022\/02\/25035503\/Izan-Arenaga-768x528.jpg 768w, https:\/\/d3l56h94xwal1f.cloudfront.net\/wp-content\/uploads\/2022\/02\/25035503\/Izan-Arenaga-50x34.jpg 50w\" sizes=\"auto, (max-width: 800px) 100vw, 800px\" \/><\/a><p id=\"caption-attachment-4606\" class=\"wp-caption-text\">Izan Ar\u00e1nega<\/p><\/div><\/p>\n<p style=\"text-align: justify;\"><span style=\"color: #ff0000;\"><strong><em><u>En Sub 12 ( 23 \u00a0participantes )<\/u><\/em><\/strong><\/span><\/p>\n<ul style=\"text-align: justify;\">\n<li><strong>5\u00ba \u00a0\u00a0\u00a0\u00cd\u00f1igo Donoso<\/strong> (Tabiya Alcoy)\u00a0 \u00a0 \u00a0 \u00a0 \u00a0 \u00a0 \u00a0 \u00a04 \u00a0\u00a0\u00a0\u00a0\u00a0\u00a0 puntos de 7<\/li>\n<li><strong>11\u00ba Iv\u00e1n Alonso<\/strong> (Cocentaina)\u00a0 \u00a0 \u00a0 \u00a0 \u00a0 \u00a0 \u00a0 \u00a0 \u00a0 \u00a0 \u00a04\u00a0\u00a0\u00a0\u00a0\u00a0\u00a0\u00a0\u00a0\u00a0\u00a0\u00a0\u00a0\u00a0\u00a0\u00a0\u00a0 \u201c<\/li>\n<li><strong>16\u00ba Marc Peidro<\/strong> (Tabiya Alcoy)\u00a0 \u00a0 \u00a0 \u00a0 \u00a0 \u00a0 \u00a0 \u00a0 \u00a0 3\u00a0\u00a0\u00a0\u00a0\u00a0\u00a0\u00a0\u00a0\u00a0\u00a0\u00a0\u00a0\u00a0\u00a0\u00a0\u00a0 \u201c<\/li>\n<li><strong>20\u00ba Rom\u00e1n Moratal<\/strong> (Tabiya Alcoy)\u00a0 \u00a0 \u00a0 \u00a0 \u00a0 \u00a03\u00a0\u00a0\u00a0\u00a0\u00a0\u00a0\u00a0\u00a0\u00a0\u00a0\u00a0\u00a0\u00a0\u00a0\u00a0\u00a0 \u201c<\/li>\n<li><strong>22\u00ba David L\u00f3pez<\/strong> (Cocentaina)\u00a0 \u00a0 \u00a0 \u00a0 \u00a0 \u00a0 \u00a0 \u00a0 \u00a0 \u00a0 2\u00a0\u00a0\u00a0\u00a0\u00a0\u00a0\u00a0\u00a0\u00a0\u00a0\u00a0\u00a0\u00a0\u00a0\u00a0\u00a0 \u201c<\/li>\n<\/ul>\n<p style=\"text-align: justify;\"><strong>\u00cd\u00f1igo<\/strong> estuvo jugando contra los m\u00e1s fuertes, y perdi\u00f3 dos partidas importantes para quedar en las primeras posiciones. <strong>Iv\u00e1n<\/strong> tuvo una buena actuaci\u00f3n, mejorando con respecto al a\u00f1o anterior. Mientras que <strong>Marc<\/strong>, <strong>Rom\u00e1n<\/strong> y <strong>David<\/strong> tuvieron una aceptable actuaci\u00f3n, que pudieron mejorar si hubieran sido m\u00e1s precisos en algunas partidas.<\/p>\n<p><strong>ENLACE\u00a0 EN\u00a0 INFO64\u00a0 CON\u00a0 TODOS\u00a0 LOS\u00a0 DATOS\u00a0 Y\u00a0 LA\u00a0 CLASIFICACI\u00d3N\u00a0 FINAL\u00a0 SUB\u00a0 12<\/strong><\/p>\n<p><span style=\"color: #0000ff;\"><strong><a style=\"color: #0000ff;\" href=\"https:\/\/info64.org\/campeonato-provincial-alicante-sub-12-1\/standings\" target=\"_blank\" rel=\"noopener\">https:\/\/info64.org\/campeonato-provincial-alicante-sub-12-1\/standings<\/a><\/strong><\/span><\/p>\n<p><div id=\"attachment_4607\" style=\"width: 810px\" class=\"wp-caption alignnone\"><a href=\"https:\/\/d3l56h94xwal1f.cloudfront.net\/wp-content\/uploads\/2022\/02\/25035632\/Inigo-Donoso.jpg\" target=\"_blank\" rel=\"noopener\"><img loading=\"lazy\" decoding=\"async\" aria-describedby=\"caption-attachment-4607\" class=\"wp-image-4607\" src=\"https:\/\/d3l56h94xwal1f.cloudfront.net\/wp-content\/uploads\/2022\/02\/25035632\/Inigo-Donoso.jpg\" alt=\"\" width=\"800\" height=\"578\" srcset=\"https:\/\/d3l56h94xwal1f.cloudfront.net\/wp-content\/uploads\/2022\/02\/25035632\/Inigo-Donoso.jpg 1183w, https:\/\/d3l56h94xwal1f.cloudfront.net\/wp-content\/uploads\/2022\/02\/25035632\/Inigo-Donoso-300x217.jpg 300w, https:\/\/d3l56h94xwal1f.cloudfront.net\/wp-content\/uploads\/2022\/02\/25035632\/Inigo-Donoso-1024x740.jpg 1024w, https:\/\/d3l56h94xwal1f.cloudfront.net\/wp-content\/uploads\/2022\/02\/25035632\/Inigo-Donoso-768x555.jpg 768w, https:\/\/d3l56h94xwal1f.cloudfront.net\/wp-content\/uploads\/2022\/02\/25035632\/Inigo-Donoso-50x36.jpg 50w\" sizes=\"auto, (max-width: 800px) 100vw, 800px\" \/><\/a><p id=\"caption-attachment-4607\" class=\"wp-caption-text\">\u00cd\u00f1igo Donoso<\/p><\/div> <div id=\"attachment_4608\" style=\"width: 810px\" class=\"wp-caption alignnone\"><a href=\"https:\/\/d3l56h94xwal1f.cloudfront.net\/wp-content\/uploads\/2022\/02\/25035816\/Marc-Peidro.jpg\" target=\"_blank\" rel=\"noopener\"><img loading=\"lazy\" decoding=\"async\" aria-describedby=\"caption-attachment-4608\" class=\"wp-image-4608\" src=\"https:\/\/d3l56h94xwal1f.cloudfront.net\/wp-content\/uploads\/2022\/02\/25035816\/Marc-Peidro.jpg\" alt=\"\" width=\"800\" height=\"752\" srcset=\"https:\/\/d3l56h94xwal1f.cloudfront.net\/wp-content\/uploads\/2022\/02\/25035816\/Marc-Peidro.jpg 1185w, https:\/\/d3l56h94xwal1f.cloudfront.net\/wp-content\/uploads\/2022\/02\/25035816\/Marc-Peidro-300x282.jpg 300w, https:\/\/d3l56h94xwal1f.cloudfront.net\/wp-content\/uploads\/2022\/02\/25035816\/Marc-Peidro-1024x963.jpg 1024w, https:\/\/d3l56h94xwal1f.cloudfront.net\/wp-content\/uploads\/2022\/02\/25035816\/Marc-Peidro-768x722.jpg 768w, https:\/\/d3l56h94xwal1f.cloudfront.net\/wp-content\/uploads\/2022\/02\/25035816\/Marc-Peidro-50x47.jpg 50w\" sizes=\"auto, (max-width: 800px) 100vw, 800px\" \/><\/a><p id=\"caption-attachment-4608\" class=\"wp-caption-text\">Marc Peidro<\/p><\/div> <div id=\"attachment_4609\" style=\"width: 810px\" class=\"wp-caption alignnone\"><a href=\"https:\/\/d3l56h94xwal1f.cloudfront.net\/wp-content\/uploads\/2022\/02\/25035859\/Roman-Moratal.jpg\" target=\"_blank\" rel=\"noopener\"><img loading=\"lazy\" decoding=\"async\" aria-describedby=\"caption-attachment-4609\" class=\"wp-image-4609\" src=\"https:\/\/d3l56h94xwal1f.cloudfront.net\/wp-content\/uploads\/2022\/02\/25035859\/Roman-Moratal.jpg\" alt=\"\" width=\"800\" height=\"609\" srcset=\"https:\/\/d3l56h94xwal1f.cloudfront.net\/wp-content\/uploads\/2022\/02\/25035859\/Roman-Moratal.jpg 1134w, https:\/\/d3l56h94xwal1f.cloudfront.net\/wp-content\/uploads\/2022\/02\/25035859\/Roman-Moratal-300x228.jpg 300w, https:\/\/d3l56h94xwal1f.cloudfront.net\/wp-content\/uploads\/2022\/02\/25035859\/Roman-Moratal-1024x779.jpg 1024w, https:\/\/d3l56h94xwal1f.cloudfront.net\/wp-content\/uploads\/2022\/02\/25035859\/Roman-Moratal-768x584.jpg 768w, https:\/\/d3l56h94xwal1f.cloudfront.net\/wp-content\/uploads\/2022\/02\/25035859\/Roman-Moratal-50x38.jpg 50w\" sizes=\"auto, (max-width: 800px) 100vw, 800px\" \/><\/a><p id=\"caption-attachment-4609\" class=\"wp-caption-text\">Rom\u00e1n Moratal<\/p><\/div> <div id=\"attachment_4610\" style=\"width: 810px\" class=\"wp-caption alignnone\"><a href=\"https:\/\/d3l56h94xwal1f.cloudfront.net\/wp-content\/uploads\/2022\/02\/25035945\/Ivan-Alonso-izq-y-David-Lopez-dcha.jpg\" target=\"_blank\" rel=\"noopener\"><img loading=\"lazy\" decoding=\"async\" aria-describedby=\"caption-attachment-4610\" class=\"wp-image-4610\" src=\"https:\/\/d3l56h94xwal1f.cloudfront.net\/wp-content\/uploads\/2022\/02\/25035945\/Ivan-Alonso-izq-y-David-Lopez-dcha.jpg\" alt=\"\" width=\"800\" height=\"470\" srcset=\"https:\/\/d3l56h94xwal1f.cloudfront.net\/wp-content\/uploads\/2022\/02\/25035945\/Ivan-Alonso-izq-y-David-Lopez-dcha.jpg 1361w, https:\/\/d3l56h94xwal1f.cloudfront.net\/wp-content\/uploads\/2022\/02\/25035945\/Ivan-Alonso-izq-y-David-Lopez-dcha-300x176.jpg 300w, https:\/\/d3l56h94xwal1f.cloudfront.net\/wp-content\/uploads\/2022\/02\/25035945\/Ivan-Alonso-izq-y-David-Lopez-dcha-1024x602.jpg 1024w, https:\/\/d3l56h94xwal1f.cloudfront.net\/wp-content\/uploads\/2022\/02\/25035945\/Ivan-Alonso-izq-y-David-Lopez-dcha-768x451.jpg 768w, https:\/\/d3l56h94xwal1f.cloudfront.net\/wp-content\/uploads\/2022\/02\/25035945\/Ivan-Alonso-izq-y-David-Lopez-dcha-50x29.jpg 50w\" sizes=\"auto, (max-width: 800px) 100vw, 800px\" \/><\/a><p id=\"caption-attachment-4610\" class=\"wp-caption-text\">Iv\u00e1n Alonso (izq) y David L\u00f3pez (dcha)<\/p><\/div> <div id=\"attachment_4611\" style=\"width: 810px\" class=\"wp-caption alignnone\"><a href=\"https:\/\/d3l56h94xwal1f.cloudfront.net\/wp-content\/uploads\/2022\/02\/25040050\/Roman-Moratal-izq-e-Ivan-Alonso-dcha.jpg\" target=\"_blank\" rel=\"noopener\"><img loading=\"lazy\" decoding=\"async\" aria-describedby=\"caption-attachment-4611\" class=\"wp-image-4611\" src=\"https:\/\/d3l56h94xwal1f.cloudfront.net\/wp-content\/uploads\/2022\/02\/25040050\/Roman-Moratal-izq-e-Ivan-Alonso-dcha.jpg\" alt=\"\" width=\"800\" height=\"472\" srcset=\"https:\/\/d3l56h94xwal1f.cloudfront.net\/wp-content\/uploads\/2022\/02\/25040050\/Roman-Moratal-izq-e-Ivan-Alonso-dcha.jpg 1488w, https:\/\/d3l56h94xwal1f.cloudfront.net\/wp-content\/uploads\/2022\/02\/25040050\/Roman-Moratal-izq-e-Ivan-Alonso-dcha-300x177.jpg 300w, https:\/\/d3l56h94xwal1f.cloudfront.net\/wp-content\/uploads\/2022\/02\/25040050\/Roman-Moratal-izq-e-Ivan-Alonso-dcha-1024x604.jpg 1024w, https:\/\/d3l56h94xwal1f.cloudfront.net\/wp-content\/uploads\/2022\/02\/25040050\/Roman-Moratal-izq-e-Ivan-Alonso-dcha-768x453.jpg 768w, https:\/\/d3l56h94xwal1f.cloudfront.net\/wp-content\/uploads\/2022\/02\/25040050\/Roman-Moratal-izq-e-Ivan-Alonso-dcha-50x30.jpg 50w\" sizes=\"auto, (max-width: 800px) 100vw, 800px\" \/><\/a><p id=\"caption-attachment-4611\" class=\"wp-caption-text\">Rom\u00e1n Moratal (izq) e Iv\u00e1n Alonso (dcha)<\/p><\/div><\/p>\n<p style=\"text-align: justify;\"><span style=\"color: #ff0000;\"><strong><em><u>En Sub 18 ( 29 \u00a0participantes )<\/u><\/em><\/strong><\/span><\/p>\n<ul style=\"text-align: justify;\">\n<li><strong>25\u00ba Gabriel Mart\u00ednez<\/strong> (Tabiya Alcoy)\u00a0\u00a0\u00a0\u00a0\u00a0\u00a0\u00a0\u00a0\u00a0\u00a0\u00a0\u00a0\u00a0\u00a0\u00a0\u00a0\u00a0\u00a0\u00a0\u00a0\u00a0\u00a0\u00a0\u00a0\u00a0 2\u00a0\u00a0\u00a0\u00a0\u00a0\u00a0 puntos de 7<\/li>\n<\/ul>\n<p style=\"text-align: justify;\">Mencionar que para <strong>Gabriel<\/strong> era el primer a\u00f1o en Sub 18, siendo de los m\u00e1s peque\u00f1os en edad, y tuvo que luchar contra jugadores m\u00e1s mayores y experimentados, y aunque plante\u00f3 duras batallas no pudo subir m\u00e1s puestos en la clasificaci\u00f3n por el fuerte nivel existente.<\/p>\n<p><strong>ENLACE\u00a0 EN\u00a0 INFO64\u00a0 CON\u00a0 TODOS\u00a0 LOS\u00a0 DATOS\u00a0 Y\u00a0 LA\u00a0 CLASIFICACI\u00d3N\u00a0 FINAL\u00a0 SUB\u00a0 18<\/strong><\/p>\n<p><span style=\"color: #0000ff;\"><strong><a style=\"color: #0000ff;\" href=\"https:\/\/info64.org\/campeonato-provincial-alicante-sub-18-1\/standings\" target=\"_blank\" rel=\"noopener\">https:\/\/info64.org\/campeonato-provincial-alicante-sub-18-1\/standings<\/a><\/strong><\/span><\/p>\n<div id=\"attachment_4612\" style=\"width: 810px\" class=\"wp-caption alignnone\"><a href=\"https:\/\/d3l56h94xwal1f.cloudfront.net\/wp-content\/uploads\/2022\/02\/25040155\/Gabriel-Martinez.jpg\" target=\"_blank\" rel=\"noopener\"><img loading=\"lazy\" decoding=\"async\" aria-describedby=\"caption-attachment-4612\" class=\"wp-image-4612\" src=\"https:\/\/d3l56h94xwal1f.cloudfront.net\/wp-content\/uploads\/2022\/02\/25040155\/Gabriel-Martinez.jpg\" alt=\"\" width=\"800\" height=\"964\" srcset=\"https:\/\/d3l56h94xwal1f.cloudfront.net\/wp-content\/uploads\/2022\/02\/25040155\/Gabriel-Martinez.jpg 903w, https:\/\/d3l56h94xwal1f.cloudfront.net\/wp-content\/uploads\/2022\/02\/25040155\/Gabriel-Martinez-249x300.jpg 249w, https:\/\/d3l56h94xwal1f.cloudfront.net\/wp-content\/uploads\/2022\/02\/25040155\/Gabriel-Martinez-850x1024.jpg 850w, https:\/\/d3l56h94xwal1f.cloudfront.net\/wp-content\/uploads\/2022\/02\/25040155\/Gabriel-Martinez-768x925.jpg 768w, https:\/\/d3l56h94xwal1f.cloudfront.net\/wp-content\/uploads\/2022\/02\/25040155\/Gabriel-Martinez-41x50.jpg 41w\" sizes=\"auto, (max-width: 800px) 100vw, 800px\" \/><\/a><p id=\"caption-attachment-4612\" class=\"wp-caption-text\">Gabriel Mart\u00ednez<\/p><\/div>\n<p style=\"text-align: justify;\">Todos los jugadores del <strong>Club Tabiya Alcoy<\/strong> y del <strong>Club Cocentaina<\/strong> tuvieron buenas experiencias de cara a pr\u00f3ximos torneos.<\/p>\n<p style=\"text-align: justify;\">Indicar que el \u00c1rbitro Internacional alcoyano <strong>Joaqu\u00edn Corb\u00ed<\/strong> fue el <strong>\u00c1rbitro Principal<\/strong> de los Campeonatos, mientras que el \u00c1rbitro Auton\u00f3mico alcoyano <strong>Eduardo Senabre<\/strong> actu\u00f3 de <strong>\u00c1rbitro Adjunto<\/strong>.<\/p>\n<p><div id=\"attachment_4613\" style=\"width: 810px\" class=\"wp-caption alignnone\"><a href=\"https:\/\/d3l56h94xwal1f.cloudfront.net\/wp-content\/uploads\/2022\/02\/25040303\/Premiados-en-la-Categoria-Sub-8.-Campeon-Alex-Magan-centro.jpg\" target=\"_blank\" rel=\"noopener\"><img loading=\"lazy\" decoding=\"async\" aria-describedby=\"caption-attachment-4613\" class=\"wp-image-4613\" src=\"https:\/\/d3l56h94xwal1f.cloudfront.net\/wp-content\/uploads\/2022\/02\/25040303\/Premiados-en-la-Categoria-Sub-8.-Campeon-Alex-Magan-centro.jpg\" alt=\"\" width=\"800\" height=\"817\" srcset=\"https:\/\/d3l56h94xwal1f.cloudfront.net\/wp-content\/uploads\/2022\/02\/25040303\/Premiados-en-la-Categoria-Sub-8.-Campeon-Alex-Magan-centro.jpg 981w, https:\/\/d3l56h94xwal1f.cloudfront.net\/wp-content\/uploads\/2022\/02\/25040303\/Premiados-en-la-Categoria-Sub-8.-Campeon-Alex-Magan-centro-294x300.jpg 294w, https:\/\/d3l56h94xwal1f.cloudfront.net\/wp-content\/uploads\/2022\/02\/25040303\/Premiados-en-la-Categoria-Sub-8.-Campeon-Alex-Magan-centro-768x784.jpg 768w, https:\/\/d3l56h94xwal1f.cloudfront.net\/wp-content\/uploads\/2022\/02\/25040303\/Premiados-en-la-Categoria-Sub-8.-Campeon-Alex-Magan-centro-50x50.jpg 50w\" sizes=\"auto, (max-width: 800px) 100vw, 800px\" \/><\/a><p id=\"caption-attachment-4613\" class=\"wp-caption-text\">Los Premiados de la Categor\u00eda Sub 8. Campe\u00f3n Alex Mag\u00e1n (centro)<\/p><\/div> <div id=\"attachment_4614\" style=\"width: 810px\" class=\"wp-caption alignnone\"><a href=\"https:\/\/d3l56h94xwal1f.cloudfront.net\/wp-content\/uploads\/2022\/02\/25040455\/Alex-Magan-con-los-demas-Campeones-de-las-Categorias.jpg\" target=\"_blank\" rel=\"noopener\"><img loading=\"lazy\" decoding=\"async\" aria-describedby=\"caption-attachment-4614\" class=\"wp-image-4614\" src=\"https:\/\/d3l56h94xwal1f.cloudfront.net\/wp-content\/uploads\/2022\/02\/25040455\/Alex-Magan-con-los-demas-Campeones-de-las-Categorias.jpg\" alt=\"\" width=\"800\" height=\"1007\" srcset=\"https:\/\/d3l56h94xwal1f.cloudfront.net\/wp-content\/uploads\/2022\/02\/25040455\/Alex-Magan-con-los-demas-Campeones-de-las-Categorias.jpg 1010w, https:\/\/d3l56h94xwal1f.cloudfront.net\/wp-content\/uploads\/2022\/02\/25040455\/Alex-Magan-con-los-demas-Campeones-de-las-Categorias-238x300.jpg 238w, https:\/\/d3l56h94xwal1f.cloudfront.net\/wp-content\/uploads\/2022\/02\/25040455\/Alex-Magan-con-los-demas-Campeones-de-las-Categorias-814x1024.jpg 814w, https:\/\/d3l56h94xwal1f.cloudfront.net\/wp-content\/uploads\/2022\/02\/25040455\/Alex-Magan-con-los-demas-Campeones-de-las-Categorias-768x966.jpg 768w, https:\/\/d3l56h94xwal1f.cloudfront.net\/wp-content\/uploads\/2022\/02\/25040455\/Alex-Magan-con-los-demas-Campeones-de-las-Categorias-40x50.jpg 40w\" sizes=\"auto, (max-width: 800px) 100vw, 800px\" \/><\/a><p id=\"caption-attachment-4614\" class=\"wp-caption-text\">Alex Mag\u00e1n con los dem\u00e1s Campeones de las Categor\u00edas<\/p><\/div> <div id=\"attachment_4615\" style=\"width: 810px\" class=\"wp-caption alignnone\"><a href=\"https:\/\/d3l56h94xwal1f.cloudfront.net\/wp-content\/uploads\/2022\/02\/25040601\/Alex-Magan-con-el-Arbitro-Principal-Joaquin-Corbi.jpg\" target=\"_blank\" rel=\"noopener\"><img loading=\"lazy\" decoding=\"async\" aria-describedby=\"caption-attachment-4615\" class=\"wp-image-4615\" src=\"https:\/\/d3l56h94xwal1f.cloudfront.net\/wp-content\/uploads\/2022\/02\/25040601\/Alex-Magan-con-el-Arbitro-Principal-Joaquin-Corbi.jpg\" alt=\"\" width=\"800\" height=\"1313\" srcset=\"https:\/\/d3l56h94xwal1f.cloudfront.net\/wp-content\/uploads\/2022\/02\/25040601\/Alex-Magan-con-el-Arbitro-Principal-Joaquin-Corbi.jpg 946w, https:\/\/d3l56h94xwal1f.cloudfront.net\/wp-content\/uploads\/2022\/02\/25040601\/Alex-Magan-con-el-Arbitro-Principal-Joaquin-Corbi-183x300.jpg 183w, https:\/\/d3l56h94xwal1f.cloudfront.net\/wp-content\/uploads\/2022\/02\/25040601\/Alex-Magan-con-el-Arbitro-Principal-Joaquin-Corbi-624x1024.jpg 624w, https:\/\/d3l56h94xwal1f.cloudfront.net\/wp-content\/uploads\/2022\/02\/25040601\/Alex-Magan-con-el-Arbitro-Principal-Joaquin-Corbi-768x1261.jpg 768w, https:\/\/d3l56h94xwal1f.cloudfront.net\/wp-content\/uploads\/2022\/02\/25040601\/Alex-Magan-con-el-Arbitro-Principal-Joaquin-Corbi-936x1536.jpg 936w, https:\/\/d3l56h94xwal1f.cloudfront.net\/wp-content\/uploads\/2022\/02\/25040601\/Alex-Magan-con-el-Arbitro-Principal-Joaquin-Corbi-30x50.jpg 30w\" sizes=\"auto, (max-width: 800px) 100vw, 800px\" \/><\/a><p id=\"caption-attachment-4615\" class=\"wp-caption-text\">Alex Mag\u00e1n con el \u00c1rbitro Principal Joaqu\u00edn Corb\u00ed<\/p><\/div><\/p>\n","protected":false},"excerpt":{"rendered":"<p>CAMPEONATOS\u00a0 PROVINCIALES\u00a0 DE\u00a0 AJEDREZ\u00a0 DE\u00a0 ALICANTE\u00a0 SUBS\u00a0 8\u00a0 &#8211;\u00a0 10\u00a0 &#8211;\u00a0 12\u00a0 &#8211;\u00a0 18 \u00a1\u00a1\u00a1 ALEX MAG\u00c1N DEL CLUB DE AJEDREZ TABIYA ALCOY BRILLANTE CAMPE\u00d3N PROVINCIAL SUB 8 !!! Organizado por el Club de Ajedrez&#8230;<\/p>\n","protected":false},"author":2,"featured_media":4625,"comment_status":"open","ping_status":"open","sticky":false,"template":"","format":"standard","meta":{"rop_custom_images_group":[],"rop_custom_messages_group":[],"rop_publish_now":"initial","rop_publish_now_accounts":[],"rop_publish_now_history":[],"rop_publish_now_status":"pending","footnotes":""},"categories":[4],"tags":[],"class_list":["post-4594","post","type-post","status-publish","format-standard","has-post-thumbnail","hentry","category-torneos"],"wppr_data":{"cwp_meta_box_check":"No"},"_links":{"self":[{"href":"https:\/\/ajedreztabiyaalcoy.es\/club\/wp-json\/wp\/v2\/posts\/4594","targetHints":{"allow":["GET"]}}],"collection":[{"href":"https:\/\/ajedreztabiyaalcoy.es\/club\/wp-json\/wp\/v2\/posts"}],"about":[{"href":"https:\/\/ajedreztabiyaalcoy.es\/club\/wp-json\/wp\/v2\/types\/post"}],"author":[{"embeddable":true,"href":"https:\/\/ajedreztabiyaalcoy.es\/club\/wp-json\/wp\/v2\/users\/2"}],"replies":[{"embeddable":true,"href":"https:\/\/ajedreztabiyaalcoy.es\/club\/wp-json\/wp\/v2\/comments?post=4594"}],"version-history":[{"count":11,"href":"https:\/\/ajedreztabiyaalcoy.es\/club\/wp-json\/wp\/v2\/posts\/4594\/revisions"}],"predecessor-version":[{"id":4627,"href":"https:\/\/ajedreztabiyaalcoy.es\/club\/wp-json\/wp\/v2\/posts\/4594\/revisions\/4627"}],"wp:featuredmedia":[{"embeddable":true,"href":"https:\/\/ajedreztabiyaalcoy.es\/club\/wp-json\/wp\/v2\/media\/4625"}],"wp:attachment":[{"href":"https:\/\/ajedreztabiyaalcoy.es\/club\/wp-json\/wp\/v2\/media?parent=4594"}],"wp:term":[{"taxonomy":"category","embeddable":true,"href":"https:\/\/ajedreztabiyaalcoy.es\/club\/wp-json\/wp\/v2\/categories?post=4594"},{"taxonomy":"post_tag","embeddable":true,"href":"https:\/\/ajedreztabiyaalcoy.es\/club\/wp-json\/wp\/v2\/tags?post=4594"}],"curies":[{"name":"wp","href":"https:\/\/api.w.org\/{rel}","templated":true}]}}