{"id":5047,"date":"2025-03-25T11:46:16","date_gmt":"2025-03-25T10:46:16","guid":{"rendered":"https:\/\/ajedreztabiyaalcoy.es\/club\/?p=5047"},"modified":"2025-03-25T13:05:49","modified_gmt":"2025-03-25T12:05:49","slug":"el-equipo-del-colegio-publico-miguel-hernandez-a-de-alcoy-campeon-del-3er-torneo-interterritorial-de-ajedrez-de-colegios-por-equipos-2025","status":"publish","type":"post","link":"https:\/\/ajedreztabiyaalcoy.es\/club\/el-equipo-del-colegio-publico-miguel-hernandez-a-de-alcoy-campeon-del-3er-torneo-interterritorial-de-ajedrez-de-colegios-por-equipos-2025\/","title":{"rendered":"\u00a1\u00a1 El equipo del Colegio P\u00fablico Miguel Hern\u00e1ndez A de Alcoy CAMPE\u00d3N del 3er. Torneo Interterritorial de Ajedrez de Colegios por Equipos 2025 !!"},"content":{"rendered":"<p style=\"text-align: justify;\">Se celebr\u00f3 el Domingo 9 de Marzo por la ma\u00f1ana en el Colegio P\u00fablico Miguel Hern\u00e1ndez de Alcoy, el <strong>3er. Torneo Interterritorial de Ajedrez de Colegios por Equipos<\/strong>, que fue organizado por el Club de Ajedrez Tabiya Alcoy, con el fin de promocionar el ajedrez en los Colegios, a nivel provincial, auton\u00f3mico y nacional.<\/p>\n<p><a href=\"https:\/\/d3l56h94xwal1f.cloudfront.net\/wp-content\/uploads\/2025\/02\/04221730\/CARTEL1.jpg\" target=\"_blank\" rel=\"noopener\"><img loading=\"lazy\" decoding=\"async\" class=\"alignnone wp-image-5014\" src=\"https:\/\/d3l56h94xwal1f.cloudfront.net\/wp-content\/uploads\/2025\/02\/04221730\/CARTEL1.jpg\" alt=\"\" width=\"800\" height=\"1132\" srcset=\"https:\/\/d3l56h94xwal1f.cloudfront.net\/wp-content\/uploads\/2025\/02\/04221730\/CARTEL1.jpg 1240w, https:\/\/d3l56h94xwal1f.cloudfront.net\/wp-content\/uploads\/2025\/02\/04221730\/CARTEL1-212x300.jpg 212w, https:\/\/d3l56h94xwal1f.cloudfront.net\/wp-content\/uploads\/2025\/02\/04221730\/CARTEL1-724x1024.jpg 724w, https:\/\/d3l56h94xwal1f.cloudfront.net\/wp-content\/uploads\/2025\/02\/04221730\/CARTEL1-768x1086.jpg 768w, https:\/\/d3l56h94xwal1f.cloudfront.net\/wp-content\/uploads\/2025\/02\/04221730\/CARTEL1-1086x1536.jpg 1086w, https:\/\/d3l56h94xwal1f.cloudfront.net\/wp-content\/uploads\/2025\/02\/04221730\/CARTEL1-35x50.jpg 35w\" sizes=\"auto, (max-width: 800px) 100vw, 800px\" \/><\/a><\/p>\n<p><a href=\"https:\/\/d3l56h94xwal1f.cloudfront.net\/wp-content\/uploads\/2023\/03\/03030346\/Imagen-C.P.-Miguel-Hernandez.jpg\" target=\"_blank\" rel=\"noopener\"><img loading=\"lazy\" decoding=\"async\" class=\"alignnone wp-image-4759\" src=\"https:\/\/d3l56h94xwal1f.cloudfront.net\/wp-content\/uploads\/2023\/03\/03030346\/Imagen-C.P.-Miguel-Hernandez.jpg\" alt=\"\" width=\"800\" height=\"600\" srcset=\"https:\/\/d3l56h94xwal1f.cloudfront.net\/wp-content\/uploads\/2023\/03\/03030346\/Imagen-C.P.-Miguel-Hernandez.jpg 1360w, https:\/\/d3l56h94xwal1f.cloudfront.net\/wp-content\/uploads\/2023\/03\/03030346\/Imagen-C.P.-Miguel-Hernandez-300x225.jpg 300w, https:\/\/d3l56h94xwal1f.cloudfront.net\/wp-content\/uploads\/2023\/03\/03030346\/Imagen-C.P.-Miguel-Hernandez-1024x768.jpg 1024w, https:\/\/d3l56h94xwal1f.cloudfront.net\/wp-content\/uploads\/2023\/03\/03030346\/Imagen-C.P.-Miguel-Hernandez-768x576.jpg 768w, https:\/\/d3l56h94xwal1f.cloudfront.net\/wp-content\/uploads\/2023\/03\/03030346\/Imagen-C.P.-Miguel-Hernandez-50x38.jpg 50w\" sizes=\"auto, (max-width: 800px) 100vw, 800px\" \/><\/a><\/p>\n<p><strong><span style=\"font-size: 12pt;\">\u00a0 \u00a0 \u00a0 \u00a0 \u00a0 \u00a0 \u00a0 \u00a0 \u00a0 \u00a0 \u00a0 \u00a0 \u00a0 \u00a0 \u00a0 \u00a0 \u00a0 \u00a0 \u00a0 \u00a0 \u00a0 \u00a0 \u00a0 \u00a0 \u00a0 Colegio P\u00fablico Miguel Hern\u00e1ndez de Alcoy<\/span><\/strong><\/p>\n<div id=\"attachment_5070\" style=\"width: 810px\" class=\"wp-caption alignnone\"><a href=\"https:\/\/d3l56h94xwal1f.cloudfront.net\/wp-content\/uploads\/2025\/03\/25130007\/Listado-de-equipos.jpg\" target=\"_blank\" rel=\"noopener\"><img loading=\"lazy\" decoding=\"async\" aria-describedby=\"caption-attachment-5070\" class=\"wp-image-5070\" src=\"https:\/\/d3l56h94xwal1f.cloudfront.net\/wp-content\/uploads\/2025\/03\/25130007\/Listado-de-equipos.jpg\" alt=\"\" width=\"800\" height=\"899\" srcset=\"https:\/\/d3l56h94xwal1f.cloudfront.net\/wp-content\/uploads\/2025\/03\/25130007\/Listado-de-equipos.jpg 1240w, https:\/\/d3l56h94xwal1f.cloudfront.net\/wp-content\/uploads\/2025\/03\/25130007\/Listado-de-equipos-267x300.jpg 267w, https:\/\/d3l56h94xwal1f.cloudfront.net\/wp-content\/uploads\/2025\/03\/25130007\/Listado-de-equipos-912x1024.jpg 912w, https:\/\/d3l56h94xwal1f.cloudfront.net\/wp-content\/uploads\/2025\/03\/25130007\/Listado-de-equipos-768x863.jpg 768w, https:\/\/d3l56h94xwal1f.cloudfront.net\/wp-content\/uploads\/2025\/03\/25130007\/Listado-de-equipos-45x50.jpg 45w\" sizes=\"auto, (max-width: 800px) 100vw, 800px\" \/><\/a><p id=\"caption-attachment-5070\" class=\"wp-caption-text\">Listado de equipos<\/p><\/div>\n<p><a href=\"https:\/\/d3l56h94xwal1f.cloudfront.net\/wp-content\/uploads\/2025\/03\/25130111\/Composicion-de-los-equipos_page-0001.jpg\" target=\"_blank\" rel=\"noopener\"><img loading=\"lazy\" decoding=\"async\" class=\"alignnone wp-image-5071\" src=\"https:\/\/d3l56h94xwal1f.cloudfront.net\/wp-content\/uploads\/2025\/03\/25130111\/Composicion-de-los-equipos_page-0001.jpg\" alt=\"\" width=\"800\" height=\"994\" srcset=\"https:\/\/d3l56h94xwal1f.cloudfront.net\/wp-content\/uploads\/2025\/03\/25130111\/Composicion-de-los-equipos_page-0001.jpg 1240w, https:\/\/d3l56h94xwal1f.cloudfront.net\/wp-content\/uploads\/2025\/03\/25130111\/Composicion-de-los-equipos_page-0001-242x300.jpg 242w, https:\/\/d3l56h94xwal1f.cloudfront.net\/wp-content\/uploads\/2025\/03\/25130111\/Composicion-de-los-equipos_page-0001-825x1024.jpg 825w, https:\/\/d3l56h94xwal1f.cloudfront.net\/wp-content\/uploads\/2025\/03\/25130111\/Composicion-de-los-equipos_page-0001-768x954.jpg 768w, https:\/\/d3l56h94xwal1f.cloudfront.net\/wp-content\/uploads\/2025\/03\/25130111\/Composicion-de-los-equipos_page-0001-1237x1536.jpg 1237w, https:\/\/d3l56h94xwal1f.cloudfront.net\/wp-content\/uploads\/2025\/03\/25130111\/Composicion-de-los-equipos_page-0001-40x50.jpg 40w\" sizes=\"auto, (max-width: 800px) 100vw, 800px\" \/><\/a><\/p>\n<p><a href=\"https:\/\/d3l56h94xwal1f.cloudfront.net\/wp-content\/uploads\/2025\/03\/25130206\/Composicion-de-los-equipos_page-0002.jpg\" target=\"_blank\" rel=\"noopener\"><img loading=\"lazy\" decoding=\"async\" class=\"alignnone wp-image-5072\" src=\"https:\/\/d3l56h94xwal1f.cloudfront.net\/wp-content\/uploads\/2025\/03\/25130206\/Composicion-de-los-equipos_page-0002.jpg\" alt=\"\" width=\"800\" height=\"917\" srcset=\"https:\/\/d3l56h94xwal1f.cloudfront.net\/wp-content\/uploads\/2025\/03\/25130206\/Composicion-de-los-equipos_page-0002.jpg 1240w, https:\/\/d3l56h94xwal1f.cloudfront.net\/wp-content\/uploads\/2025\/03\/25130206\/Composicion-de-los-equipos_page-0002-262x300.jpg 262w, https:\/\/d3l56h94xwal1f.cloudfront.net\/wp-content\/uploads\/2025\/03\/25130206\/Composicion-de-los-equipos_page-0002-893x1024.jpg 893w, https:\/\/d3l56h94xwal1f.cloudfront.net\/wp-content\/uploads\/2025\/03\/25130206\/Composicion-de-los-equipos_page-0002-768x881.jpg 768w, https:\/\/d3l56h94xwal1f.cloudfront.net\/wp-content\/uploads\/2025\/03\/25130206\/Composicion-de-los-equipos_page-0002-44x50.jpg 44w\" sizes=\"auto, (max-width: 800px) 100vw, 800px\" \/><\/a><\/p>\n<p><a href=\"https:\/\/d3l56h94xwal1f.cloudfront.net\/wp-content\/uploads\/2025\/03\/25130252\/Composicion-de-los-equipos_page-0003.jpg\" target=\"_blank\" rel=\"noopener\"><img loading=\"lazy\" decoding=\"async\" class=\"alignnone wp-image-5073\" src=\"https:\/\/d3l56h94xwal1f.cloudfront.net\/wp-content\/uploads\/2025\/03\/25130252\/Composicion-de-los-equipos_page-0003.jpg\" alt=\"\" width=\"800\" height=\"1058\" srcset=\"https:\/\/d3l56h94xwal1f.cloudfront.net\/wp-content\/uploads\/2025\/03\/25130252\/Composicion-de-los-equipos_page-0003.jpg 1240w, https:\/\/d3l56h94xwal1f.cloudfront.net\/wp-content\/uploads\/2025\/03\/25130252\/Composicion-de-los-equipos_page-0003-227x300.jpg 227w, https:\/\/d3l56h94xwal1f.cloudfront.net\/wp-content\/uploads\/2025\/03\/25130252\/Composicion-de-los-equipos_page-0003-774x1024.jpg 774w, https:\/\/d3l56h94xwal1f.cloudfront.net\/wp-content\/uploads\/2025\/03\/25130252\/Composicion-de-los-equipos_page-0003-768x1016.jpg 768w, https:\/\/d3l56h94xwal1f.cloudfront.net\/wp-content\/uploads\/2025\/03\/25130252\/Composicion-de-los-equipos_page-0003-1161x1536.jpg 1161w, https:\/\/d3l56h94xwal1f.cloudfront.net\/wp-content\/uploads\/2025\/03\/25130252\/Composicion-de-los-equipos_page-0003-38x50.jpg 38w\" sizes=\"auto, (max-width: 800px) 100vw, 800px\" \/><\/a><\/p>\n<div id=\"attachment_5074\" style=\"width: 810px\" class=\"wp-caption alignnone\"><a href=\"https:\/\/d3l56h94xwal1f.cloudfront.net\/wp-content\/uploads\/2025\/03\/25130336\/Composicion-de-los-equipos_page-0004.jpg\" target=\"_blank\" rel=\"noopener\"><img loading=\"lazy\" decoding=\"async\" aria-describedby=\"caption-attachment-5074\" class=\"wp-image-5074\" src=\"https:\/\/d3l56h94xwal1f.cloudfront.net\/wp-content\/uploads\/2025\/03\/25130336\/Composicion-de-los-equipos_page-0004.jpg\" alt=\"\" width=\"800\" height=\"446\" srcset=\"https:\/\/d3l56h94xwal1f.cloudfront.net\/wp-content\/uploads\/2025\/03\/25130336\/Composicion-de-los-equipos_page-0004.jpg 1239w, https:\/\/d3l56h94xwal1f.cloudfront.net\/wp-content\/uploads\/2025\/03\/25130336\/Composicion-de-los-equipos_page-0004-300x167.jpg 300w, https:\/\/d3l56h94xwal1f.cloudfront.net\/wp-content\/uploads\/2025\/03\/25130336\/Composicion-de-los-equipos_page-0004-1024x571.jpg 1024w, https:\/\/d3l56h94xwal1f.cloudfront.net\/wp-content\/uploads\/2025\/03\/25130336\/Composicion-de-los-equipos_page-0004-768x428.jpg 768w, https:\/\/d3l56h94xwal1f.cloudfront.net\/wp-content\/uploads\/2025\/03\/25130336\/Composicion-de-los-equipos_page-0004-50x28.jpg 50w, https:\/\/d3l56h94xwal1f.cloudfront.net\/wp-content\/uploads\/2025\/03\/25130336\/Composicion-de-los-equipos_page-0004-260x146.jpg 260w, https:\/\/d3l56h94xwal1f.cloudfront.net\/wp-content\/uploads\/2025\/03\/25130336\/Composicion-de-los-equipos_page-0004-120x67.jpg 120w\" sizes=\"auto, (max-width: 800px) 100vw, 800px\" \/><\/a><p id=\"caption-attachment-5074\" class=\"wp-caption-text\">Composici\u00f3n de los equipos<\/p><\/div>\n<p style=\"text-align: justify;\">Participaron 16 equipos de Colegios, con 65 ni\u00f1os y ni\u00f1as y procedentes de Alcoy, Cocentaina, Albacete y Ciudad Real, de 6 a 12 a\u00f1os de edad, en un evento cuyos objetivos adem\u00e1s de potenciar la base escolar de este deporte, han sido la de aproximar en paz y amistad a los escolares de estas localidades gracias al ajedrez.<\/p>\n<p style=\"text-align: justify;\">El torneo se jug\u00f3 al mejor de 6 partidas, a ritmo rel\u00e1mpago o Blitz de 7 minutos por jugador m\u00e1s 3 segundos de incremento por jugada, en un gran ambiente. Las partidas fueron muy disputadas y emocionantes, demostrando todos los jugadores un buen y aceptable nivel de juego.<\/p>\n<p><a href=\"https:\/\/d3l56h94xwal1f.cloudfront.net\/wp-content\/uploads\/2025\/03\/25114336\/Vista-general-1.jpg\" target=\"_blank\" rel=\"noopener\"><img loading=\"lazy\" decoding=\"async\" class=\"alignnone wp-image-5051\" src=\"https:\/\/d3l56h94xwal1f.cloudfront.net\/wp-content\/uploads\/2025\/03\/25114336\/Vista-general-1.jpg\" alt=\"\" width=\"800\" height=\"470\" srcset=\"https:\/\/d3l56h94xwal1f.cloudfront.net\/wp-content\/uploads\/2025\/03\/25114336\/Vista-general-1.jpg 1400w, https:\/\/d3l56h94xwal1f.cloudfront.net\/wp-content\/uploads\/2025\/03\/25114336\/Vista-general-1-300x176.jpg 300w, https:\/\/d3l56h94xwal1f.cloudfront.net\/wp-content\/uploads\/2025\/03\/25114336\/Vista-general-1-1024x602.jpg 1024w, https:\/\/d3l56h94xwal1f.cloudfront.net\/wp-content\/uploads\/2025\/03\/25114336\/Vista-general-1-768x451.jpg 768w, https:\/\/d3l56h94xwal1f.cloudfront.net\/wp-content\/uploads\/2025\/03\/25114336\/Vista-general-1-50x29.jpg 50w\" sizes=\"auto, (max-width: 800px) 100vw, 800px\" \/><\/a><\/p>\n<p><a href=\"https:\/\/d3l56h94xwal1f.cloudfront.net\/wp-content\/uploads\/2025\/03\/25114436\/Vista-general-2.jpg\" target=\"_blank\" rel=\"noopener\"><img loading=\"lazy\" decoding=\"async\" class=\"alignnone wp-image-5052\" src=\"https:\/\/d3l56h94xwal1f.cloudfront.net\/wp-content\/uploads\/2025\/03\/25114436\/Vista-general-2.jpg\" alt=\"\" width=\"800\" height=\"432\" srcset=\"https:\/\/d3l56h94xwal1f.cloudfront.net\/wp-content\/uploads\/2025\/03\/25114436\/Vista-general-2.jpg 1400w, https:\/\/d3l56h94xwal1f.cloudfront.net\/wp-content\/uploads\/2025\/03\/25114436\/Vista-general-2-300x162.jpg 300w, https:\/\/d3l56h94xwal1f.cloudfront.net\/wp-content\/uploads\/2025\/03\/25114436\/Vista-general-2-1024x553.jpg 1024w, https:\/\/d3l56h94xwal1f.cloudfront.net\/wp-content\/uploads\/2025\/03\/25114436\/Vista-general-2-768x415.jpg 768w, https:\/\/d3l56h94xwal1f.cloudfront.net\/wp-content\/uploads\/2025\/03\/25114436\/Vista-general-2-50x27.jpg 50w\" sizes=\"auto, (max-width: 800px) 100vw, 800px\" \/><\/a><\/p>\n<p><a href=\"https:\/\/d3l56h94xwal1f.cloudfront.net\/wp-content\/uploads\/2025\/03\/25114521\/Viste-general-3.jpg\" target=\"_blank\" rel=\"noopener\"><img loading=\"lazy\" decoding=\"async\" class=\"alignnone wp-image-5053\" src=\"https:\/\/d3l56h94xwal1f.cloudfront.net\/wp-content\/uploads\/2025\/03\/25114521\/Viste-general-3.jpg\" alt=\"\" width=\"800\" height=\"535\" srcset=\"https:\/\/d3l56h94xwal1f.cloudfront.net\/wp-content\/uploads\/2025\/03\/25114521\/Viste-general-3.jpg 1200w, https:\/\/d3l56h94xwal1f.cloudfront.net\/wp-content\/uploads\/2025\/03\/25114521\/Viste-general-3-300x201.jpg 300w, https:\/\/d3l56h94xwal1f.cloudfront.net\/wp-content\/uploads\/2025\/03\/25114521\/Viste-general-3-1024x685.jpg 1024w, https:\/\/d3l56h94xwal1f.cloudfront.net\/wp-content\/uploads\/2025\/03\/25114521\/Viste-general-3-768x514.jpg 768w, https:\/\/d3l56h94xwal1f.cloudfront.net\/wp-content\/uploads\/2025\/03\/25114521\/Viste-general-3-50x33.jpg 50w\" sizes=\"auto, (max-width: 800px) 100vw, 800px\" \/><\/a><\/p>\n<p style=\"text-align: justify;\">En principio los equipos m\u00e1s fuertes y favoritos para optar a los primeros puestos eran, el equipo Cervantes A de Albacete, el equipo Alcalde Jos\u00e9 Maestro de Ciudad Real, el equipo Miguel Hern\u00e1ndez A de Alcoy, el equipo La Salle A de Alcoy, y el equipo San Francisco de As\u00eds A de Cocentaina.<\/p>\n<p style=\"text-align: justify;\">Destacar al equipo <strong>Campe\u00f3n<\/strong>, el Miguel Hern\u00e1ndez A de Alcoy que solo cedi\u00f3 un empate y gan\u00f3 el encuentro decisivo por la m\u00ednima con el equipo Subcampe\u00f3n, el Alcalde Jos\u00e9 Maestro de Ciudad Real. M\u00e9rito tiene el equipo Campe\u00f3n, ya que su 3er. tablero se tuvo que retirar al inicio de la competici\u00f3n por enfermedad, jugando el resto de los encuentros con solo 3 jugadores, siendo espectacular el rendimiento de los mismos.<\/p>\n<p style=\"text-align: justify;\">Los mejores tableros fueron,<\/p>\n<p style=\"text-align: justify;\"><strong>Tablero 1<\/strong> Alex Mag\u00e1n del Miguel Hern\u00e1ndez A de Alcoy y Alonso Ramos del Alcalde Jos\u00e9 Maestro de Ciudad Real con 5\u20195 puntos de 6.<\/p>\n<p style=\"text-align: justify;\"><strong>Tablero 2<\/strong> Liam Rosell\u00f3 del Miguel Hern\u00e1ndez A de Alcoy con 6 puntos de 6.<\/p>\n<p style=\"text-align: justify;\"><strong>Tablero 3<\/strong> Manuel Delgado del La Salle A de Alcoy con 6 puntos de 6.<\/p>\n<p style=\"text-align: justify;\"><strong>Tablero 4<\/strong> Sergi Bas del Miguel Hern\u00e1ndez A de Alcoy, Claudia G\u00f3mez del Cervantes A de Albacete, y Alicia Hern\u00e1ndez del San Juan Bosco A de Cocentaina con 5 puntos de 6.<\/p>\n<p style=\"text-align: justify;\">LOS RESULTADOS FINALES (por riguroso orden de desempates)<\/p>\n<p style=\"text-align: justify;\"><strong>Campe\u00f3n<\/strong> con 11 puntos qued\u00f3 el equipo del Colegio P\u00fablico Miguel Hern\u00e1ndez A de Alcoy cuyos componentes fueron Alex Mag\u00e1n, Liam Rosell\u00f3, Marc Moreno, y Sergi Bas. Solo cedieron un empate.<\/p>\n<div id=\"attachment_5050\" style=\"width: 1050px\" class=\"wp-caption alignnone\"><a href=\"https:\/\/d3l56h94xwal1f.cloudfront.net\/wp-content\/uploads\/2025\/03\/25114153\/Campeon-Miguel-Hernandez-A-de-Alcoy.jpg\" target=\"_blank\" rel=\"noopener\"><img loading=\"lazy\" decoding=\"async\" aria-describedby=\"caption-attachment-5050\" class=\"wp-image-5050 size-full\" src=\"https:\/\/d3l56h94xwal1f.cloudfront.net\/wp-content\/uploads\/2025\/03\/25114153\/Campeon-Miguel-Hernandez-A-de-Alcoy.jpg\" alt=\"\" width=\"1040\" height=\"1080\" srcset=\"https:\/\/d3l56h94xwal1f.cloudfront.net\/wp-content\/uploads\/2025\/03\/25114153\/Campeon-Miguel-Hernandez-A-de-Alcoy.jpg 1040w, https:\/\/d3l56h94xwal1f.cloudfront.net\/wp-content\/uploads\/2025\/03\/25114153\/Campeon-Miguel-Hernandez-A-de-Alcoy-289x300.jpg 289w, https:\/\/d3l56h94xwal1f.cloudfront.net\/wp-content\/uploads\/2025\/03\/25114153\/Campeon-Miguel-Hernandez-A-de-Alcoy-986x1024.jpg 986w, https:\/\/d3l56h94xwal1f.cloudfront.net\/wp-content\/uploads\/2025\/03\/25114153\/Campeon-Miguel-Hernandez-A-de-Alcoy-768x798.jpg 768w, https:\/\/d3l56h94xwal1f.cloudfront.net\/wp-content\/uploads\/2025\/03\/25114153\/Campeon-Miguel-Hernandez-A-de-Alcoy-48x50.jpg 48w\" sizes=\"auto, (max-width: 1040px) 100vw, 1040px\" \/><\/a><p id=\"caption-attachment-5050\" class=\"wp-caption-text\">Campe\u00f3n Miguel Hern\u00e1ndez A de Alcoy<\/p><\/div>\n<p style=\"text-align: justify;\"><strong>Subcampe\u00f3n<\/strong> con 9 puntos fue el equipo del Colegio P\u00fablico Alcalde Jos\u00e9 Maestro de Ciudad Real cuyos componentes son Alonso Ramos, Carlos Ramos, Pablo Diaz, y Alejandro Navarro. Perdieron solo un encuentro con el Campe\u00f3n y cedieron un empate con el 3er. Clasificado.<\/p>\n<div id=\"attachment_5058\" style=\"width: 810px\" class=\"wp-caption alignnone\"><a href=\"https:\/\/d3l56h94xwal1f.cloudfront.net\/wp-content\/uploads\/2025\/03\/25123223\/Subcampeon-Alcalde-Jose-Maestro-de-Ciudad-Real.jpg\" target=\"_blank\" rel=\"noopener\"><img loading=\"lazy\" decoding=\"async\" aria-describedby=\"caption-attachment-5058\" class=\"wp-image-5058\" src=\"https:\/\/d3l56h94xwal1f.cloudfront.net\/wp-content\/uploads\/2025\/03\/25123223\/Subcampeon-Alcalde-Jose-Maestro-de-Ciudad-Real.jpg\" alt=\"\" width=\"800\" height=\"682\" srcset=\"https:\/\/d3l56h94xwal1f.cloudfront.net\/wp-content\/uploads\/2025\/03\/25123223\/Subcampeon-Alcalde-Jose-Maestro-de-Ciudad-Real.jpg 1055w, https:\/\/d3l56h94xwal1f.cloudfront.net\/wp-content\/uploads\/2025\/03\/25123223\/Subcampeon-Alcalde-Jose-Maestro-de-Ciudad-Real-300x256.jpg 300w, https:\/\/d3l56h94xwal1f.cloudfront.net\/wp-content\/uploads\/2025\/03\/25123223\/Subcampeon-Alcalde-Jose-Maestro-de-Ciudad-Real-1024x874.jpg 1024w, https:\/\/d3l56h94xwal1f.cloudfront.net\/wp-content\/uploads\/2025\/03\/25123223\/Subcampeon-Alcalde-Jose-Maestro-de-Ciudad-Real-768x655.jpg 768w, https:\/\/d3l56h94xwal1f.cloudfront.net\/wp-content\/uploads\/2025\/03\/25123223\/Subcampeon-Alcalde-Jose-Maestro-de-Ciudad-Real-50x43.jpg 50w\" sizes=\"auto, (max-width: 800px) 100vw, 800px\" \/><\/a><p id=\"caption-attachment-5058\" class=\"wp-caption-text\">Subcampe\u00f3n Alcalde Jos\u00e9 Maestro de Ciudad Real<\/p><\/div>\n<p style=\"text-align: justify;\"><strong>3er. Clasificado<\/strong> con 8 puntos qued\u00f3 el equipo del Colegio P\u00fablico Cervantes A de Albacete, cuyos componentes fueron Sof\u00eda Ruiz, Hugo Reina, Alejandro Belda, y Claudia G\u00f3mez.<\/p>\n<div id=\"attachment_5059\" style=\"width: 810px\" class=\"wp-caption alignnone\"><a href=\"https:\/\/d3l56h94xwal1f.cloudfront.net\/wp-content\/uploads\/2025\/03\/25123318\/3o-Cervantes-A-de-Albacete.jpg\" target=\"_blank\" rel=\"noopener\"><img loading=\"lazy\" decoding=\"async\" aria-describedby=\"caption-attachment-5059\" class=\"wp-image-5059\" src=\"https:\/\/d3l56h94xwal1f.cloudfront.net\/wp-content\/uploads\/2025\/03\/25123318\/3o-Cervantes-A-de-Albacete.jpg\" alt=\"\" width=\"800\" height=\"734\" srcset=\"https:\/\/d3l56h94xwal1f.cloudfront.net\/wp-content\/uploads\/2025\/03\/25123318\/3o-Cervantes-A-de-Albacete.jpg 976w, https:\/\/d3l56h94xwal1f.cloudfront.net\/wp-content\/uploads\/2025\/03\/25123318\/3o-Cervantes-A-de-Albacete-300x275.jpg 300w, https:\/\/d3l56h94xwal1f.cloudfront.net\/wp-content\/uploads\/2025\/03\/25123318\/3o-Cervantes-A-de-Albacete-768x705.jpg 768w, https:\/\/d3l56h94xwal1f.cloudfront.net\/wp-content\/uploads\/2025\/03\/25123318\/3o-Cervantes-A-de-Albacete-50x46.jpg 50w\" sizes=\"auto, (max-width: 800px) 100vw, 800px\" \/><\/a><p id=\"caption-attachment-5059\" class=\"wp-caption-text\">3\u00ba Cervantes A de Albacete<\/p><\/div>\n<p style=\"text-align: justify;\"><strong>4\u00ba Clasificado<\/strong> con 8 puntos qued\u00f3 el equipo del Colegio La Salle A de Alcoy, cuyos componentes son \u00c1lvaro Sal y Rosas, Pablo Garc\u00eda, Manuel Delgado, y Marc Verdejo.<\/p>\n<div id=\"attachment_5060\" style=\"width: 810px\" class=\"wp-caption alignnone\"><a href=\"https:\/\/d3l56h94xwal1f.cloudfront.net\/wp-content\/uploads\/2025\/03\/25123410\/4o-La-Salle-A-de-Alcoy.jpg\" target=\"_blank\" rel=\"noopener\"><img loading=\"lazy\" decoding=\"async\" aria-describedby=\"caption-attachment-5060\" class=\"wp-image-5060\" src=\"https:\/\/d3l56h94xwal1f.cloudfront.net\/wp-content\/uploads\/2025\/03\/25123410\/4o-La-Salle-A-de-Alcoy.jpg\" alt=\"\" width=\"800\" height=\"706\" srcset=\"https:\/\/d3l56h94xwal1f.cloudfront.net\/wp-content\/uploads\/2025\/03\/25123410\/4o-La-Salle-A-de-Alcoy.jpg 1012w, https:\/\/d3l56h94xwal1f.cloudfront.net\/wp-content\/uploads\/2025\/03\/25123410\/4o-La-Salle-A-de-Alcoy-300x265.jpg 300w, https:\/\/d3l56h94xwal1f.cloudfront.net\/wp-content\/uploads\/2025\/03\/25123410\/4o-La-Salle-A-de-Alcoy-768x678.jpg 768w, https:\/\/d3l56h94xwal1f.cloudfront.net\/wp-content\/uploads\/2025\/03\/25123410\/4o-La-Salle-A-de-Alcoy-50x44.jpg 50w\" sizes=\"auto, (max-width: 800px) 100vw, 800px\" \/><\/a><p id=\"caption-attachment-5060\" class=\"wp-caption-text\">4\u00ba La Salle A de Alcoy<\/p><\/div>\n<p style=\"text-align: justify;\"><strong>5\u00b0 Clasificado<\/strong> con 7 puntos qued\u00f3 el equipo del Colegio P\u00fablico Cervantes B de Albacete, cuyos componentes fueron Abraham Le\u00f3n, Juli\u00e1n Vergara, V\u00edctor Peraile, Amira Mimoun, y Maykel Samuel Osorio.<\/p>\n<div id=\"attachment_5061\" style=\"width: 810px\" class=\"wp-caption alignnone\"><a href=\"https:\/\/d3l56h94xwal1f.cloudfront.net\/wp-content\/uploads\/2025\/03\/25123527\/5o-Cervantes-B-de-Albacete.jpg\" target=\"_blank\" rel=\"noopener\"><img loading=\"lazy\" decoding=\"async\" aria-describedby=\"caption-attachment-5061\" class=\"wp-image-5061\" src=\"https:\/\/d3l56h94xwal1f.cloudfront.net\/wp-content\/uploads\/2025\/03\/25123527\/5o-Cervantes-B-de-Albacete.jpg\" alt=\"\" width=\"800\" height=\"899\" srcset=\"https:\/\/d3l56h94xwal1f.cloudfront.net\/wp-content\/uploads\/2025\/03\/25123527\/5o-Cervantes-B-de-Albacete.jpg 1022w, https:\/\/d3l56h94xwal1f.cloudfront.net\/wp-content\/uploads\/2025\/03\/25123527\/5o-Cervantes-B-de-Albacete-267x300.jpg 267w, https:\/\/d3l56h94xwal1f.cloudfront.net\/wp-content\/uploads\/2025\/03\/25123527\/5o-Cervantes-B-de-Albacete-911x1024.jpg 911w, https:\/\/d3l56h94xwal1f.cloudfront.net\/wp-content\/uploads\/2025\/03\/25123527\/5o-Cervantes-B-de-Albacete-768x863.jpg 768w, https:\/\/d3l56h94xwal1f.cloudfront.net\/wp-content\/uploads\/2025\/03\/25123527\/5o-Cervantes-B-de-Albacete-44x50.jpg 44w\" sizes=\"auto, (max-width: 800px) 100vw, 800px\" \/><\/a><p id=\"caption-attachment-5061\" class=\"wp-caption-text\">5\u00ba Cervantes B de Albacete<\/p><\/div>\n<p style=\"text-align: justify;\"><strong>6\u00ba Clasificado<\/strong> con 7 puntos qued\u00f3 el equipo del Colegio P\u00fablico San Juan Bosco A de Cocentaina, cuyos componentes son Enzo Aznar, Roger Jover, Iago Aznar, y Teo Rodr\u00edguez.<\/p>\n<div id=\"attachment_5062\" style=\"width: 810px\" class=\"wp-caption alignnone\"><a href=\"https:\/\/d3l56h94xwal1f.cloudfront.net\/wp-content\/uploads\/2025\/03\/25123639\/6o-San-Juan-Bosco-A-de-Cocentaina.jpg\" target=\"_blank\" rel=\"noopener\"><img loading=\"lazy\" decoding=\"async\" aria-describedby=\"caption-attachment-5062\" class=\"wp-image-5062\" src=\"https:\/\/d3l56h94xwal1f.cloudfront.net\/wp-content\/uploads\/2025\/03\/25123639\/6o-San-Juan-Bosco-A-de-Cocentaina.jpg\" alt=\"\" width=\"800\" height=\"901\" srcset=\"https:\/\/d3l56h94xwal1f.cloudfront.net\/wp-content\/uploads\/2025\/03\/25123639\/6o-San-Juan-Bosco-A-de-Cocentaina.jpg 962w, https:\/\/d3l56h94xwal1f.cloudfront.net\/wp-content\/uploads\/2025\/03\/25123639\/6o-San-Juan-Bosco-A-de-Cocentaina-266x300.jpg 266w, https:\/\/d3l56h94xwal1f.cloudfront.net\/wp-content\/uploads\/2025\/03\/25123639\/6o-San-Juan-Bosco-A-de-Cocentaina-910x1024.jpg 910w, https:\/\/d3l56h94xwal1f.cloudfront.net\/wp-content\/uploads\/2025\/03\/25123639\/6o-San-Juan-Bosco-A-de-Cocentaina-768x865.jpg 768w, https:\/\/d3l56h94xwal1f.cloudfront.net\/wp-content\/uploads\/2025\/03\/25123639\/6o-San-Juan-Bosco-A-de-Cocentaina-44x50.jpg 44w\" sizes=\"auto, (max-width: 800px) 100vw, 800px\" \/><\/a><p id=\"caption-attachment-5062\" class=\"wp-caption-text\">6\u00ba San Juan Bosco A de Cocentaina<\/p><\/div>\n<p style=\"text-align: justify;\"><strong>7\u00b0 Clasificado<\/strong> con 6 puntos qued\u00f3 el equipo del Colegio San Francisco de As\u00eds A de Cocentaina, cuyos componentes fueron Jordi Va\u00f1\u00f3, Aleix Armi\u00f1ana, Izan Ar\u00e1nega, y Daniel Mill\u00e1n.<\/p>\n<div id=\"attachment_5063\" style=\"width: 810px\" class=\"wp-caption alignnone\"><a href=\"https:\/\/d3l56h94xwal1f.cloudfront.net\/wp-content\/uploads\/2025\/03\/25123735\/7o-San-Fco.-de-Asis-A-de-Cocentaina.jpg\" target=\"_blank\" rel=\"noopener\"><img loading=\"lazy\" decoding=\"async\" aria-describedby=\"caption-attachment-5063\" class=\"wp-image-5063\" src=\"https:\/\/d3l56h94xwal1f.cloudfront.net\/wp-content\/uploads\/2025\/03\/25123735\/7o-San-Fco.-de-Asis-A-de-Cocentaina.jpg\" alt=\"\" width=\"800\" height=\"1002\" srcset=\"https:\/\/d3l56h94xwal1f.cloudfront.net\/wp-content\/uploads\/2025\/03\/25123735\/7o-San-Fco.-de-Asis-A-de-Cocentaina.jpg 821w, https:\/\/d3l56h94xwal1f.cloudfront.net\/wp-content\/uploads\/2025\/03\/25123735\/7o-San-Fco.-de-Asis-A-de-Cocentaina-240x300.jpg 240w, https:\/\/d3l56h94xwal1f.cloudfront.net\/wp-content\/uploads\/2025\/03\/25123735\/7o-San-Fco.-de-Asis-A-de-Cocentaina-818x1024.jpg 818w, https:\/\/d3l56h94xwal1f.cloudfront.net\/wp-content\/uploads\/2025\/03\/25123735\/7o-San-Fco.-de-Asis-A-de-Cocentaina-768x962.jpg 768w, https:\/\/d3l56h94xwal1f.cloudfront.net\/wp-content\/uploads\/2025\/03\/25123735\/7o-San-Fco.-de-Asis-A-de-Cocentaina-40x50.jpg 40w\" sizes=\"auto, (max-width: 800px) 100vw, 800px\" \/><\/a><p id=\"caption-attachment-5063\" class=\"wp-caption-text\">7\u00ba San Fco. de As\u00eds A de Cocentaina<\/p><\/div>\n<p style=\"text-align: justify;\"><strong>8\u00ba Clasificado<\/strong> con 6 puntos qued\u00f3 el equipo del Colegio P\u00fablico San Juan Bosco B de Cocentaina, cuyos componentes son Rania Krifsou, Carla Picurelli, Malak Kezadri, y Alicia Hern\u00e1ndez. Fue el \u00fanico equipo compuesto solo por chicas, lo cual tiene mucho m\u00e9rito.<\/p>\n<div id=\"attachment_5064\" style=\"width: 810px\" class=\"wp-caption alignnone\"><a href=\"https:\/\/d3l56h94xwal1f.cloudfront.net\/wp-content\/uploads\/2025\/03\/25123826\/8o-San-Juan-Bosco-B-de-Cocentaina.jpg\" target=\"_blank\" rel=\"noopener\"><img loading=\"lazy\" decoding=\"async\" aria-describedby=\"caption-attachment-5064\" class=\"wp-image-5064\" src=\"https:\/\/d3l56h94xwal1f.cloudfront.net\/wp-content\/uploads\/2025\/03\/25123826\/8o-San-Juan-Bosco-B-de-Cocentaina.jpg\" alt=\"\" width=\"800\" height=\"822\" srcset=\"https:\/\/d3l56h94xwal1f.cloudfront.net\/wp-content\/uploads\/2025\/03\/25123826\/8o-San-Juan-Bosco-B-de-Cocentaina.jpg 1033w, https:\/\/d3l56h94xwal1f.cloudfront.net\/wp-content\/uploads\/2025\/03\/25123826\/8o-San-Juan-Bosco-B-de-Cocentaina-292x300.jpg 292w, https:\/\/d3l56h94xwal1f.cloudfront.net\/wp-content\/uploads\/2025\/03\/25123826\/8o-San-Juan-Bosco-B-de-Cocentaina-997x1024.jpg 997w, https:\/\/d3l56h94xwal1f.cloudfront.net\/wp-content\/uploads\/2025\/03\/25123826\/8o-San-Juan-Bosco-B-de-Cocentaina-768x789.jpg 768w, https:\/\/d3l56h94xwal1f.cloudfront.net\/wp-content\/uploads\/2025\/03\/25123826\/8o-San-Juan-Bosco-B-de-Cocentaina-50x50.jpg 50w\" sizes=\"auto, (max-width: 800px) 100vw, 800px\" \/><\/a><p id=\"caption-attachment-5064\" class=\"wp-caption-text\">8\u00ba San Juan Bosco B de Cocentaina<\/p><\/div>\n<p style=\"text-align: justify;\"><strong>9\u00b0 Clasificado<\/strong> con 6 puntos qued\u00f3 el equipo del Colegio P\u00fablico Real Blanc de Cocentaina, cuyos componentes fueron Mateo Catal\u00e1, \u00d3scar Dom\u00e9nech, Alex Boykov, Ainara Ern, y Anastasiia Karaman.<\/p>\n<div id=\"attachment_5065\" style=\"width: 810px\" class=\"wp-caption alignnone\"><a href=\"https:\/\/d3l56h94xwal1f.cloudfront.net\/wp-content\/uploads\/2025\/03\/25123920\/9o-Real-Blanc-de-Cocentaina.jpg\" target=\"_blank\" rel=\"noopener\"><img loading=\"lazy\" decoding=\"async\" aria-describedby=\"caption-attachment-5065\" class=\"wp-image-5065\" src=\"https:\/\/d3l56h94xwal1f.cloudfront.net\/wp-content\/uploads\/2025\/03\/25123920\/9o-Real-Blanc-de-Cocentaina.jpg\" alt=\"\" width=\"800\" height=\"723\" srcset=\"https:\/\/d3l56h94xwal1f.cloudfront.net\/wp-content\/uploads\/2025\/03\/25123920\/9o-Real-Blanc-de-Cocentaina.jpg 1136w, https:\/\/d3l56h94xwal1f.cloudfront.net\/wp-content\/uploads\/2025\/03\/25123920\/9o-Real-Blanc-de-Cocentaina-300x271.jpg 300w, https:\/\/d3l56h94xwal1f.cloudfront.net\/wp-content\/uploads\/2025\/03\/25123920\/9o-Real-Blanc-de-Cocentaina-1024x925.jpg 1024w, https:\/\/d3l56h94xwal1f.cloudfront.net\/wp-content\/uploads\/2025\/03\/25123920\/9o-Real-Blanc-de-Cocentaina-768x694.jpg 768w, https:\/\/d3l56h94xwal1f.cloudfront.net\/wp-content\/uploads\/2025\/03\/25123920\/9o-Real-Blanc-de-Cocentaina-50x45.jpg 50w\" sizes=\"auto, (max-width: 800px) 100vw, 800px\" \/><\/a><p id=\"caption-attachment-5065\" class=\"wp-caption-text\">9\u00ba Real Blanc de Cocentaina<\/p><\/div>\n<p style=\"text-align: justify;\"><strong>10\u00b0 Clasificado<\/strong> con 6 puntos qued\u00f3 el equipo del Colegio San Francisco de As\u00eds B de Cocentaina, cuyos componentes son D\u00eddac Gonz\u00e1lez, Axel Armi\u00f1ana, Vicent Pav\u00eda, Alex Moreno, y J\u00falia Gonz\u00e1lez.<\/p>\n<div id=\"attachment_5066\" style=\"width: 810px\" class=\"wp-caption alignnone\"><a href=\"https:\/\/d3l56h94xwal1f.cloudfront.net\/wp-content\/uploads\/2025\/03\/25124038\/10o-San-Fco.-de-Asis-B-de-Cocentaina.jpg\" target=\"_blank\" rel=\"noopener\"><img loading=\"lazy\" decoding=\"async\" aria-describedby=\"caption-attachment-5066\" class=\"wp-image-5066\" src=\"https:\/\/d3l56h94xwal1f.cloudfront.net\/wp-content\/uploads\/2025\/03\/25124038\/10o-San-Fco.-de-Asis-B-de-Cocentaina.jpg\" alt=\"\" width=\"800\" height=\"756\" srcset=\"https:\/\/d3l56h94xwal1f.cloudfront.net\/wp-content\/uploads\/2025\/03\/25124038\/10o-San-Fco.-de-Asis-B-de-Cocentaina.jpg 954w, https:\/\/d3l56h94xwal1f.cloudfront.net\/wp-content\/uploads\/2025\/03\/25124038\/10o-San-Fco.-de-Asis-B-de-Cocentaina-300x283.jpg 300w, https:\/\/d3l56h94xwal1f.cloudfront.net\/wp-content\/uploads\/2025\/03\/25124038\/10o-San-Fco.-de-Asis-B-de-Cocentaina-768x725.jpg 768w, https:\/\/d3l56h94xwal1f.cloudfront.net\/wp-content\/uploads\/2025\/03\/25124038\/10o-San-Fco.-de-Asis-B-de-Cocentaina-50x47.jpg 50w\" sizes=\"auto, (max-width: 800px) 100vw, 800px\" \/><\/a><p id=\"caption-attachment-5066\" class=\"wp-caption-text\">10\u00ba San Fco. de As\u00eds B de Cocentaina<\/p><\/div>\n<p style=\"text-align: justify;\">Hasta 16 equipos.<\/p>\n<p style=\"text-align: justify;\">Como aliciente para los participantes y sus acompa\u00f1antes hubo un desayuno, varios talleres infantiles y un taller de ajedrez.<\/p>\n<div id=\"attachment_5048\" style=\"width: 810px\" class=\"wp-caption alignnone\"><a href=\"https:\/\/d3l56h94xwal1f.cloudfront.net\/wp-content\/uploads\/2025\/03\/25113757\/Taller-de-ajedrez.jpg\" target=\"_blank\" rel=\"noopener\"><img loading=\"lazy\" decoding=\"async\" aria-describedby=\"caption-attachment-5048\" class=\"wp-image-5048\" src=\"https:\/\/d3l56h94xwal1f.cloudfront.net\/wp-content\/uploads\/2025\/03\/25113757\/Taller-de-ajedrez.jpg\" alt=\"\" width=\"800\" height=\"586\" srcset=\"https:\/\/d3l56h94xwal1f.cloudfront.net\/wp-content\/uploads\/2025\/03\/25113757\/Taller-de-ajedrez.jpg 1156w, https:\/\/d3l56h94xwal1f.cloudfront.net\/wp-content\/uploads\/2025\/03\/25113757\/Taller-de-ajedrez-300x220.jpg 300w, https:\/\/d3l56h94xwal1f.cloudfront.net\/wp-content\/uploads\/2025\/03\/25113757\/Taller-de-ajedrez-1024x750.jpg 1024w, https:\/\/d3l56h94xwal1f.cloudfront.net\/wp-content\/uploads\/2025\/03\/25113757\/Taller-de-ajedrez-768x563.jpg 768w, https:\/\/d3l56h94xwal1f.cloudfront.net\/wp-content\/uploads\/2025\/03\/25113757\/Taller-de-ajedrez-50x37.jpg 50w\" sizes=\"auto, (max-width: 800px) 100vw, 800px\" \/><\/a><p id=\"caption-attachment-5048\" class=\"wp-caption-text\">Taller de ajedrez<\/p><\/div>\n<p style=\"text-align: justify;\">En un buen ambiente se realiz\u00f3 la entrega de Premios, consiguiendo los Equipos Campe\u00f3n y Subcampe\u00f3n del torneo los gastos pagados de la inscripci\u00f3n al Campeonato de Espa\u00f1a Escolar por Equipos Sub 12 (de Colegios), que se realizar\u00e1 a finales de Abril en Guardamar del Segura (Alicante). El Equipo 3er. Clasificado ha obtenido 120 euros en material deportivo de ajedrez. Los Equipos Clasificados del 1\u00ba al 10\u00ba puesto, recibieron un trofeo, as\u00ed como el 1er. Equipo Clasificado de la Comunidad Valenciana que fue el Campe\u00f3n. Hubo obsequios para todos los participantes, como llaveros y botes de miel.<\/p>\n<p><div id=\"attachment_5049\" style=\"width: 810px\" class=\"wp-caption alignnone\"><a href=\"https:\/\/d3l56h94xwal1f.cloudfront.net\/wp-content\/uploads\/2025\/03\/25114004\/Los-Trofeos.jpg\" target=\"_blank\" rel=\"noopener\"><img loading=\"lazy\" decoding=\"async\" aria-describedby=\"caption-attachment-5049\" class=\"wp-image-5049\" src=\"https:\/\/d3l56h94xwal1f.cloudfront.net\/wp-content\/uploads\/2025\/03\/25114004\/Los-Trofeos.jpg\" alt=\"\" width=\"800\" height=\"597\" srcset=\"https:\/\/d3l56h94xwal1f.cloudfront.net\/wp-content\/uploads\/2025\/03\/25114004\/Los-Trofeos.jpg 1200w, https:\/\/d3l56h94xwal1f.cloudfront.net\/wp-content\/uploads\/2025\/03\/25114004\/Los-Trofeos-300x224.jpg 300w, https:\/\/d3l56h94xwal1f.cloudfront.net\/wp-content\/uploads\/2025\/03\/25114004\/Los-Trofeos-1024x764.jpg 1024w, https:\/\/d3l56h94xwal1f.cloudfront.net\/wp-content\/uploads\/2025\/03\/25114004\/Los-Trofeos-768x573.jpg 768w, https:\/\/d3l56h94xwal1f.cloudfront.net\/wp-content\/uploads\/2025\/03\/25114004\/Los-Trofeos-50x37.jpg 50w\" sizes=\"auto, (max-width: 800px) 100vw, 800px\" \/><\/a><p id=\"caption-attachment-5049\" class=\"wp-caption-text\">Los trofeos<\/p><\/div> <div id=\"attachment_5067\" style=\"width: 810px\" class=\"wp-caption alignnone\"><a href=\"https:\/\/d3l56h94xwal1f.cloudfront.net\/wp-content\/uploads\/2025\/03\/25124209\/La-Clausura.jpg\" target=\"_blank\" rel=\"noopener\"><img loading=\"lazy\" decoding=\"async\" aria-describedby=\"caption-attachment-5067\" class=\"wp-image-5067\" src=\"https:\/\/d3l56h94xwal1f.cloudfront.net\/wp-content\/uploads\/2025\/03\/25124209\/La-Clausura.jpg\" alt=\"\" width=\"800\" height=\"640\" srcset=\"https:\/\/d3l56h94xwal1f.cloudfront.net\/wp-content\/uploads\/2025\/03\/25124209\/La-Clausura.jpg 1125w, https:\/\/d3l56h94xwal1f.cloudfront.net\/wp-content\/uploads\/2025\/03\/25124209\/La-Clausura-300x240.jpg 300w, https:\/\/d3l56h94xwal1f.cloudfront.net\/wp-content\/uploads\/2025\/03\/25124209\/La-Clausura-1024x819.jpg 1024w, https:\/\/d3l56h94xwal1f.cloudfront.net\/wp-content\/uploads\/2025\/03\/25124209\/La-Clausura-768x614.jpg 768w, https:\/\/d3l56h94xwal1f.cloudfront.net\/wp-content\/uploads\/2025\/03\/25124209\/La-Clausura-50x40.jpg 50w\" sizes=\"auto, (max-width: 800px) 100vw, 800px\" \/><\/a><p id=\"caption-attachment-5067\" class=\"wp-caption-text\">La clausura<\/p><\/div><\/p>\n<p style=\"text-align: justify;\">En la Clausura estuvieron presentes Do\u00f1a Vanessa Sell\u00e9s y Don Jos\u00e9 Vicente Palacios, Directora y Jefe de Estudios respectivamente del Colegio P\u00fablico Miguel Hern\u00e1ndez de Alcoy, y Don Joaqu\u00edn Corb\u00ed Presidente del Club de Ajedrez Tabiya Alcoy.<\/p>\n<p style=\"text-align: justify;\">Como se ve, es una muy buena iniciativa por parte del Club de Ajedrez Tabiya Alcoy, para promocionar el ajedrez que se realiza en los Colegios.<\/p>\n<p style=\"text-align: justify;\">La Clasificaci\u00f3n Final con todos los datos de los jugadores y resultados est\u00e1n en\u00a0<\/p>\n<p style=\"text-align: justify;\"><span style=\"color: #800080; font-size: 18pt;\"><strong><a style=\"color: #800080;\" href=\"https:\/\/chess-results.com\/tnr1116099.aspx?lan=2\" target=\"_blank\" rel=\"noopener\">https:\/\/chess-results.com\/tnr1116099.aspx?lan=2<\/a><\/strong><\/span><\/p>\n<div id=\"attachment_5075\" style=\"width: 810px\" class=\"wp-caption alignnone\"><a href=\"https:\/\/d3l56h94xwal1f.cloudfront.net\/wp-content\/uploads\/2025\/03\/25130459\/Clasificacion-Final.jpg\" target=\"_blank\" rel=\"noopener\"><img loading=\"lazy\" decoding=\"async\" aria-describedby=\"caption-attachment-5075\" class=\"wp-image-5075\" src=\"https:\/\/d3l56h94xwal1f.cloudfront.net\/wp-content\/uploads\/2025\/03\/25130459\/Clasificacion-Final.jpg\" alt=\"\" width=\"800\" height=\"869\" srcset=\"https:\/\/d3l56h94xwal1f.cloudfront.net\/wp-content\/uploads\/2025\/03\/25130459\/Clasificacion-Final.jpg 1240w, https:\/\/d3l56h94xwal1f.cloudfront.net\/wp-content\/uploads\/2025\/03\/25130459\/Clasificacion-Final-276x300.jpg 276w, https:\/\/d3l56h94xwal1f.cloudfront.net\/wp-content\/uploads\/2025\/03\/25130459\/Clasificacion-Final-943x1024.jpg 943w, https:\/\/d3l56h94xwal1f.cloudfront.net\/wp-content\/uploads\/2025\/03\/25130459\/Clasificacion-Final-768x834.jpg 768w, https:\/\/d3l56h94xwal1f.cloudfront.net\/wp-content\/uploads\/2025\/03\/25130459\/Clasificacion-Final-46x50.jpg 46w\" sizes=\"auto, (max-width: 800px) 100vw, 800px\" \/><\/a><p id=\"caption-attachment-5075\" class=\"wp-caption-text\">Clasificaci\u00f3n Final<\/p><\/div>\n","protected":false},"excerpt":{"rendered":"<p>Se celebr\u00f3 el Domingo 9 de Marzo por la ma\u00f1ana en el Colegio P\u00fablico Miguel Hern\u00e1ndez de Alcoy, el 3er. Torneo Interterritorial de Ajedrez de Colegios por Equipos, que fue organizado por el Club de&#8230;<\/p>\n","protected":false},"author":2,"featured_media":5057,"comment_status":"open","ping_status":"open","sticky":false,"template":"","format":"standard","meta":{"rop_custom_images_group":[],"rop_custom_messages_group":[],"rop_publish_now":"initial","rop_publish_now_accounts":[],"rop_publish_now_history":[],"rop_publish_now_status":"pending","footnotes":""},"categories":[4],"tags":[],"class_list":["post-5047","post","type-post","status-publish","format-standard","has-post-thumbnail","hentry","category-torneos"],"wppr_data":{"cwp_meta_box_check":"No"},"_links":{"self":[{"href":"https:\/\/ajedreztabiyaalcoy.es\/club\/wp-json\/wp\/v2\/posts\/5047","targetHints":{"allow":["GET"]}}],"collection":[{"href":"https:\/\/ajedreztabiyaalcoy.es\/club\/wp-json\/wp\/v2\/posts"}],"about":[{"href":"https:\/\/ajedreztabiyaalcoy.es\/club\/wp-json\/wp\/v2\/types\/post"}],"author":[{"embeddable":true,"href":"https:\/\/ajedreztabiyaalcoy.es\/club\/wp-json\/wp\/v2\/users\/2"}],"replies":[{"embeddable":true,"href":"https:\/\/ajedreztabiyaalcoy.es\/club\/wp-json\/wp\/v2\/comments?post=5047"}],"version-history":[{"count":6,"href":"https:\/\/ajedreztabiyaalcoy.es\/club\/wp-json\/wp\/v2\/posts\/5047\/revisions"}],"predecessor-version":[{"id":5076,"href":"https:\/\/ajedreztabiyaalcoy.es\/club\/wp-json\/wp\/v2\/posts\/5047\/revisions\/5076"}],"wp:featuredmedia":[{"embeddable":true,"href":"https:\/\/ajedreztabiyaalcoy.es\/club\/wp-json\/wp\/v2\/media\/5057"}],"wp:attachment":[{"href":"https:\/\/ajedreztabiyaalcoy.es\/club\/wp-json\/wp\/v2\/media?parent=5047"}],"wp:term":[{"taxonomy":"category","embeddable":true,"href":"https:\/\/ajedreztabiyaalcoy.es\/club\/wp-json\/wp\/v2\/categories?post=5047"},{"taxonomy":"post_tag","embeddable":true,"href":"https:\/\/ajedreztabiyaalcoy.es\/club\/wp-json\/wp\/v2\/tags?post=5047"}],"curies":[{"name":"wp","href":"https:\/\/api.w.org\/{rel}","templated":true}]}}