{"id":651,"date":"2014-08-21T21:15:48","date_gmt":"2014-08-21T19:15:48","guid":{"rendered":"https:\/\/ajedreztabiyaalcoy.es\/club\/?p=651"},"modified":"2014-08-21T22:40:20","modified_gmt":"2014-08-21T20:40:20","slug":"torneo-de-ajedrez-semana-cultural-de-beniarres-2014","status":"publish","type":"post","link":"https:\/\/ajedreztabiyaalcoy.es\/club\/torneo-de-ajedrez-semana-cultural-de-beniarres-2014\/","title":{"rendered":"TORNEO  DE  AJEDREZ  SEMANA  CULTURAL DE  BENIARR\u00c9S  2014"},"content":{"rendered":"<div id=\"attachment_652\" style=\"width: 410px\" class=\"wp-caption aligncenter\"><a href=\"https:\/\/ajedreztabiyaalcoy.es\/club\/wp-content\/uploads\/2014\/08\/top.jpg\"><img loading=\"lazy\" decoding=\"async\" aria-describedby=\"caption-attachment-652\" class=\"wp-image-652\" src=\"https:\/\/ajedreztabiyaalcoy.es\/club\/wp-content\/uploads\/2014\/08\/top-300x62.jpg\" alt=\"\" width=\"400\" height=\"83\" \/><\/a><p id=\"caption-attachment-652\" class=\"wp-caption-text\">Beniarr\u00e9s, bonita localidad del interior de la provincia de Alicante<\/p><\/div>\n<p style=\"text-align: justify;\">Se ha celebrado en Agosto en Beniarr\u00e9s unas actividades deportivas y culturales, con motivo de su Semana Cultural. Dichas actividades han estado organizadas por el Ayuntamiento de Beniarr\u00e9s. En la actividad de Ajedrez se realiz\u00f3 un torneo por eliminatorias, en partidas de 10 minutos por jugador, llevando la Direcci\u00f3n T\u00e9cnica el Club de Ajedrez Cocentaina.<\/p>\n<div id=\"attachment_653\" style=\"width: 410px\" class=\"wp-caption aligncenter\"><a href=\"https:\/\/ajedreztabiyaalcoy.es\/club\/wp-content\/uploads\/2014\/08\/1-Vista-general-del-torneo.jpg\"><img loading=\"lazy\" decoding=\"async\" aria-describedby=\"caption-attachment-653\" class=\"wp-image-653\" src=\"https:\/\/ajedreztabiyaalcoy.es\/club\/wp-content\/uploads\/2014\/08\/1-Vista-general-del-torneo-300x200.jpg\" alt=\"\" width=\"400\" height=\"267\" srcset=\"https:\/\/ajedreztabiyaalcoy.es\/club\/wp-content\/uploads\/2014\/08\/1-Vista-general-del-torneo-300x200.jpg 300w, https:\/\/ajedreztabiyaalcoy.es\/club\/wp-content\/uploads\/2014\/08\/1-Vista-general-del-torneo-768x512.jpg 768w, https:\/\/ajedreztabiyaalcoy.es\/club\/wp-content\/uploads\/2014\/08\/1-Vista-general-del-torneo-1024x683.jpg 1024w, https:\/\/ajedreztabiyaalcoy.es\/club\/wp-content\/uploads\/2014\/08\/1-Vista-general-del-torneo-50x33.jpg 50w, https:\/\/ajedreztabiyaalcoy.es\/club\/wp-content\/uploads\/2014\/08\/1-Vista-general-del-torneo.jpg 1166w\" sizes=\"auto, (max-width: 400px) 100vw, 400px\" \/><\/a><p id=\"caption-attachment-653\" class=\"wp-caption-text\">Vista general del torneo<\/p><\/div>\n<div id=\"attachment_654\" style=\"width: 410px\" class=\"wp-caption aligncenter\"><a href=\"https:\/\/ajedreztabiyaalcoy.es\/club\/wp-content\/uploads\/2014\/08\/2-Vista-general-del-torneo.jpg\"><img loading=\"lazy\" decoding=\"async\" aria-describedby=\"caption-attachment-654\" class=\"wp-image-654\" src=\"https:\/\/ajedreztabiyaalcoy.es\/club\/wp-content\/uploads\/2014\/08\/2-Vista-general-del-torneo-300x169.jpg\" alt=\"\" width=\"400\" height=\"226\" \/><\/a><p id=\"caption-attachment-654\" class=\"wp-caption-text\">Vista general del torneo<\/p><\/div>\n<div id=\"attachment_655\" style=\"width: 410px\" class=\"wp-caption aligncenter\"><a href=\"https:\/\/ajedreztabiyaalcoy.es\/club\/wp-content\/uploads\/2014\/08\/3-Eliminatorias-1.jpg\"><img loading=\"lazy\" decoding=\"async\" aria-describedby=\"caption-attachment-655\" class=\"wp-image-655\" src=\"https:\/\/ajedreztabiyaalcoy.es\/club\/wp-content\/uploads\/2014\/08\/3-Eliminatorias-1-300x200.jpg\" alt=\"\" width=\"400\" height=\"267\" srcset=\"https:\/\/ajedreztabiyaalcoy.es\/club\/wp-content\/uploads\/2014\/08\/3-Eliminatorias-1-300x200.jpg 300w, https:\/\/ajedreztabiyaalcoy.es\/club\/wp-content\/uploads\/2014\/08\/3-Eliminatorias-1-768x512.jpg 768w, https:\/\/ajedreztabiyaalcoy.es\/club\/wp-content\/uploads\/2014\/08\/3-Eliminatorias-1-1024x683.jpg 1024w, https:\/\/ajedreztabiyaalcoy.es\/club\/wp-content\/uploads\/2014\/08\/3-Eliminatorias-1-50x33.jpg 50w, https:\/\/ajedreztabiyaalcoy.es\/club\/wp-content\/uploads\/2014\/08\/3-Eliminatorias-1.jpg 1166w\" sizes=\"auto, (max-width: 400px) 100vw, 400px\" \/><\/a><p id=\"caption-attachment-655\" class=\"wp-caption-text\">Eliminatorias<\/p><\/div>\n<p style=\"text-align: justify;\">Participaron 20 ni\u00f1os y j\u00f3venes de categor\u00edas benjam\u00edn, alev\u00edn, infantil, y cadete procedentes de Beniarr\u00e9s, Cocentaina, y de la provincia de Valencia. Todos ellos demostraron un buen nivel y una excelente deportividad. Tambi\u00e9n hubo partidas amistosas que pudieron jugar m\u00e1s aficionados.<\/p>\n<div id=\"attachment_658\" style=\"width: 410px\" class=\"wp-caption aligncenter\"><a href=\"https:\/\/ajedreztabiyaalcoy.es\/club\/wp-content\/uploads\/2014\/08\/4-Eliminatorias-2.jpg\"><img loading=\"lazy\" decoding=\"async\" aria-describedby=\"caption-attachment-658\" class=\"wp-image-658\" src=\"https:\/\/ajedreztabiyaalcoy.es\/club\/wp-content\/uploads\/2014\/08\/4-Eliminatorias-2.jpg\" alt=\"\" width=\"400\" height=\"267\" srcset=\"https:\/\/ajedreztabiyaalcoy.es\/club\/wp-content\/uploads\/2014\/08\/4-Eliminatorias-2.jpg 1166w, https:\/\/ajedreztabiyaalcoy.es\/club\/wp-content\/uploads\/2014\/08\/4-Eliminatorias-2-300x200.jpg 300w, https:\/\/ajedreztabiyaalcoy.es\/club\/wp-content\/uploads\/2014\/08\/4-Eliminatorias-2-768x512.jpg 768w, https:\/\/ajedreztabiyaalcoy.es\/club\/wp-content\/uploads\/2014\/08\/4-Eliminatorias-2-1024x683.jpg 1024w, https:\/\/ajedreztabiyaalcoy.es\/club\/wp-content\/uploads\/2014\/08\/4-Eliminatorias-2-50x33.jpg 50w\" sizes=\"auto, (max-width: 400px) 100vw, 400px\" \/><\/a><p id=\"caption-attachment-658\" class=\"wp-caption-text\">Eliminatorias<\/p><\/div>\n<div id=\"attachment_659\" style=\"width: 410px\" class=\"wp-caption aligncenter\"><a href=\"https:\/\/ajedreztabiyaalcoy.es\/club\/wp-content\/uploads\/2014\/08\/5-Eliminatorias-3.jpg\"><img loading=\"lazy\" decoding=\"async\" aria-describedby=\"caption-attachment-659\" class=\"wp-image-659\" src=\"https:\/\/ajedreztabiyaalcoy.es\/club\/wp-content\/uploads\/2014\/08\/5-Eliminatorias-3.jpg\" alt=\"\" width=\"400\" height=\"321\" srcset=\"https:\/\/ajedreztabiyaalcoy.es\/club\/wp-content\/uploads\/2014\/08\/5-Eliminatorias-3.jpg 962w, https:\/\/ajedreztabiyaalcoy.es\/club\/wp-content\/uploads\/2014\/08\/5-Eliminatorias-3-300x240.jpg 300w, https:\/\/ajedreztabiyaalcoy.es\/club\/wp-content\/uploads\/2014\/08\/5-Eliminatorias-3-768x616.jpg 768w, https:\/\/ajedreztabiyaalcoy.es\/club\/wp-content\/uploads\/2014\/08\/5-Eliminatorias-3-50x40.jpg 50w\" sizes=\"auto, (max-width: 400px) 100vw, 400px\" \/><\/a><p id=\"caption-attachment-659\" class=\"wp-caption-text\">Eliminatorias<\/p><\/div>\n<div id=\"attachment_660\" style=\"width: 410px\" class=\"wp-caption aligncenter\"><a href=\"https:\/\/ajedreztabiyaalcoy.es\/club\/wp-content\/uploads\/2014\/08\/6-Eliminatorias-4.jpg\"><img loading=\"lazy\" decoding=\"async\" aria-describedby=\"caption-attachment-660\" class=\"wp-image-660\" src=\"https:\/\/ajedreztabiyaalcoy.es\/club\/wp-content\/uploads\/2014\/08\/6-Eliminatorias-4.jpg\" alt=\"\" width=\"400\" height=\"267\" srcset=\"https:\/\/ajedreztabiyaalcoy.es\/club\/wp-content\/uploads\/2014\/08\/6-Eliminatorias-4.jpg 1166w, https:\/\/ajedreztabiyaalcoy.es\/club\/wp-content\/uploads\/2014\/08\/6-Eliminatorias-4-300x200.jpg 300w, https:\/\/ajedreztabiyaalcoy.es\/club\/wp-content\/uploads\/2014\/08\/6-Eliminatorias-4-768x512.jpg 768w, https:\/\/ajedreztabiyaalcoy.es\/club\/wp-content\/uploads\/2014\/08\/6-Eliminatorias-4-1024x683.jpg 1024w, https:\/\/ajedreztabiyaalcoy.es\/club\/wp-content\/uploads\/2014\/08\/6-Eliminatorias-4-50x33.jpg 50w\" sizes=\"auto, (max-width: 400px) 100vw, 400px\" \/><\/a><p id=\"caption-attachment-660\" class=\"wp-caption-text\">Eliminatorias<\/p><\/div>\n<p style=\"text-align: justify;\">\u00a0\u00a0 Llegaron a la semifinal 3 buenos jugadores de Beniarr\u00e9s, Andreu Jord\u00e1, Rafa Llor\u00e9ns y Jaume Moncho; 1 de Valencia, Jorge Mir\u00f3; y 1 de La Canyada (Valencia), Hugo Reig de 7 a\u00f1os de edad que fue la sensaci\u00f3n del torneo al ganar a jugadores mucho m\u00e1s mayores y experimentados. La final que fue muy emocionante la jugaron Jaume Moncho y Rafa Llor\u00e9ns, ganando Jaume Moncho de Beniarr\u00e9s que se proclam\u00f3 Campe\u00f3n recibiendo un bonito trofeo. Subcampe\u00f3n qued\u00f3 Rafa Llor\u00e9ns de Beniarr\u00e9s, 3\u00ba Jorge Mir\u00f3 de Valencia, 4\u00ba Andreu Jord\u00e1 de Beniarr\u00e9s, y 5\u00ba Hugo Reig de La Canyada (Valencia).<\/p>\n<div id=\"attachment_661\" style=\"width: 410px\" class=\"wp-caption aligncenter\"><a href=\"https:\/\/ajedreztabiyaalcoy.es\/club\/wp-content\/uploads\/2014\/08\/7-Los-4-finalistas-del-torneo.jpg\"><img loading=\"lazy\" decoding=\"async\" aria-describedby=\"caption-attachment-661\" class=\"wp-image-661\" src=\"https:\/\/ajedreztabiyaalcoy.es\/club\/wp-content\/uploads\/2014\/08\/7-Los-4-finalistas-del-torneo.jpg\" alt=\"\" width=\"400\" height=\"278\" srcset=\"https:\/\/ajedreztabiyaalcoy.es\/club\/wp-content\/uploads\/2014\/08\/7-Los-4-finalistas-del-torneo.jpg 1119w, https:\/\/ajedreztabiyaalcoy.es\/club\/wp-content\/uploads\/2014\/08\/7-Los-4-finalistas-del-torneo-300x208.jpg 300w, https:\/\/ajedreztabiyaalcoy.es\/club\/wp-content\/uploads\/2014\/08\/7-Los-4-finalistas-del-torneo-768x533.jpg 768w, https:\/\/ajedreztabiyaalcoy.es\/club\/wp-content\/uploads\/2014\/08\/7-Los-4-finalistas-del-torneo-1024x711.jpg 1024w, https:\/\/ajedreztabiyaalcoy.es\/club\/wp-content\/uploads\/2014\/08\/7-Los-4-finalistas-del-torneo-50x35.jpg 50w\" sizes=\"auto, (max-width: 400px) 100vw, 400px\" \/><\/a><p id=\"caption-attachment-661\" class=\"wp-caption-text\">Los 4 finalistas del torneo<\/p><\/div>\n<div id=\"attachment_662\" style=\"width: 410px\" class=\"wp-caption aligncenter\"><a href=\"https:\/\/ajedreztabiyaalcoy.es\/club\/wp-content\/uploads\/2014\/08\/8-Final-del-torneo-en-primer-plano-Campe\u00f3n-Jaume-Moncho-izq-y-2\u00ba-Rafa-Llor\u00e9ns-dcha.jpg\"><img loading=\"lazy\" decoding=\"async\" aria-describedby=\"caption-attachment-662\" class=\"wp-image-662\" src=\"https:\/\/ajedreztabiyaalcoy.es\/club\/wp-content\/uploads\/2014\/08\/8-Final-del-torneo-en-primer-plano-Campe\u00f3n-Jaume-Moncho-izq-y-2\u00ba-Rafa-Llor\u00e9ns-dcha.jpg\" alt=\"\" width=\"400\" height=\"267\" srcset=\"https:\/\/ajedreztabiyaalcoy.es\/club\/wp-content\/uploads\/2014\/08\/8-Final-del-torneo-en-primer-plano-Campe\u00f3n-Jaume-Moncho-izq-y-2\u00ba-Rafa-Llor\u00e9ns-dcha.jpg 1166w, https:\/\/ajedreztabiyaalcoy.es\/club\/wp-content\/uploads\/2014\/08\/8-Final-del-torneo-en-primer-plano-Campe\u00f3n-Jaume-Moncho-izq-y-2\u00ba-Rafa-Llor\u00e9ns-dcha-300x200.jpg 300w, https:\/\/ajedreztabiyaalcoy.es\/club\/wp-content\/uploads\/2014\/08\/8-Final-del-torneo-en-primer-plano-Campe\u00f3n-Jaume-Moncho-izq-y-2\u00ba-Rafa-Llor\u00e9ns-dcha-1024x683.jpg 1024w\" sizes=\"auto, (max-width: 400px) 100vw, 400px\" \/><\/a><p id=\"caption-attachment-662\" class=\"wp-caption-text\">Final del torneo en primer plano Campe\u00f3n Jaume Moncho (izq) y 2\u00ba Rafa Llor\u00e9ns (dcha)<\/p><\/div>\n<div id=\"attachment_663\" style=\"width: 410px\" class=\"wp-caption aligncenter\"><a href=\"https:\/\/ajedreztabiyaalcoy.es\/club\/wp-content\/uploads\/2014\/08\/9-En-primer-plano-3\u00ba-Jorge-Mir\u00f3-izq-y-4\u00ba-Andreu-Jord\u00e1-dcha.jpg\"><img loading=\"lazy\" decoding=\"async\" aria-describedby=\"caption-attachment-663\" class=\"wp-image-663\" src=\"https:\/\/ajedreztabiyaalcoy.es\/club\/wp-content\/uploads\/2014\/08\/9-En-primer-plano-3\u00ba-Jorge-Mir\u00f3-izq-y-4\u00ba-Andreu-Jord\u00e1-dcha.jpg\" alt=\"\" width=\"400\" height=\"274\" srcset=\"https:\/\/ajedreztabiyaalcoy.es\/club\/wp-content\/uploads\/2014\/08\/9-En-primer-plano-3\u00ba-Jorge-Mir\u00f3-izq-y-4\u00ba-Andreu-Jord\u00e1-dcha.jpg 1136w, https:\/\/ajedreztabiyaalcoy.es\/club\/wp-content\/uploads\/2014\/08\/9-En-primer-plano-3\u00ba-Jorge-Mir\u00f3-izq-y-4\u00ba-Andreu-Jord\u00e1-dcha-300x205.jpg 300w, https:\/\/ajedreztabiyaalcoy.es\/club\/wp-content\/uploads\/2014\/08\/9-En-primer-plano-3\u00ba-Jorge-Mir\u00f3-izq-y-4\u00ba-Andreu-Jord\u00e1-dcha-1024x701.jpg 1024w\" sizes=\"auto, (max-width: 400px) 100vw, 400px\" \/><\/a><p id=\"caption-attachment-663\" class=\"wp-caption-text\">En primer plano 3\u00ba Jorge Mir\u00f3 (izq) y 4\u00ba Andreu Jord\u00e1 (dcha)<\/p><\/div>\n<p style=\"text-align: justify;\">\u00a0\u00a0 Estuvieron presentes en las diversas actividades y en el torneo de ajedrez el Alcalde de Beniarr\u00e9s D. Luis Tom\u00e1s, y el Concejal de Deportes D. Francisco Sell\u00e9s. Resaltar la excelente labor de promoci\u00f3n del ajedrez que ha realizado el Ayuntamiento de Beniarr\u00e9s con este torneo, donde todos los participantes disfrutaron de sus partidas en un buen ambiente.<\/p>\n<div id=\"attachment_664\" style=\"width: 410px\" class=\"wp-caption aligncenter\"><a href=\"https:\/\/ajedreztabiyaalcoy.es\/club\/wp-content\/uploads\/2014\/08\/10-El-Campe\u00f3n-Jaume-Moncho.jpg\"><img loading=\"lazy\" decoding=\"async\" aria-describedby=\"caption-attachment-664\" class=\"wp-image-664\" src=\"https:\/\/ajedreztabiyaalcoy.es\/club\/wp-content\/uploads\/2014\/08\/10-El-Campe\u00f3n-Jaume-Moncho.jpg\" alt=\"\" width=\"400\" height=\"289\" srcset=\"https:\/\/ajedreztabiyaalcoy.es\/club\/wp-content\/uploads\/2014\/08\/10-El-Campe\u00f3n-Jaume-Moncho.jpg 1077w, https:\/\/ajedreztabiyaalcoy.es\/club\/wp-content\/uploads\/2014\/08\/10-El-Campe\u00f3n-Jaume-Moncho-300x216.jpg 300w, https:\/\/ajedreztabiyaalcoy.es\/club\/wp-content\/uploads\/2014\/08\/10-El-Campe\u00f3n-Jaume-Moncho-1024x739.jpg 1024w\" sizes=\"auto, (max-width: 400px) 100vw, 400px\" \/><\/a><p id=\"caption-attachment-664\" class=\"wp-caption-text\">El Campe\u00f3n Jaume Moncho<\/p><\/div>\n<div id=\"attachment_665\" style=\"width: 410px\" class=\"wp-caption aligncenter\"><a href=\"https:\/\/ajedreztabiyaalcoy.es\/club\/wp-content\/uploads\/2014\/08\/11-El-Campe\u00f3n-Jaume-Moncho-dcha-y-el-2\u00ba-Rafa-Llor\u00e9ns-izq.jpg\"><img loading=\"lazy\" decoding=\"async\" aria-describedby=\"caption-attachment-665\" class=\"wp-image-665\" src=\"https:\/\/ajedreztabiyaalcoy.es\/club\/wp-content\/uploads\/2014\/08\/11-El-Campe\u00f3n-Jaume-Moncho-dcha-y-el-2\u00ba-Rafa-Llor\u00e9ns-izq.jpg\" alt=\"\" width=\"400\" height=\"292\" srcset=\"https:\/\/ajedreztabiyaalcoy.es\/club\/wp-content\/uploads\/2014\/08\/11-El-Campe\u00f3n-Jaume-Moncho-dcha-y-el-2\u00ba-Rafa-Llor\u00e9ns-izq.jpg 1067w, https:\/\/ajedreztabiyaalcoy.es\/club\/wp-content\/uploads\/2014\/08\/11-El-Campe\u00f3n-Jaume-Moncho-dcha-y-el-2\u00ba-Rafa-Llor\u00e9ns-izq-300x218.jpg 300w, https:\/\/ajedreztabiyaalcoy.es\/club\/wp-content\/uploads\/2014\/08\/11-El-Campe\u00f3n-Jaume-Moncho-dcha-y-el-2\u00ba-Rafa-Llor\u00e9ns-izq-1024x746.jpg 1024w\" sizes=\"auto, (max-width: 400px) 100vw, 400px\" \/><\/a><p id=\"caption-attachment-665\" class=\"wp-caption-text\">El Campe\u00f3n Jaume Moncho (dcha) y el 2\u00ba Rafa Llor\u00e9ns (izq)<\/p><\/div>\n<div id=\"attachment_666\" style=\"width: 410px\" class=\"wp-caption aligncenter\"><a href=\"https:\/\/ajedreztabiyaalcoy.es\/club\/wp-content\/uploads\/2014\/08\/12-Los-5-primeros-clasificados.jpg\"><img loading=\"lazy\" decoding=\"async\" aria-describedby=\"caption-attachment-666\" class=\"wp-image-666\" src=\"https:\/\/ajedreztabiyaalcoy.es\/club\/wp-content\/uploads\/2014\/08\/12-Los-5-primeros-clasificados.jpg\" alt=\"\" width=\"400\" height=\"321\" srcset=\"https:\/\/ajedreztabiyaalcoy.es\/club\/wp-content\/uploads\/2014\/08\/12-Los-5-primeros-clasificados.jpg 969w, https:\/\/ajedreztabiyaalcoy.es\/club\/wp-content\/uploads\/2014\/08\/12-Los-5-primeros-clasificados-300x241.jpg 300w, https:\/\/ajedreztabiyaalcoy.es\/club\/wp-content\/uploads\/2014\/08\/12-Los-5-primeros-clasificados-768x617.jpg 768w, https:\/\/ajedreztabiyaalcoy.es\/club\/wp-content\/uploads\/2014\/08\/12-Los-5-primeros-clasificados-50x40.jpg 50w\" sizes=\"auto, (max-width: 400px) 100vw, 400px\" \/><\/a><p id=\"caption-attachment-666\" class=\"wp-caption-text\">Los 5 primeros clasificados<\/p><\/div>\n","protected":false},"excerpt":{"rendered":"<p>Se ha celebrado en Agosto en Beniarr\u00e9s unas actividades deportivas y culturales, con motivo de su Semana Cultural. Dichas actividades han estado organizadas por el Ayuntamiento de Beniarr\u00e9s. En la actividad de Ajedrez se realiz\u00f3&#8230;<\/p>\n","protected":false},"author":2,"featured_media":0,"comment_status":"open","ping_status":"open","sticky":false,"template":"","format":"standard","meta":{"rop_custom_images_group":[],"rop_custom_messages_group":[],"rop_publish_now":"initial","rop_publish_now_accounts":[],"rop_publish_now_history":[],"rop_publish_now_status":"pending","footnotes":""},"categories":[4],"tags":[],"class_list":["post-651","post","type-post","status-publish","format-standard","hentry","category-torneos"],"wppr_data":[],"_links":{"self":[{"href":"https:\/\/ajedreztabiyaalcoy.es\/club\/wp-json\/wp\/v2\/posts\/651","targetHints":{"allow":["GET"]}}],"collection":[{"href":"https:\/\/ajedreztabiyaalcoy.es\/club\/wp-json\/wp\/v2\/posts"}],"about":[{"href":"https:\/\/ajedreztabiyaalcoy.es\/club\/wp-json\/wp\/v2\/types\/post"}],"author":[{"embeddable":true,"href":"https:\/\/ajedreztabiyaalcoy.es\/club\/wp-json\/wp\/v2\/users\/2"}],"replies":[{"embeddable":true,"href":"https:\/\/ajedreztabiyaalcoy.es\/club\/wp-json\/wp\/v2\/comments?post=651"}],"version-history":[{"count":3,"href":"https:\/\/ajedreztabiyaalcoy.es\/club\/wp-json\/wp\/v2\/posts\/651\/revisions"}],"predecessor-version":[{"id":667,"href":"https:\/\/ajedreztabiyaalcoy.es\/club\/wp-json\/wp\/v2\/posts\/651\/revisions\/667"}],"wp:attachment":[{"href":"https:\/\/ajedreztabiyaalcoy.es\/club\/wp-json\/wp\/v2\/media?parent=651"}],"wp:term":[{"taxonomy":"category","embeddable":true,"href":"https:\/\/ajedreztabiyaalcoy.es\/club\/wp-json\/wp\/v2\/categories?post=651"},{"taxonomy":"post_tag","embeddable":true,"href":"https:\/\/ajedreztabiyaalcoy.es\/club\/wp-json\/wp\/v2\/tags?post=651"}],"curies":[{"name":"wp","href":"https:\/\/api.w.org\/{rel}","templated":true}]}}